{"id":12189,"date":"2026-01-20T11:02:07","date_gmt":"2026-01-20T14:02:07","guid":{"rendered":"https:\/\/opinionpublica.com.ar\/index\/?p=12189"},"modified":"2026-01-20T11:02:07","modified_gmt":"2026-01-20T14:02:07","slug":"nuevo-proceso-productivo-para-modulos-electronicos-para-vehiculos","status":"publish","type":"post","link":"https:\/\/opinionpublica.com.ar\/index\/nuevo-proceso-productivo-para-modulos-electronicos-para-vehiculos\/","title":{"rendered":"Nuevo proceso productivo para m\u00f3dulos electr\u00f3nicos para veh\u00edculos"},"content":{"rendered":"<h3>Nuevo proceso productivo para m\u00f3dulos electr\u00f3nicos para veh\u00edculos<\/h3>\n<p><a href=\"https:\/\/opinionpublica.com.ar\/index\/wp-content\/uploads\/2026\/01\/20260119111418c9e94f71fd9c40c4c8f6f6c0bc93979f_min.jpg\"><img fetchpriority=\"high\" decoding=\"async\" class=\"alignnone size-full wp-image-12190\" src=\"https:\/\/opinionpublica.com.ar\/index\/wp-content\/uploads\/2026\/01\/20260119111418c9e94f71fd9c40c4c8f6f6c0bc93979f_min.jpg\" alt=\"\" width=\"500\" height=\"329\" srcset=\"https:\/\/opinionpublica.com.ar\/index\/wp-content\/uploads\/2026\/01\/20260119111418c9e94f71fd9c40c4c8f6f6c0bc93979f_min.jpg 500w, https:\/\/opinionpublica.com.ar\/index\/wp-content\/uploads\/2026\/01\/20260119111418c9e94f71fd9c40c4c8f6f6c0bc93979f_min-300x197.jpg 300w\" sizes=\"(max-width: 500px) 100vw, 500px\" \/><\/a><\/p>\n<p>La Resoluci\u00f3n dictada por la Secretar\u00eda de Industria y Comercio de Naci\u00f3n establece las operaciones m\u00ednimas obligatorias para la fabricaci\u00f3n de m\u00f3dulos electr\u00f3nicos automotrices bajo la Ley 19.640, reconoce la transformaci\u00f3n sustancial y fija un plazo de 180 d\u00edas para la adecuaci\u00f3n de las plantas industriales.<\/p>\n<p>En funci\u00f3n de la presentaci\u00f3n realizada por la Empresa FAMAR, el Gobierno nacional aprob\u00f3 ayer el nuevo Proceso Productivo B\u00e1sico (PPB) para la fabricaci\u00f3n de m\u00f3dulos electr\u00f3nicos destinados a veh\u00edculos en el \u00c1rea Aduanera Especial de Tierra del Fuego. La medida qued\u00f3 formalizada a trav\u00e9s de la Resoluci\u00f3n 17\/26 de la Secretar\u00eda de Industria y Comercio del Ministerio de Econom\u00eda.<\/p>\n<p>&nbsp;<\/p>\n<p>La norma define la secuencia m\u00ednima de operaciones que deben cumplir las empresas para acreditar el origen de estos productos.<\/p>\n<p>&nbsp;<\/p>\n<p>El nuevo esquema productivo, que fue respaldado por la Provincia, alcanza a tres tipos de configuraciones: m\u00f3dulos electr\u00f3nicos basados exclusivamente en PCBA, m\u00f3dulos con gabinete y m\u00f3dulos que incorporan un subconjunto actuador. Para cada caso, la resoluci\u00f3n detalla las etapas obligatorias y condicionales del proceso, que incluyen el ensamblado de componentes electr\u00f3nicos mediante tecnolog\u00edas SMT (Tecnolog\u00eda de Montaje Superficial) y THT (Tecnolog\u00eda de Orificio Pasante), los distintos tipos de soldadura, inspecciones \u00f3pticas, controles de calidad, ensayos funcionales y, cuando corresponda, operaciones de armado mec\u00e1nico, sellado y encapsulado.<\/p>\n<p><a href=\"https:\/\/opinionpublica.com.ar\/index\/wp-content\/uploads\/2024\/04\/industria-tdf.jpg\"><img decoding=\"async\" class=\"alignnone size-full wp-image-1963\" src=\"https:\/\/opinionpublica.com.ar\/index\/wp-content\/uploads\/2024\/04\/industria-tdf.jpg\" alt=\"\" width=\"1280\" height=\"720\" srcset=\"https:\/\/opinionpublica.com.ar\/index\/wp-content\/uploads\/2024\/04\/industria-tdf.jpg 1280w, https:\/\/opinionpublica.com.ar\/index\/wp-content\/uploads\/2024\/04\/industria-tdf-300x169.jpg 300w, https:\/\/opinionpublica.com.ar\/index\/wp-content\/uploads\/2024\/04\/industria-tdf-1024x576.jpg 1024w, https:\/\/opinionpublica.com.ar\/index\/wp-content\/uploads\/2024\/04\/industria-tdf-768x432.jpg 768w\" sizes=\"(max-width: 1280px) 100vw, 1280px\" \/><\/a><\/p>\n<p>Uno de los ejes centrales de la norma es la exigencia de que los insumos y componentes ingresen al \u00c1rea Aduanera Especial en formato CKD (completamente desarmados), salvo excepciones debidamente justificadas por razones t\u00e9cnicas y sujetas a evaluaci\u00f3n de las autoridades provinciales, nacionales y de la Comisi\u00f3n del \u00c1rea Aduanera Especial. Tambi\u00e9n se refuerzan los requisitos de calidad y trazabilidad, con la obligaci\u00f3n de contar con registros auditables que permitan identificar insumos, lotes, fechas de producci\u00f3n, instalaciones utilizadas y resultados de ensayos.<\/p>\n<p>&nbsp;<\/p>\n<p>La resoluci\u00f3n incorpora definiciones espec\u00edficas sobre componentes, gabinetes, accesorios originarios y subconjuntos actuadores, estos \u00faltimos con l\u00edmites precisos de valor y con la exigencia de que no tengan funcionamiento aut\u00f3nomo respecto del m\u00f3dulo electr\u00f3nico principal.<\/p>\n<p>&nbsp;<\/p>\n<p>Las empresas alcanzadas disponen de un plazo m\u00e1ximo de 180 d\u00edas corridos desde la entrada en vigencia de la medida para adecuar sus procesos productivos. Vencido ese plazo, deber\u00e1n tramitar un nuevo inicio de producci\u00f3n, incluso para aquellos productos que ya cuenten con acreditaci\u00f3n de origen vigente.<\/p>\n<p>&nbsp;<\/p>\n<p>Con esta decisi\u00f3n, se busca actualizar y estandarizar los procesos productivos del sector electr\u00f3nico automotriz en Tierra del Fuego, en un contexto de creciente incorporaci\u00f3n de electr\u00f3nica en los veh\u00edculos y de mayor control sobre el cumplimiento efectivo de las condiciones del r\u00e9gimen promocional.<\/p>\n<p>&nbsp;<\/p>\n","protected":false},"excerpt":{"rendered":"<p>Nuevo proceso productivo para m\u00f3dulos electr\u00f3nicos para veh\u00edculos La Resoluci\u00f3n dictada por la Secretar\u00eda de Industria y Comercio<\/p>\n","protected":false},"author":5,"featured_media":1963,"comment_status":"open","ping_status":"open","sticky":false,"template":"","format":"standard","meta":{"footnotes":""},"categories":[2],"tags":[603,4095,1992],"class_list":["post-12189","post","type-post","status-publish","format-standard","has-post-thumbnail","hentry","category-tierra-del-fuego","tag-industria-fueguina","tag-modulos-electronicos","tag-vehiculos"],"featured_image_urls":{"full":["https:\/\/opinionpublica.com.ar\/index\/wp-content\/uploads\/2024\/04\/industria-tdf.jpg",1280,720,false],"thumbnail":["https:\/\/opinionpublica.com.ar\/index\/wp-content\/uploads\/2024\/04\/industria-tdf-150x150.jpg",150,150,true],"medium":["https:\/\/opinionpublica.com.ar\/index\/wp-content\/uploads\/2024\/04\/industria-tdf-300x169.jpg",300,169,true],"medium_large":["https:\/\/opinionpublica.com.ar\/index\/wp-content\/uploads\/2024\/04\/industria-tdf-768x432.jpg",640,360,true],"large":["https:\/\/opinionpublica.com.ar\/index\/wp-content\/uploads\/2024\/04\/industria-tdf-1024x576.jpg",640,360,true],"1536x1536":["https:\/\/opinionpublica.com.ar\/index\/wp-content\/uploads\/2024\/04\/industria-tdf.jpg",1280,720,false],"2048x2048":["https:\/\/opinionpublica.com.ar\/index\/wp-content\/uploads\/2024\/04\/industria-tdf.jpg",1280,720,false],"morenews-large":["https:\/\/opinionpublica.com.ar\/index\/wp-content\/uploads\/2024\/04\/industria-tdf-825x575.jpg",825,575,true],"morenews-medium":["https:\/\/opinionpublica.com.ar\/index\/wp-content\/uploads\/2024\/04\/industria-tdf-590x410.jpg",590,410,true]},"author_info":{"display_name":"Hal","author_link":"https:\/\/opinionpublica.com.ar\/index\/author\/hal\/"},"category_info":"<a href=\"https:\/\/opinionpublica.com.ar\/index\/category\/tierra-del-fuego\/\" rel=\"category tag\">Tierra del Fuego<\/a>","tag_info":"Tierra del Fuego","comment_count":"0","_links":{"self":[{"href":"https:\/\/opinionpublica.com.ar\/index\/wp-json\/wp\/v2\/posts\/12189","targetHints":{"allow":["GET"]}}],"collection":[{"href":"https:\/\/opinionpublica.com.ar\/index\/wp-json\/wp\/v2\/posts"}],"about":[{"href":"https:\/\/opinionpublica.com.ar\/index\/wp-json\/wp\/v2\/types\/post"}],"author":[{"embeddable":true,"href":"https:\/\/opinionpublica.com.ar\/index\/wp-json\/wp\/v2\/users\/5"}],"replies":[{"embeddable":true,"href":"https:\/\/opinionpublica.com.ar\/index\/wp-json\/wp\/v2\/comments?post=12189"}],"version-history":[{"count":1,"href":"https:\/\/opinionpublica.com.ar\/index\/wp-json\/wp\/v2\/posts\/12189\/revisions"}],"predecessor-version":[{"id":12191,"href":"https:\/\/opinionpublica.com.ar\/index\/wp-json\/wp\/v2\/posts\/12189\/revisions\/12191"}],"wp:featuredmedia":[{"embeddable":true,"href":"https:\/\/opinionpublica.com.ar\/index\/wp-json\/wp\/v2\/media\/1963"}],"wp:attachment":[{"href":"https:\/\/opinionpublica.com.ar\/index\/wp-json\/wp\/v2\/media?parent=12189"}],"wp:term":[{"taxonomy":"category","embeddable":true,"href":"https:\/\/opinionpublica.com.ar\/index\/wp-json\/wp\/v2\/categories?post=12189"},{"taxonomy":"post_tag","embeddable":true,"href":"https:\/\/opinionpublica.com.ar\/index\/wp-json\/wp\/v2\/tags?post=12189"}],"curies":[{"name":"wp","href":"https:\/\/api.w.org\/{rel}","templated":true}]}}