{"id":1219,"date":"2024-03-28T08:07:15","date_gmt":"2024-03-28T11:07:15","guid":{"rendered":"https:\/\/opinionpublica.com.ar\/index\/?p=1219"},"modified":"2024-03-28T08:07:17","modified_gmt":"2024-03-28T11:07:17","slug":"primicia-te-mostramos-el-listado-con-que-la-municipalidad-de-ushuaia-persigue-a-los-uber","status":"publish","type":"post","link":"https:\/\/opinionpublica.com.ar\/index\/primicia-te-mostramos-el-listado-con-que-la-municipalidad-de-ushuaia-persigue-a-los-uber\/","title":{"rendered":"Primicia: Te mostramos el listado con que la Municipalidad de Ushuaia persigue a los UBER"},"content":{"rendered":"\n<figure class=\"wp-block-gallery has-nested-images columns-default is-cropped wp-block-gallery-1 is-layout-flex wp-block-gallery-is-layout-flex\">\n<figure class=\"wp-block-image\"><img fetchpriority=\"high\" decoding=\"async\" width=\"1024\" height=\"631\" data-id=\"1212\" src=\"https:\/\/opinionpublica.com.ar\/index\/wp-content\/uploads\/2024\/03\/img_6705-1-1024x631.jpg\" alt=\"\" class=\"wp-image-1212\" srcset=\"https:\/\/opinionpublica.com.ar\/index\/wp-content\/uploads\/2024\/03\/img_6705-1-1024x631.jpg 1024w, https:\/\/opinionpublica.com.ar\/index\/wp-content\/uploads\/2024\/03\/img_6705-1-300x185.jpg 300w, https:\/\/opinionpublica.com.ar\/index\/wp-content\/uploads\/2024\/03\/img_6705-1-768x473.jpg 768w, https:\/\/opinionpublica.com.ar\/index\/wp-content\/uploads\/2024\/03\/img_6705-1.jpg 1044w\" sizes=\"(max-width: 1024px) 100vw, 1024px\" \/><\/figure>\n<\/figure>\n\n\n\n<p>Opini\u00f3n P\u00fablica accedi\u00f3 al listado que los agentes de tr\u00e1nsito municipales utilizan para cazar a los automovilistas que en alg\u00fan momento trabajaron como conductor de UBER, un procedimiento completamente ilegal que refleja persecuci\u00f3n y presume delito que por el cual el intendente de la ciudad ser\u00e1 llevado a la justicia por los vecinos que figuran en dicho listado. En esta  maniobra ilegal de caracter\u00edsticas que poco se aferran a la constituci\u00f3n nacional, la municipalidad de Ushuaia por orden de su m\u00e1xima autoridad el Intendente Walter Vuoto intenta tapar una realidad con estas acciones que muestran cada vez m\u00e1s desesperaci\u00f3n debido al poco acompa\u00f1amiento de la sociedad en esta pelea contra UBER que decidi\u00f3 dar debido a su cercan\u00eda familiar con los taxistas. Cabe se\u00f1alar que en el listado tambi\u00e9n se pueden encontrar taxistas que trabajan de UBER lo que muestra ya una fractura dentro de sus pr\u00f3ximas filas.<\/p>\n\n\n\n<figure class=\"wp-block-image size-large\"><img decoding=\"async\" width=\"603\" height=\"1024\" src=\"https:\/\/opinionpublica.com.ar\/index\/wp-content\/uploads\/2024\/03\/img_6699-1-603x1024.jpg\" class=\"wp-image-1215\" srcset=\"https:\/\/opinionpublica.com.ar\/index\/wp-content\/uploads\/2024\/03\/img_6699-1-603x1024.jpg 603w, https:\/\/opinionpublica.com.ar\/index\/wp-content\/uploads\/2024\/03\/img_6699-1-177x300.jpg 177w, https:\/\/opinionpublica.com.ar\/index\/wp-content\/uploads\/2024\/03\/img_6699-1-768x1304.jpg 768w, https:\/\/opinionpublica.com.ar\/index\/wp-content\/uploads\/2024\/03\/img_6699-1-905x1536.jpg 905w, https:\/\/opinionpublica.com.ar\/index\/wp-content\/uploads\/2024\/03\/img_6699-1-1024x1739.jpg 1024w, https:\/\/opinionpublica.com.ar\/index\/wp-content\/uploads\/2024\/03\/img_6699-1.jpg 1155w\" sizes=\"(max-width: 603px) 100vw, 603px\" \/><\/figure>\n\n\n\n<figure class=\"wp-block-image size-large\"><img decoding=\"async\" width=\"567\" height=\"1024\" src=\"https:\/\/opinionpublica.com.ar\/index\/wp-content\/uploads\/2024\/03\/img_6700-1-567x1024.jpg\" class=\"wp-image-1218\" srcset=\"https:\/\/opinionpublica.com.ar\/index\/wp-content\/uploads\/2024\/03\/img_6700-1-567x1024.jpg 567w, https:\/\/opinionpublica.com.ar\/index\/wp-content\/uploads\/2024\/03\/img_6700-1-166x300.jpg 166w, https:\/\/opinionpublica.com.ar\/index\/wp-content\/uploads\/2024\/03\/img_6700-1-768x1386.jpg 768w, https:\/\/opinionpublica.com.ar\/index\/wp-content\/uploads\/2024\/03\/img_6700-1-851x1536.jpg 851w, https:\/\/opinionpublica.com.ar\/index\/wp-content\/uploads\/2024\/03\/img_6700-1-1024x1848.jpg 1024w, https:\/\/opinionpublica.com.ar\/index\/wp-content\/uploads\/2024\/03\/img_6700-1.jpg 1079w\" sizes=\"(max-width: 567px) 100vw, 567px\" \/><\/figure>\n\n\n\n<figure class=\"wp-block-image size-large\"><img loading=\"lazy\" decoding=\"async\" width=\"599\" height=\"1024\" src=\"https:\/\/opinionpublica.com.ar\/index\/wp-content\/uploads\/2024\/03\/img_6701-1-599x1024.jpg\" class=\"wp-image-1214\" srcset=\"https:\/\/opinionpublica.com.ar\/index\/wp-content\/uploads\/2024\/03\/img_6701-1-599x1024.jpg 599w, https:\/\/opinionpublica.com.ar\/index\/wp-content\/uploads\/2024\/03\/img_6701-1-175x300.jpg 175w, https:\/\/opinionpublica.com.ar\/index\/wp-content\/uploads\/2024\/03\/img_6701-1-768x1313.jpg 768w, https:\/\/opinionpublica.com.ar\/index\/wp-content\/uploads\/2024\/03\/img_6701-1-898x1536.jpg 898w, https:\/\/opinionpublica.com.ar\/index\/wp-content\/uploads\/2024\/03\/img_6701-1-1024x1751.jpg 1024w, https:\/\/opinionpublica.com.ar\/index\/wp-content\/uploads\/2024\/03\/img_6701-1.jpg 1124w\" sizes=\"(max-width: 599px) 100vw, 599px\" \/><\/figure>\n\n\n\n<figure class=\"wp-block-image size-large\"><img loading=\"lazy\" decoding=\"async\" width=\"604\" height=\"1024\" src=\"https:\/\/opinionpublica.com.ar\/index\/wp-content\/uploads\/2024\/03\/img_6702-1-604x1024.jpg\" class=\"wp-image-1217\" srcset=\"https:\/\/opinionpublica.com.ar\/index\/wp-content\/uploads\/2024\/03\/img_6702-1-604x1024.jpg 604w, https:\/\/opinionpublica.com.ar\/index\/wp-content\/uploads\/2024\/03\/img_6702-1-177x300.jpg 177w, https:\/\/opinionpublica.com.ar\/index\/wp-content\/uploads\/2024\/03\/img_6702-1-768x1301.jpg 768w, https:\/\/opinionpublica.com.ar\/index\/wp-content\/uploads\/2024\/03\/img_6702-1-907x1536.jpg 907w, https:\/\/opinionpublica.com.ar\/index\/wp-content\/uploads\/2024\/03\/img_6702-1-1024x1735.jpg 1024w, https:\/\/opinionpublica.com.ar\/index\/wp-content\/uploads\/2024\/03\/img_6702-1.jpg 1131w\" sizes=\"(max-width: 604px) 100vw, 604px\" \/><\/figure>\n\n\n\n<figure class=\"wp-block-image size-large\"><img loading=\"lazy\" decoding=\"async\" width=\"567\" height=\"1024\" src=\"https:\/\/opinionpublica.com.ar\/index\/wp-content\/uploads\/2024\/03\/img_6703-1-567x1024.jpg\" class=\"wp-image-1216\" srcset=\"https:\/\/opinionpublica.com.ar\/index\/wp-content\/uploads\/2024\/03\/img_6703-1-567x1024.jpg 567w, https:\/\/opinionpublica.com.ar\/index\/wp-content\/uploads\/2024\/03\/img_6703-1-166x300.jpg 166w, https:\/\/opinionpublica.com.ar\/index\/wp-content\/uploads\/2024\/03\/img_6703-1-768x1386.jpg 768w, https:\/\/opinionpublica.com.ar\/index\/wp-content\/uploads\/2024\/03\/img_6703-1-851x1536.jpg 851w, https:\/\/opinionpublica.com.ar\/index\/wp-content\/uploads\/2024\/03\/img_6703-1-1024x1848.jpg 1024w, https:\/\/opinionpublica.com.ar\/index\/wp-content\/uploads\/2024\/03\/img_6703-1.jpg 1085w\" sizes=\"(max-width: 567px) 100vw, 567px\" \/><\/figure>\n\n\n\n<figure class=\"wp-block-image size-large\"><img loading=\"lazy\" decoding=\"async\" width=\"732\" height=\"1024\" src=\"https:\/\/opinionpublica.com.ar\/index\/wp-content\/uploads\/2024\/03\/img_6704-1-732x1024.jpg\" class=\"wp-image-1213\" srcset=\"https:\/\/opinionpublica.com.ar\/index\/wp-content\/uploads\/2024\/03\/img_6704-1-732x1024.jpg 732w, https:\/\/opinionpublica.com.ar\/index\/wp-content\/uploads\/2024\/03\/img_6704-1-214x300.jpg 214w, https:\/\/opinionpublica.com.ar\/index\/wp-content\/uploads\/2024\/03\/img_6704-1-768x1075.jpg 768w, https:\/\/opinionpublica.com.ar\/index\/wp-content\/uploads\/2024\/03\/img_6704-1.jpg 916w\" sizes=\"(max-width: 732px) 100vw, 732px\" \/><\/figure>\n","protected":false},"excerpt":{"rendered":"<p>Opini\u00f3n P\u00fablica accedi\u00f3 al listado que los agentes de tr\u00e1nsito municipales utilizan para cazar a los automovilistas que<\/p>\n","protected":false},"author":2,"featured_media":0,"comment_status":"open","ping_status":"open","sticky":false,"template":"","format":"standard","meta":{"footnotes":""},"categories":[29,27,2,23,21],"tags":[],"class_list":["post-1219","post","type-post","status-publish","format-standard","hentry","category-interes-general","category-politica","category-tierra-del-fuego","category-turismo","category-ushuaia"],"featured_image_urls":{"full":"","thumbnail":"","medium":"","medium_large":"","large":"","1536x1536":"","2048x2048":"","morenews-large":"","morenews-medium":""},"author_info":{"display_name":"l0013136","author_link":"https:\/\/opinionpublica.com.ar\/index\/author\/l0013136\/"},"category_info":"<a href=\"https:\/\/opinionpublica.com.ar\/index\/category\/interes-general\/\" rel=\"category tag\">Interes General<\/a> <a href=\"https:\/\/opinionpublica.com.ar\/index\/category\/politica\/\" rel=\"category tag\">Politica<\/a> <a href=\"https:\/\/opinionpublica.com.ar\/index\/category\/tierra-del-fuego\/\" rel=\"category tag\">Tierra del Fuego<\/a> <a href=\"https:\/\/opinionpublica.com.ar\/index\/category\/turismo\/\" rel=\"category tag\">Turismo<\/a> <a href=\"https:\/\/opinionpublica.com.ar\/index\/category\/ushuaia\/\" rel=\"category tag\">Ushuaia<\/a>","tag_info":"Ushuaia","comment_count":"0","_links":{"self":[{"href":"https:\/\/opinionpublica.com.ar\/index\/wp-json\/wp\/v2\/posts\/1219","targetHints":{"allow":["GET"]}}],"collection":[{"href":"https:\/\/opinionpublica.com.ar\/index\/wp-json\/wp\/v2\/posts"}],"about":[{"href":"https:\/\/opinionpublica.com.ar\/index\/wp-json\/wp\/v2\/types\/post"}],"author":[{"embeddable":true,"href":"https:\/\/opinionpublica.com.ar\/index\/wp-json\/wp\/v2\/users\/2"}],"replies":[{"embeddable":true,"href":"https:\/\/opinionpublica.com.ar\/index\/wp-json\/wp\/v2\/comments?post=1219"}],"version-history":[{"count":1,"href":"https:\/\/opinionpublica.com.ar\/index\/wp-json\/wp\/v2\/posts\/1219\/revisions"}],"predecessor-version":[{"id":1220,"href":"https:\/\/opinionpublica.com.ar\/index\/wp-json\/wp\/v2\/posts\/1219\/revisions\/1220"}],"wp:attachment":[{"href":"https:\/\/opinionpublica.com.ar\/index\/wp-json\/wp\/v2\/media?parent=1219"}],"wp:term":[{"taxonomy":"category","embeddable":true,"href":"https:\/\/opinionpublica.com.ar\/index\/wp-json\/wp\/v2\/categories?post=1219"},{"taxonomy":"post_tag","embeddable":true,"href":"https:\/\/opinionpublica.com.ar\/index\/wp-json\/wp\/v2\/tags?post=1219"}],"curies":[{"name":"wp","href":"https:\/\/api.w.org\/{rel}","templated":true}]}}