{"id":12195,"date":"2026-01-20T11:20:06","date_gmt":"2026-01-20T14:20:06","guid":{"rendered":"https:\/\/opinionpublica.com.ar\/index\/?p=12195"},"modified":"2026-01-20T11:20:06","modified_gmt":"2026-01-20T14:20:06","slug":"chile-destina-us42-millones-a-un-centro-antartico-en-punta-arenas","status":"publish","type":"post","link":"https:\/\/opinionpublica.com.ar\/index\/chile-destina-us42-millones-a-un-centro-antartico-en-punta-arenas\/","title":{"rendered":"Chile destina US$42 millones a un centro ant\u00e1rtico en Punta Arenas"},"content":{"rendered":"<h3>Chile destina US$42 millones a un centro ant\u00e1rtico en Punta Arenas<\/h3>\n<p>Una inversi\u00f3n de 42 millones de d\u00f3lares permitir\u00e1 construir en Punta Arenas el Centro Ant\u00e1rtico Internacional, una infraestructura destinada a investigaci\u00f3n cient\u00edfica, apoyo log\u00edstico y divulgaci\u00f3n vinculada al continente blanco.<\/p>\n<p><a href=\"https:\/\/opinionpublica.com.ar\/index\/wp-content\/uploads\/2026\/01\/20260119114245de82878c37190dc21ab9835caf809d26_min.jpg\"><img fetchpriority=\"high\" decoding=\"async\" class=\"alignnone size-full wp-image-12196\" src=\"https:\/\/opinionpublica.com.ar\/index\/wp-content\/uploads\/2026\/01\/20260119114245de82878c37190dc21ab9835caf809d26_min.jpg\" alt=\"\" width=\"500\" height=\"390\" srcset=\"https:\/\/opinionpublica.com.ar\/index\/wp-content\/uploads\/2026\/01\/20260119114245de82878c37190dc21ab9835caf809d26_min.jpg 500w, https:\/\/opinionpublica.com.ar\/index\/wp-content\/uploads\/2026\/01\/20260119114245de82878c37190dc21ab9835caf809d26_min-300x234.jpg 300w\" sizes=\"(max-width: 500px) 100vw, 500px\" \/><\/a><\/p>\n<p>Con la presentaci\u00f3n de una consulta de pertinencia ambiental, el Gobierno Regional de Magallanes dio inicio formal al proceso para avanzar en la construcci\u00f3n del Centro Ant\u00e1rtico Internacional (CAI), un proyecto de gran escala que busca consolidar a Punta Arenas como un polo estrat\u00e9gico para la actividad cient\u00edfica y log\u00edstica ant\u00e1rtica.<\/p>\n<p>&nbsp;<\/p>\n<p>La iniciativa contempla una inversi\u00f3n total de US$42 millones y forma parte de los Planes Especiales de Desarrollo de Zonas Extremas, orientados a fortalecer infraestructura clave en regiones australes. El complejo ser\u00e1 emplazado en Punta Arenas y contar\u00e1 con una superficie total de 27.588,4 metros cuadrados, considerando \u00e1reas edificadas y de urbanizaci\u00f3n, con una vida \u00fatil estimada de 30 a\u00f1os.<\/p>\n<p>&nbsp;<\/p>\n<p>El dise\u00f1o del Centro Ant\u00e1rtico Internacional prev\u00e9 tres \u00e1reas principales. El sector cient\u00edfico incluir\u00e1 laboratorios destinados a la investigaci\u00f3n polar en distintas disciplinas, mientras que el \u00e1rea log\u00edstica estar\u00e1 orientada al apoyo de operaciones y expediciones hacia la Ant\u00e1rtida, con espacios para almacenamiento, preparaci\u00f3n y despacho de materiales. A su vez, el componente interactivo estar\u00e1 abierto al p\u00fablico y tendr\u00e1 un fuerte perfil educativo y de divulgaci\u00f3n.<\/p>\n<p>&nbsp;<\/p>\n<p>Seg\u00fan lo informado, el cronograma preliminar establece que el proceso de licitaci\u00f3n podr\u00eda comenzar en marzo de 2026, con recepci\u00f3n de ofertas t\u00e9cnicas y econ\u00f3micas hasta mayo. De cumplirse esos plazos, el inicio de las obras est\u00e1 previsto para agosto de este a\u00f1o, con una finalizaci\u00f3n estimada en julio de 2028.<\/p>\n<p>&nbsp;<\/p>\n<p>El proyecto es impulsado en articulaci\u00f3n con la Universidad de Magallanes y el Instituto Ant\u00e1rtico Chileno (INACH), organismos que desde hace a\u00f1os promueven el fortalecimiento de la infraestructura cient\u00edfica vinculada a la Ant\u00e1rtida. En ese marco, el centro busca posicionarse como un espacio de referencia para investigadores nacionales e internacionales que desarrollan actividades en el continente blanco.<\/p>\n<p>&nbsp;<\/p>\n<p>Adem\u00e1s de los laboratorios, el \u00e1rea interactiva incluir\u00e1 salas de exhibici\u00f3n permanentes y temporales, auditorios, biblioteca y espacios educativos, as\u00ed como acuarios con especies de ambientes ant\u00e1rticos y subant\u00e1rticos. El objetivo es acercar el conocimiento cient\u00edfico a la comunidad y reforzar el v\u00ednculo entre la ciudad y la actividad polar.<\/p>\n<p>&nbsp;<\/p>\n<p>Las autoridades regionales se\u00f1alaron que el Centro Ant\u00e1rtico Internacional tambi\u00e9n apunta a potenciar el turismo cient\u00edfico y de intereses especiales, un segmento que ya tiene peso en la econom\u00eda local. Punta Arenas recibe anualmente una importante cantidad de visitantes atra\u00eddos por su rol como puerta de entrada a la Ant\u00e1rtida y por su ubicaci\u00f3n estrat\u00e9gica en el extremo sur del continente.<\/p>\n<p>&nbsp;<\/p>\n<p>Con este proyecto, la regi\u00f3n de Magallanes busca consolidar su proyecci\u00f3n internacional en materia de ciencia, log\u00edstica y divulgaci\u00f3n ant\u00e1rtica, reforzando su posicionamiento en un escenario global donde la investigaci\u00f3n polar adquiere creciente relevancia.<\/p>\n<p>&nbsp;<\/p>\n","protected":false},"excerpt":{"rendered":"<p>Chile destina US$42 millones a un centro ant\u00e1rtico en Punta Arenas Una inversi\u00f3n de 42 millones de d\u00f3lares<\/p>\n","protected":false},"author":5,"featured_media":12196,"comment_status":"open","ping_status":"open","sticky":false,"template":"","format":"standard","meta":{"footnotes":""},"categories":[29],"tags":[3917,4096],"class_list":["post-12195","post","type-post","status-publish","format-standard","has-post-thumbnail","hentry","category-interes-general","tag-centro-antartico-internacional","tag-ciencia-chilena"],"featured_image_urls":{"full":["https:\/\/opinionpublica.com.ar\/index\/wp-content\/uploads\/2026\/01\/20260119114245de82878c37190dc21ab9835caf809d26_min.jpg",500,390,false],"thumbnail":["https:\/\/opinionpublica.com.ar\/index\/wp-content\/uploads\/2026\/01\/20260119114245de82878c37190dc21ab9835caf809d26_min-150x150.jpg",150,150,true],"medium":["https:\/\/opinionpublica.com.ar\/index\/wp-content\/uploads\/2026\/01\/20260119114245de82878c37190dc21ab9835caf809d26_min-300x234.jpg",300,234,true],"medium_large":["https:\/\/opinionpublica.com.ar\/index\/wp-content\/uploads\/2026\/01\/20260119114245de82878c37190dc21ab9835caf809d26_min.jpg",500,390,false],"large":["https:\/\/opinionpublica.com.ar\/index\/wp-content\/uploads\/2026\/01\/20260119114245de82878c37190dc21ab9835caf809d26_min.jpg",500,390,false],"1536x1536":["https:\/\/opinionpublica.com.ar\/index\/wp-content\/uploads\/2026\/01\/20260119114245de82878c37190dc21ab9835caf809d26_min.jpg",500,390,false],"2048x2048":["https:\/\/opinionpublica.com.ar\/index\/wp-content\/uploads\/2026\/01\/20260119114245de82878c37190dc21ab9835caf809d26_min.jpg",500,390,false],"morenews-large":["https:\/\/opinionpublica.com.ar\/index\/wp-content\/uploads\/2026\/01\/20260119114245de82878c37190dc21ab9835caf809d26_min.jpg",500,390,false],"morenews-medium":["https:\/\/opinionpublica.com.ar\/index\/wp-content\/uploads\/2026\/01\/20260119114245de82878c37190dc21ab9835caf809d26_min.jpg",500,390,false]},"author_info":{"display_name":"Hal","author_link":"https:\/\/opinionpublica.com.ar\/index\/author\/hal\/"},"category_info":"<a href=\"https:\/\/opinionpublica.com.ar\/index\/category\/interes-general\/\" rel=\"category tag\">Interes General<\/a>","tag_info":"Interes General","comment_count":"0","_links":{"self":[{"href":"https:\/\/opinionpublica.com.ar\/index\/wp-json\/wp\/v2\/posts\/12195","targetHints":{"allow":["GET"]}}],"collection":[{"href":"https:\/\/opinionpublica.com.ar\/index\/wp-json\/wp\/v2\/posts"}],"about":[{"href":"https:\/\/opinionpublica.com.ar\/index\/wp-json\/wp\/v2\/types\/post"}],"author":[{"embeddable":true,"href":"https:\/\/opinionpublica.com.ar\/index\/wp-json\/wp\/v2\/users\/5"}],"replies":[{"embeddable":true,"href":"https:\/\/opinionpublica.com.ar\/index\/wp-json\/wp\/v2\/comments?post=12195"}],"version-history":[{"count":1,"href":"https:\/\/opinionpublica.com.ar\/index\/wp-json\/wp\/v2\/posts\/12195\/revisions"}],"predecessor-version":[{"id":12197,"href":"https:\/\/opinionpublica.com.ar\/index\/wp-json\/wp\/v2\/posts\/12195\/revisions\/12197"}],"wp:featuredmedia":[{"embeddable":true,"href":"https:\/\/opinionpublica.com.ar\/index\/wp-json\/wp\/v2\/media\/12196"}],"wp:attachment":[{"href":"https:\/\/opinionpublica.com.ar\/index\/wp-json\/wp\/v2\/media?parent=12195"}],"wp:term":[{"taxonomy":"category","embeddable":true,"href":"https:\/\/opinionpublica.com.ar\/index\/wp-json\/wp\/v2\/categories?post=12195"},{"taxonomy":"post_tag","embeddable":true,"href":"https:\/\/opinionpublica.com.ar\/index\/wp-json\/wp\/v2\/tags?post=12195"}],"curies":[{"name":"wp","href":"https:\/\/api.w.org\/{rel}","templated":true}]}}