{"id":12200,"date":"2026-01-20T16:47:56","date_gmt":"2026-01-20T19:47:56","guid":{"rendered":"https:\/\/opinionpublica.com.ar\/index\/?p=12200"},"modified":"2026-01-20T16:47:56","modified_gmt":"2026-01-20T19:47:56","slug":"tierra-del-fuego-en-vilo-se-confirma-intervencion-del-puerto-de-ushuaia","status":"publish","type":"post","link":"https:\/\/opinionpublica.com.ar\/index\/tierra-del-fuego-en-vilo-se-confirma-intervencion-del-puerto-de-ushuaia\/","title":{"rendered":"Tierra del Fuego en vilo: Se confirma intervenci\u00f3n del Puerto de Ushuaia"},"content":{"rendered":"<h3>Tierra del Fuego en vilo: Se confirma intervenci\u00f3n del Puerto de Ushuaia y una delegaci\u00f3n arribar\u00e1 esta noche<\/h3>\n<p><a href=\"https:\/\/opinionpublica.com.ar\/index\/wp-content\/uploads\/2026\/01\/IMG-20260120-WA0023.jpg\"><img fetchpriority=\"high\" decoding=\"async\" class=\"alignnone size-full wp-image-12201\" src=\"https:\/\/opinionpublica.com.ar\/index\/wp-content\/uploads\/2026\/01\/IMG-20260120-WA0023.jpg\" alt=\"\" width=\"1125\" height=\"849\" srcset=\"https:\/\/opinionpublica.com.ar\/index\/wp-content\/uploads\/2026\/01\/IMG-20260120-WA0023.jpg 1125w, https:\/\/opinionpublica.com.ar\/index\/wp-content\/uploads\/2026\/01\/IMG-20260120-WA0023-300x226.jpg 300w, https:\/\/opinionpublica.com.ar\/index\/wp-content\/uploads\/2026\/01\/IMG-20260120-WA0023-1024x773.jpg 1024w, https:\/\/opinionpublica.com.ar\/index\/wp-content\/uploads\/2026\/01\/IMG-20260120-WA0023-768x580.jpg 768w\" sizes=\"(max-width: 1125px) 100vw, 1125px\" \/><\/a><\/p>\n<p>En un hecho sin precedentes para la provincia, Se dispuso la intervenci\u00f3n administrativa del Puerto de Ushuaia, la terminal mar\u00edtima m\u00e1s austral del pa\u00eds y un eje estrat\u00e9gico para el turismo, la log\u00edstica ant\u00e1rtica y la actividad comercial. La decisi\u00f3n oficializada a fines de diciembre pasado por la Agencia Nacional de Puertos y Navegaci\u00f3n (ANPYN) responde a una serie de irregularidades detectadas en el uso de los fondos generados por el puerto y la falta de inversiones clave para su seguridad y operatividad.<\/p>\n<p>&nbsp;<\/p>\n<p style=\"text-align: left;\">Seg\u00fan fuentes oficiales, la intervenci\u00f3n tendr\u00e1 una duraci\u00f3n inicial de doce meses pero podr\u00eda llegar a ser menos si se cumple el objetivo de regularizar el funcionamiento de la terminal, corregir deficiencias de infraestructura y garantizar la seguridad operativa sin alterar las relaciones laborales del personal portuario.<\/p>\n<h4>Una delegaci\u00f3n nacional llega hoy a Ushuaia<\/h4>\n<p>Fuentes cercanas al operativo confirmaron que esta noche arribar\u00e1 a Ushuaia una delegaci\u00f3n de la ANPYN y de organismos vinculados a la supervisi\u00f3n portuaria, con el mandato formal de tomar posesi\u00f3n en los pr\u00f3ximos d\u00edas y poner en funciones al interventor designado para conducir la nueva etapa del puerto. Entre las figuras que suenan con mayor fuerza para asumir ese rol se encuentra Juan Avellaneda, dirigente del sector portuario y representante del organismo a nivel provincial. La confirmaci\u00f3n oficial de su nombramiento se espera en las pr\u00f3ximas horas.<\/p>\n<h4>El trasfondo de la crisis: desv\u00edo de fondos y deuda de OSEF<\/h4>\n<p>El origen de la crisis se remonta a 2025, cuando la Legislatura provincial sancion\u00f3 la Ley N.\u00ba 1.596, que habilit\u00f3 el uso del super\u00e1vit financiero de la Direcci\u00f3n Provincial de Puertos (DPP) para financiar parte de la multimillonaria deuda de la Obra Social del Estado Fueguino (OSEF), la cual supera ampliamente los 22.000 millones de pesos.<\/p>\n<p>&nbsp;<\/p>\n<p>Esta decisi\u00f3n gener\u00f3 fuertes cr\u00edticas de trabajadores del sector portuario y alertas del Gobierno nacional, que se\u00f1alaron que los fondos portuarios deben destinarse exclusivamente a gastos operativos, inversiones y modernizaci\u00f3n de la infraestructura portuaria, tal como lo establece el convenio de transferencia celebrado entre la Naci\u00f3n y la provincia en 1992.<\/p>\n<p><a href=\"https:\/\/opinionpublica.com.ar\/index\/wp-content\/uploads\/2025\/01\/cruceros1-ushuaia.jpg\"><img decoding=\"async\" class=\"alignnone size-full wp-image-8358\" src=\"https:\/\/opinionpublica.com.ar\/index\/wp-content\/uploads\/2025\/01\/cruceros1-ushuaia.jpg\" alt=\"\" width=\"1366\" height=\"910\" srcset=\"https:\/\/opinionpublica.com.ar\/index\/wp-content\/uploads\/2025\/01\/cruceros1-ushuaia.jpg 1366w, https:\/\/opinionpublica.com.ar\/index\/wp-content\/uploads\/2025\/01\/cruceros1-ushuaia-300x200.jpg 300w, https:\/\/opinionpublica.com.ar\/index\/wp-content\/uploads\/2025\/01\/cruceros1-ushuaia-1024x682.jpg 1024w, https:\/\/opinionpublica.com.ar\/index\/wp-content\/uploads\/2025\/01\/cruceros1-ushuaia-768x512.jpg 768w\" sizes=\"(max-width: 1366px) 100vw, 1366px\" \/><\/a><\/p>\n<p>La Agencia Nacional de Puertos y Navegaci\u00f3n concluy\u00f3 que el uso de esos recursos para fines ajenos a la actividad portuaria, junto con d\u00e9cadas de inversiones postergadas, pone en riesgo la seguridad y la continuidad operativa de una terminal cr\u00edtica para la econom\u00eda regional y nacional.<\/p>\n<p>&nbsp;<\/p>\n<h4>Cr\u00edtica y apoyo: posiciones encontradas<\/h4>\n<p>Si bien desde Buenos Aires se argumenta que la intervenci\u00f3n busca proteger la operatividad de uno de los puertos m\u00e1s importantes del pa\u00eds, desde el Gobierno provincial se puso en duda la formalidad de la intervenci\u00f3n, afirmando que lo que exist\u00eda era un procedimiento administrativo de supervisi\u00f3n y requerimiento de informaci\u00f3n.<\/p>\n<p>&nbsp;<\/p>\n<p>No obstante, las recientes resoluciones oficiales y el desembarco de la delegaci\u00f3n nacional marcan un punto de inflexi\u00f3n en la relaci\u00f3n entre la Provincia y la Naci\u00f3n sobre la gesti\u00f3n de este activo estrat\u00e9gico.<\/p>\n<p>&nbsp;<\/p>\n<h4>Repercusiones y pr\u00f3ximos pasos<\/h4>\n<p>El operativo abierto implica no solo un control m\u00e1s directo de los recursos y la operativa portuaria, sino tambi\u00e9n el dise\u00f1o de un plan integral para recuperar infraestructura, reforzar la seguridad, normalizar la cuesti\u00f3n financiera y asegurar el flujo de cruceros y cargas, vitales para el turismo y las econom\u00edas locales. La intervenci\u00f3n, adem\u00e1s, genera un debate pol\u00edtico y social profundo sobre la autonom\u00eda provincial y la gesti\u00f3n de recursos p\u00fablicos.<\/p>\n<p>&nbsp;<\/p>\n","protected":false},"excerpt":{"rendered":"<p>Tierra del Fuego en vilo: Se confirma intervenci\u00f3n del Puerto de Ushuaia y una delegaci\u00f3n arribar\u00e1 esta noche<\/p>\n","protected":false},"author":5,"featured_media":12201,"comment_status":"open","ping_status":"open","sticky":false,"template":"","format":"standard","meta":{"footnotes":""},"categories":[2,21],"tags":[3936,889,317,3931],"class_list":["post-12200","post","type-post","status-publish","format-standard","has-post-thumbnail","hentry","category-tierra-del-fuego","category-ushuaia","tag-anpyn","tag-intervencion","tag-osef","tag-puerto-ushuaia"],"featured_image_urls":{"full":["https:\/\/opinionpublica.com.ar\/index\/wp-content\/uploads\/2026\/01\/IMG-20260120-WA0023.jpg",1125,849,false],"thumbnail":["https:\/\/opinionpublica.com.ar\/index\/wp-content\/uploads\/2026\/01\/IMG-20260120-WA0023-150x150.jpg",150,150,true],"medium":["https:\/\/opinionpublica.com.ar\/index\/wp-content\/uploads\/2026\/01\/IMG-20260120-WA0023-300x226.jpg",300,226,true],"medium_large":["https:\/\/opinionpublica.com.ar\/index\/wp-content\/uploads\/2026\/01\/IMG-20260120-WA0023-768x580.jpg",640,483,true],"large":["https:\/\/opinionpublica.com.ar\/index\/wp-content\/uploads\/2026\/01\/IMG-20260120-WA0023-1024x773.jpg",640,483,true],"1536x1536":["https:\/\/opinionpublica.com.ar\/index\/wp-content\/uploads\/2026\/01\/IMG-20260120-WA0023.jpg",1125,849,false],"2048x2048":["https:\/\/opinionpublica.com.ar\/index\/wp-content\/uploads\/2026\/01\/IMG-20260120-WA0023.jpg",1125,849,false],"morenews-large":["https:\/\/opinionpublica.com.ar\/index\/wp-content\/uploads\/2026\/01\/IMG-20260120-WA0023-825x575.jpg",825,575,true],"morenews-medium":["https:\/\/opinionpublica.com.ar\/index\/wp-content\/uploads\/2026\/01\/IMG-20260120-WA0023-590x410.jpg",590,410,true]},"author_info":{"display_name":"Hal","author_link":"https:\/\/opinionpublica.com.ar\/index\/author\/hal\/"},"category_info":"<a href=\"https:\/\/opinionpublica.com.ar\/index\/category\/tierra-del-fuego\/\" rel=\"category tag\">Tierra del Fuego<\/a> <a href=\"https:\/\/opinionpublica.com.ar\/index\/category\/ushuaia\/\" rel=\"category tag\">Ushuaia<\/a>","tag_info":"Ushuaia","comment_count":"0","_links":{"self":[{"href":"https:\/\/opinionpublica.com.ar\/index\/wp-json\/wp\/v2\/posts\/12200","targetHints":{"allow":["GET"]}}],"collection":[{"href":"https:\/\/opinionpublica.com.ar\/index\/wp-json\/wp\/v2\/posts"}],"about":[{"href":"https:\/\/opinionpublica.com.ar\/index\/wp-json\/wp\/v2\/types\/post"}],"author":[{"embeddable":true,"href":"https:\/\/opinionpublica.com.ar\/index\/wp-json\/wp\/v2\/users\/5"}],"replies":[{"embeddable":true,"href":"https:\/\/opinionpublica.com.ar\/index\/wp-json\/wp\/v2\/comments?post=12200"}],"version-history":[{"count":1,"href":"https:\/\/opinionpublica.com.ar\/index\/wp-json\/wp\/v2\/posts\/12200\/revisions"}],"predecessor-version":[{"id":12202,"href":"https:\/\/opinionpublica.com.ar\/index\/wp-json\/wp\/v2\/posts\/12200\/revisions\/12202"}],"wp:featuredmedia":[{"embeddable":true,"href":"https:\/\/opinionpublica.com.ar\/index\/wp-json\/wp\/v2\/media\/12201"}],"wp:attachment":[{"href":"https:\/\/opinionpublica.com.ar\/index\/wp-json\/wp\/v2\/media?parent=12200"}],"wp:term":[{"taxonomy":"category","embeddable":true,"href":"https:\/\/opinionpublica.com.ar\/index\/wp-json\/wp\/v2\/categories?post=12200"},{"taxonomy":"post_tag","embeddable":true,"href":"https:\/\/opinionpublica.com.ar\/index\/wp-json\/wp\/v2\/tags?post=12200"}],"curies":[{"name":"wp","href":"https:\/\/api.w.org\/{rel}","templated":true}]}}