{"id":12208,"date":"2026-01-21T11:12:35","date_gmt":"2026-01-21T14:12:35","guid":{"rendered":"https:\/\/opinionpublica.com.ar\/index\/?p=12208"},"modified":"2026-01-21T11:12:35","modified_gmt":"2026-01-21T14:12:35","slug":"petroleros-de-santa-cruz-en-estado-de-alerta-y-movilizacion","status":"publish","type":"post","link":"https:\/\/opinionpublica.com.ar\/index\/petroleros-de-santa-cruz-en-estado-de-alerta-y-movilizacion\/","title":{"rendered":"Petroleros de Santa Cruz en estado de alerta y movilizaci\u00f3n"},"content":{"rendered":"<h3>Petroleros de Santa Cruz en estado de alerta y movilizaci\u00f3n<\/h3>\n<p>La conducci\u00f3n del Sindicato del Petr\u00f3leo, Gas y Energ\u00edas Renovables (SIPGER), encabezada por el Secretario General Rafael G\u00fcenchenen, resolvi\u00f3 decretar el estado de alerta y movilizaci\u00f3n en todo el \u00e1mbito de la representaci\u00f3n territorial de la organizaci\u00f3n sindical.<\/p>\n<p><a href=\"https:\/\/opinionpublica.com.ar\/index\/wp-content\/uploads\/2026\/01\/25784.jpg\"><img fetchpriority=\"high\" decoding=\"async\" class=\"alignnone size-full wp-image-12209\" src=\"https:\/\/opinionpublica.com.ar\/index\/wp-content\/uploads\/2026\/01\/25784.jpg\" alt=\"\" width=\"570\" height=\"440\" srcset=\"https:\/\/opinionpublica.com.ar\/index\/wp-content\/uploads\/2026\/01\/25784.jpg 570w, https:\/\/opinionpublica.com.ar\/index\/wp-content\/uploads\/2026\/01\/25784-300x232.jpg 300w\" sizes=\"(max-width: 570px) 100vw, 570px\" \/><\/a><\/p>\n<p>\u201cLa revisi\u00f3n paritaria no es un capricho: es un derecho previsto en los acuerdos y una herramienta b\u00e1sica para preservar el poder adquisitivo de los trabajadores\u201d, remarc\u00f3 el titular de petroleros privados Rafael G\u00fcenchenen.<\/p>\n<p>\u201cLa revisi\u00f3n paritaria no es un capricho: es un derecho previsto en los acuerdos y una herramienta b\u00e1sica para preservar el poder adquisitivo de los trabajadores\u201d, remarc\u00f3 el titular de petroleros privados Rafael G\u00fcenchenen.<\/p>\n<p>La medida se adopta como consecuencia directa de la negativa del sector empresarial a dar respuesta al pedido de revisi\u00f3n del per\u00edodo paritario vigente, tal como se encuentra establecido en el \u00faltimo acuerdo salarial. En un contexto de profunda complejidad para la actividad hidrocarbur\u00edfera en Santa Cruz, la falta de voluntad para discutir una adecuaci\u00f3n salarial resulta inadmisible.<\/p>\n<p>&nbsp;<\/p>\n<p>\u201cLos trabajadores santacruce\u00f1os venimos realizando un enorme esfuerzo para mitigar las consecuencias de la salida de YPF y de otras operadoras, situaci\u00f3n que ha provocado ca\u00edda de producci\u00f3n, p\u00e9rdida de puestos de trabajo, desinversi\u00f3n y un deterioro general de las condiciones de la industria en la provincia\u201d, se\u00f1al\u00f3 Rafael G\u00fcenchenen y agreg\u00f3, \u201cfrente a este escenario, sostener una pauta salarial que ya qued\u00f3 desfasada por la realidad econ\u00f3mica nacional y del sector significa trasladar el peso de la crisis a quienes todos los d\u00edas sostienen la actividad\u201d.<\/p>\n<p>&nbsp;<\/p>\n<p>El sindicalista remarc\u00f3 que, \u201cdesde SIPGER advertimos que la pauta salarial vigente ha resultado insuficiente frente al impacto de la econom\u00eda real y el encarecimiento del costo de vida, y que la revisi\u00f3n paritaria no es un capricho: es un derecho previsto en los acuerdos y una herramienta b\u00e1sica para preservar el poder adquisitivo de los trabajadores.<\/p>\n<p>&nbsp;<\/p>\n<p>\u201cEn este marco, el sindicato permanecer\u00e1 en estado de alerta y movilizaci\u00f3n, con seguimiento permanente de la situaci\u00f3n y la adopci\u00f3n de las medidas gremiales que correspondan, hasta tanto el sector empresarial se siente a discutir seriamente una recomposici\u00f3n acorde a la realidad actual\u201d, subray\u00f3 Rafael G\u00fcenchenen.<\/p>\n<p>&nbsp;<\/p>\n<p>Prensa Sindicato del Petr\u00f3leo, Gas y Energ\u00edas Renovables (SIPGER) de Santa Cruz<\/p>\n","protected":false},"excerpt":{"rendered":"<p>Petroleros de Santa Cruz en estado de alerta y movilizaci\u00f3n La conducci\u00f3n del Sindicato del Petr\u00f3leo, Gas y<\/p>\n","protected":false},"author":5,"featured_media":12209,"comment_status":"open","ping_status":"open","sticky":false,"template":"","format":"standard","meta":{"footnotes":""},"categories":[29],"tags":[4100,4098,111,563,4099],"class_list":["post-12208","post","type-post","status-publish","format-standard","has-post-thumbnail","hentry","category-interes-general","tag-alerta-y-movilizacion","tag-rafael-guenchenen","tag-santa-cruz","tag-sindicato-de-petroleros","tag-sipger"],"featured_image_urls":{"full":["https:\/\/opinionpublica.com.ar\/index\/wp-content\/uploads\/2026\/01\/25784.jpg",570,440,false],"thumbnail":["https:\/\/opinionpublica.com.ar\/index\/wp-content\/uploads\/2026\/01\/25784-150x150.jpg",150,150,true],"medium":["https:\/\/opinionpublica.com.ar\/index\/wp-content\/uploads\/2026\/01\/25784-300x232.jpg",300,232,true],"medium_large":["https:\/\/opinionpublica.com.ar\/index\/wp-content\/uploads\/2026\/01\/25784.jpg",570,440,false],"large":["https:\/\/opinionpublica.com.ar\/index\/wp-content\/uploads\/2026\/01\/25784.jpg",570,440,false],"1536x1536":["https:\/\/opinionpublica.com.ar\/index\/wp-content\/uploads\/2026\/01\/25784.jpg",570,440,false],"2048x2048":["https:\/\/opinionpublica.com.ar\/index\/wp-content\/uploads\/2026\/01\/25784.jpg",570,440,false],"morenews-large":["https:\/\/opinionpublica.com.ar\/index\/wp-content\/uploads\/2026\/01\/25784.jpg",570,440,false],"morenews-medium":["https:\/\/opinionpublica.com.ar\/index\/wp-content\/uploads\/2026\/01\/25784-570x410.jpg",570,410,true]},"author_info":{"display_name":"Hal","author_link":"https:\/\/opinionpublica.com.ar\/index\/author\/hal\/"},"category_info":"<a href=\"https:\/\/opinionpublica.com.ar\/index\/category\/interes-general\/\" rel=\"category tag\">Interes General<\/a>","tag_info":"Interes General","comment_count":"0","_links":{"self":[{"href":"https:\/\/opinionpublica.com.ar\/index\/wp-json\/wp\/v2\/posts\/12208","targetHints":{"allow":["GET"]}}],"collection":[{"href":"https:\/\/opinionpublica.com.ar\/index\/wp-json\/wp\/v2\/posts"}],"about":[{"href":"https:\/\/opinionpublica.com.ar\/index\/wp-json\/wp\/v2\/types\/post"}],"author":[{"embeddable":true,"href":"https:\/\/opinionpublica.com.ar\/index\/wp-json\/wp\/v2\/users\/5"}],"replies":[{"embeddable":true,"href":"https:\/\/opinionpublica.com.ar\/index\/wp-json\/wp\/v2\/comments?post=12208"}],"version-history":[{"count":1,"href":"https:\/\/opinionpublica.com.ar\/index\/wp-json\/wp\/v2\/posts\/12208\/revisions"}],"predecessor-version":[{"id":12210,"href":"https:\/\/opinionpublica.com.ar\/index\/wp-json\/wp\/v2\/posts\/12208\/revisions\/12210"}],"wp:featuredmedia":[{"embeddable":true,"href":"https:\/\/opinionpublica.com.ar\/index\/wp-json\/wp\/v2\/media\/12209"}],"wp:attachment":[{"href":"https:\/\/opinionpublica.com.ar\/index\/wp-json\/wp\/v2\/media?parent=12208"}],"wp:term":[{"taxonomy":"category","embeddable":true,"href":"https:\/\/opinionpublica.com.ar\/index\/wp-json\/wp\/v2\/categories?post=12208"},{"taxonomy":"post_tag","embeddable":true,"href":"https:\/\/opinionpublica.com.ar\/index\/wp-json\/wp\/v2\/tags?post=12208"}],"curies":[{"name":"wp","href":"https:\/\/api.w.org\/{rel}","templated":true}]}}