{"id":1221,"date":"2024-03-28T09:46:04","date_gmt":"2024-03-28T12:46:04","guid":{"rendered":"https:\/\/opinionpublica.com.ar\/index\/?p=1221"},"modified":"2024-03-28T09:46:04","modified_gmt":"2024-03-28T12:46:04","slug":"daniel-romero-ya-perdimos-35-profesionales-de-la-salud-publica","status":"publish","type":"post","link":"https:\/\/opinionpublica.com.ar\/index\/daniel-romero-ya-perdimos-35-profesionales-de-la-salud-publica\/","title":{"rendered":"Daniel Romero: Ya perdimos  35 profesionales de la salud p\u00fablica"},"content":{"rendered":"<p>Daniel Romero, integrante de SIPROSA, habl\u00f3 en torno a la cr\u00edtica situaci\u00f3n en la salud p\u00fablica y el \u00e9xodo de profesionales, que ya registraron unas 35 personas que dejar\u00e1n de ejercer en el sistema p\u00fablico fueguino. Por otro lado, hizo menci\u00f3n al pedido del gobierno para mejorar condiciones laborales y salarios.<span id=\"more-287651\"><\/span><\/p>\n<p><a href=\"https:\/\/opinionpublica.com.ar\/index\/wp-content\/uploads\/2024\/03\/siprosa.jpg\"><img fetchpriority=\"high\" decoding=\"async\" class=\"alignnone size-full wp-image-1223\" src=\"https:\/\/opinionpublica.com.ar\/index\/wp-content\/uploads\/2024\/03\/siprosa.jpg\" alt=\"\" width=\"284\" height=\"178\" \/><\/a><\/p>\n<p>Romero indic\u00f3 que \u201cnos reunimos los profesionales de la salud en el CAPS N\u00b03, estamos dando continuidad al plan de lucha, la situaci\u00f3n es cada vez m\u00e1s compleja y tenemos contabilizados 35 profesionales, algunos formados ac\u00e1 en su residencia, que han decidido irse porque las condiciones no eran las que ellos quer\u00edan\u201d.<\/p>\n<p>\u201cDuele que se hayan ido estos profesionales y entendemos que estamos en defensa de la salud p\u00fablica. Hay una paritaria en la que no se est\u00e1 escuchando la voz de los profesionales\u201d, agreg\u00f3.<\/p>\n<p>El integrante de SIPROSA, expres\u00f3 que \u201centendemos que lo que figuraba en paritaria es insuficiente para retener a los profesionales que trabajan con la matr\u00edcula retenida. Esperamos tener una respuesta razonable en lo que tiene que ver con el salario para brindar el servicio\u201d.<\/p>\n","protected":false},"excerpt":{"rendered":"<p>Daniel Romero, integrante de SIPROSA, habl\u00f3 en torno a la cr\u00edtica situaci\u00f3n en la salud p\u00fablica y el<\/p>\n","protected":false},"author":8,"featured_media":1223,"comment_status":"open","ping_status":"open","sticky":false,"template":"","format":"standard","meta":{"footnotes":""},"categories":[2],"tags":[412,69,413,5],"class_list":["post-1221","post","type-post","status-publish","format-standard","has-post-thumbnail","hentry","category-tierra-del-fuego","tag-daniel-romero","tag-salud","tag-siprosa","tag-tierra-del-fuego"],"featured_image_urls":{"full":["https:\/\/opinionpublica.com.ar\/index\/wp-content\/uploads\/2024\/03\/siprosa.jpg",284,178,false],"thumbnail":["https:\/\/opinionpublica.com.ar\/index\/wp-content\/uploads\/2024\/03\/siprosa-150x150.jpg",150,150,true],"medium":["https:\/\/opinionpublica.com.ar\/index\/wp-content\/uploads\/2024\/03\/siprosa.jpg",284,178,false],"medium_large":["https:\/\/opinionpublica.com.ar\/index\/wp-content\/uploads\/2024\/03\/siprosa.jpg",284,178,false],"large":["https:\/\/opinionpublica.com.ar\/index\/wp-content\/uploads\/2024\/03\/siprosa.jpg",284,178,false],"1536x1536":["https:\/\/opinionpublica.com.ar\/index\/wp-content\/uploads\/2024\/03\/siprosa.jpg",284,178,false],"2048x2048":["https:\/\/opinionpublica.com.ar\/index\/wp-content\/uploads\/2024\/03\/siprosa.jpg",284,178,false],"morenews-large":["https:\/\/opinionpublica.com.ar\/index\/wp-content\/uploads\/2024\/03\/siprosa.jpg",284,178,false],"morenews-medium":["https:\/\/opinionpublica.com.ar\/index\/wp-content\/uploads\/2024\/03\/siprosa.jpg",284,178,false]},"author_info":{"display_name":"RKing","author_link":"https:\/\/opinionpublica.com.ar\/index\/author\/rking\/"},"category_info":"<a href=\"https:\/\/opinionpublica.com.ar\/index\/category\/tierra-del-fuego\/\" rel=\"category tag\">Tierra del Fuego<\/a>","tag_info":"Tierra del Fuego","comment_count":"0","_links":{"self":[{"href":"https:\/\/opinionpublica.com.ar\/index\/wp-json\/wp\/v2\/posts\/1221","targetHints":{"allow":["GET"]}}],"collection":[{"href":"https:\/\/opinionpublica.com.ar\/index\/wp-json\/wp\/v2\/posts"}],"about":[{"href":"https:\/\/opinionpublica.com.ar\/index\/wp-json\/wp\/v2\/types\/post"}],"author":[{"embeddable":true,"href":"https:\/\/opinionpublica.com.ar\/index\/wp-json\/wp\/v2\/users\/8"}],"replies":[{"embeddable":true,"href":"https:\/\/opinionpublica.com.ar\/index\/wp-json\/wp\/v2\/comments?post=1221"}],"version-history":[{"count":1,"href":"https:\/\/opinionpublica.com.ar\/index\/wp-json\/wp\/v2\/posts\/1221\/revisions"}],"predecessor-version":[{"id":1224,"href":"https:\/\/opinionpublica.com.ar\/index\/wp-json\/wp\/v2\/posts\/1221\/revisions\/1224"}],"wp:featuredmedia":[{"embeddable":true,"href":"https:\/\/opinionpublica.com.ar\/index\/wp-json\/wp\/v2\/media\/1223"}],"wp:attachment":[{"href":"https:\/\/opinionpublica.com.ar\/index\/wp-json\/wp\/v2\/media?parent=1221"}],"wp:term":[{"taxonomy":"category","embeddable":true,"href":"https:\/\/opinionpublica.com.ar\/index\/wp-json\/wp\/v2\/categories?post=1221"},{"taxonomy":"post_tag","embeddable":true,"href":"https:\/\/opinionpublica.com.ar\/index\/wp-json\/wp\/v2\/tags?post=1221"}],"curies":[{"name":"wp","href":"https:\/\/api.w.org\/{rel}","templated":true}]}}