{"id":12211,"date":"2026-01-21T11:20:18","date_gmt":"2026-01-21T14:20:18","guid":{"rendered":"https:\/\/opinionpublica.com.ar\/index\/?p=12211"},"modified":"2026-01-21T11:20:18","modified_gmt":"2026-01-21T14:20:18","slug":"nacion-habilito-reducir-hasta-0-los-aportes-al-famp-si-esta-en-riesgo-la-produccion-o-el-empleo","status":"publish","type":"post","link":"https:\/\/opinionpublica.com.ar\/index\/nacion-habilito-reducir-hasta-0-los-aportes-al-famp-si-esta-en-riesgo-la-produccion-o-el-empleo\/","title":{"rendered":"Naci\u00f3n habilit\u00f3 reducir hasta 0% los aportes al FAMP si est\u00e1 en riesgo la producci\u00f3n o el empleo"},"content":{"rendered":"<h3>Naci\u00f3n habilit\u00f3 reducir hasta 0% los aportes al FAMP si est\u00e1 en riesgo la producci\u00f3n o el empleo<\/h3>\n<p><a href=\"https:\/\/opinionpublica.com.ar\/index\/wp-content\/uploads\/2024\/03\/empresa-ensambladora.jpg\"><img fetchpriority=\"high\" decoding=\"async\" class=\"alignnone size-full wp-image-823\" src=\"https:\/\/opinionpublica.com.ar\/index\/wp-content\/uploads\/2024\/03\/empresa-ensambladora.jpg\" alt=\"\" width=\"950\" height=\"534\" srcset=\"https:\/\/opinionpublica.com.ar\/index\/wp-content\/uploads\/2024\/03\/empresa-ensambladora.jpg 950w, https:\/\/opinionpublica.com.ar\/index\/wp-content\/uploads\/2024\/03\/empresa-ensambladora-300x169.jpg 300w, https:\/\/opinionpublica.com.ar\/index\/wp-content\/uploads\/2024\/03\/empresa-ensambladora-768x432.jpg 768w\" sizes=\"(max-width: 950px) 100vw, 950px\" \/><\/a><\/p>\n<h4>Un cambio clave en el Fondo Fueguino<\/h4>\n<p>El Ministerio de Econom\u00eda introdujo cambios relevantes en el funcionamiento del Fondo para la Ampliaci\u00f3n de la Matriz Productiva Fueguina (FAMP-Fueguina) al modificar el procedimiento que permite reducir los aportes obligatorios que realizan las empresas industriales radicadas en Tierra del Fuego.<\/p>\n<p>&nbsp;<\/p>\n<p>La medida fue dispuesta mediante la Resoluci\u00f3n 19\/2026 de la Secretar\u00eda de Industria y Comercio y alcanza al esquema previsto en el Decreto 727\/21, que fij\u00f3 un aporte mensual equivalente al 15% del beneficio obtenido en concepto de IVA por la venta de bienes producidos bajo el r\u00e9gimen de la Ley 19.640.<\/p>\n<p>&nbsp;<\/p>\n<h4>Qu\u00e9 se entiende ahora por p\u00e9rdida de competitividad<\/h4>\n<p>La resoluci\u00f3n redefine el criterio para determinar cu\u00e1ndo existen modificaciones tributarias o arancelarias que afectan la competitividad. A partir de ahora, se considerar\u00e1 que hay una afectaci\u00f3n cuando dichas modificaciones impactan negativamente en la ecuaci\u00f3n econ\u00f3mico-financiera de las empresas, tomando como base la situaci\u00f3n existente al momento de su adhesi\u00f3n a la pr\u00f3rroga del r\u00e9gimen.<\/p>\n<p>&nbsp;<\/p>\n<p>Este punto introduce un an\u00e1lisis m\u00e1s concreto y econ\u00f3mico, alej\u00e1ndose de interpretaciones meramente formales de los cambios normativos.<\/p>\n<p>&nbsp;<\/p>\n<h4>C\u00f3mo pueden pedir la reducci\u00f3n las empresas<\/h4>\n<p>Las empresas industriales, de forma individual o a trav\u00e9s de las c\u00e1maras que las representan, podr\u00e1n presentar solicitudes ante la Autoridad de Aplicaci\u00f3n para que eval\u00fae la reducci\u00f3n del porcentaje de aporte al FAMP.<\/p>\n<p>&nbsp;<\/p>\n<p>Las decisiones deber\u00e1n adoptarse mediante acto administrativo, por un plazo determinado, y con intervenci\u00f3n del Comit\u00e9 Ejecutivo del FAMP-Fueguina, que deber\u00e1 dictaminar sobre:<\/p>\n<p>\u2022 La efectiva afectaci\u00f3n de los proyectos productivos,<\/p>\n<p>\u2022 El impacto de la reducci\u00f3n en la recaudaci\u00f3n del fondo,<\/p>\n<p>\u2022 Y la pertinencia de aprobar o rechazar el pedido.<\/p>\n<p>&nbsp;<\/p>\n<h3>Aportes que pueden llegar a cero<\/h3>\n<p>Uno de los puntos m\u00e1s relevantes de la Resoluci\u00f3n 19\/2026 es que establece de manera expl\u00edcita que la reducci\u00f3n del aporte deber\u00e1 ser proporcional al nivel de afectaci\u00f3n y que podr\u00e1 fijarse en cero por ciento (0%) cuando se encuentre en riesgo la capacidad productiva de las empresas o los puestos de trabajo generados.<\/p>\n<p>&nbsp;<\/p>\n<p>Este criterio, que antes no estaba expresamente detallado, queda ahora incorporado de forma clara en la normativa.<\/p>\n<p>&nbsp;<\/p>\n<h3>Se elimina el procedimiento anterior<\/h3>\n<p>La resoluci\u00f3n tambi\u00e9n deroga el Anexo III de la Resoluci\u00f3n 228\/2022, que establec\u00eda el procedimiento previo para solicitar reducciones. El Gobierno argumenta que ese esquema requer\u00eda una revisi\u00f3n en su operatividad, lo que motiv\u00f3 la adopci\u00f3n de un nuevo mecanismo con mayor flexibilidad.<\/p>\n<p>&nbsp;<\/p>\n<p>Impacto para la industria fueguina<\/p>\n<p>&nbsp;<\/p>\n<p>La medida no elimina el FAMP ni el aporte obligatorio, pero abre una herramienta clave para que las empresas puedan solicitar alivio en contextos de p\u00e9rdida de competitividad. En una provincia donde la actividad industrial y el empleo dependen fuertemente del r\u00e9gimen de promoci\u00f3n, la resoluci\u00f3n introduce un nuevo escenario de seguimiento y debate sobre el equilibrio entre financiamiento del fondo y sostenimiento de la producci\u00f3n.<\/p>\n<p>&nbsp;<\/p>\n","protected":false},"excerpt":{"rendered":"<p>Naci\u00f3n habilit\u00f3 reducir hasta 0% los aportes al FAMP si est\u00e1 en riesgo la producci\u00f3n o el empleo<\/p>\n","protected":false},"author":5,"featured_media":823,"comment_status":"open","ping_status":"open","sticky":false,"template":"","format":"standard","meta":{"footnotes":""},"categories":[2],"tags":[],"class_list":["post-12211","post","type-post","status-publish","format-standard","has-post-thumbnail","hentry","category-tierra-del-fuego"],"featured_image_urls":{"full":["https:\/\/opinionpublica.com.ar\/index\/wp-content\/uploads\/2024\/03\/empresa-ensambladora.jpg",950,534,false],"thumbnail":["https:\/\/opinionpublica.com.ar\/index\/wp-content\/uploads\/2024\/03\/empresa-ensambladora-150x150.jpg",150,150,true],"medium":["https:\/\/opinionpublica.com.ar\/index\/wp-content\/uploads\/2024\/03\/empresa-ensambladora-300x169.jpg",300,169,true],"medium_large":["https:\/\/opinionpublica.com.ar\/index\/wp-content\/uploads\/2024\/03\/empresa-ensambladora-768x432.jpg",640,360,true],"large":["https:\/\/opinionpublica.com.ar\/index\/wp-content\/uploads\/2024\/03\/empresa-ensambladora.jpg",640,360,false],"1536x1536":["https:\/\/opinionpublica.com.ar\/index\/wp-content\/uploads\/2024\/03\/empresa-ensambladora.jpg",950,534,false],"2048x2048":["https:\/\/opinionpublica.com.ar\/index\/wp-content\/uploads\/2024\/03\/empresa-ensambladora.jpg",950,534,false],"morenews-large":["https:\/\/opinionpublica.com.ar\/index\/wp-content\/uploads\/2024\/03\/empresa-ensambladora-825x534.jpg",825,534,true],"morenews-medium":["https:\/\/opinionpublica.com.ar\/index\/wp-content\/uploads\/2024\/03\/empresa-ensambladora-590x410.jpg",590,410,true]},"author_info":{"display_name":"Hal","author_link":"https:\/\/opinionpublica.com.ar\/index\/author\/hal\/"},"category_info":"<a href=\"https:\/\/opinionpublica.com.ar\/index\/category\/tierra-del-fuego\/\" rel=\"category tag\">Tierra del Fuego<\/a>","tag_info":"Tierra del Fuego","comment_count":"0","_links":{"self":[{"href":"https:\/\/opinionpublica.com.ar\/index\/wp-json\/wp\/v2\/posts\/12211","targetHints":{"allow":["GET"]}}],"collection":[{"href":"https:\/\/opinionpublica.com.ar\/index\/wp-json\/wp\/v2\/posts"}],"about":[{"href":"https:\/\/opinionpublica.com.ar\/index\/wp-json\/wp\/v2\/types\/post"}],"author":[{"embeddable":true,"href":"https:\/\/opinionpublica.com.ar\/index\/wp-json\/wp\/v2\/users\/5"}],"replies":[{"embeddable":true,"href":"https:\/\/opinionpublica.com.ar\/index\/wp-json\/wp\/v2\/comments?post=12211"}],"version-history":[{"count":1,"href":"https:\/\/opinionpublica.com.ar\/index\/wp-json\/wp\/v2\/posts\/12211\/revisions"}],"predecessor-version":[{"id":12212,"href":"https:\/\/opinionpublica.com.ar\/index\/wp-json\/wp\/v2\/posts\/12211\/revisions\/12212"}],"wp:featuredmedia":[{"embeddable":true,"href":"https:\/\/opinionpublica.com.ar\/index\/wp-json\/wp\/v2\/media\/823"}],"wp:attachment":[{"href":"https:\/\/opinionpublica.com.ar\/index\/wp-json\/wp\/v2\/media?parent=12211"}],"wp:term":[{"taxonomy":"category","embeddable":true,"href":"https:\/\/opinionpublica.com.ar\/index\/wp-json\/wp\/v2\/categories?post=12211"},{"taxonomy":"post_tag","embeddable":true,"href":"https:\/\/opinionpublica.com.ar\/index\/wp-json\/wp\/v2\/tags?post=12211"}],"curies":[{"name":"wp","href":"https:\/\/api.w.org\/{rel}","templated":true}]}}