{"id":12221,"date":"2026-01-22T11:10:08","date_gmt":"2026-01-22T14:10:08","guid":{"rendered":"https:\/\/opinionpublica.com.ar\/index\/?p=12221"},"modified":"2026-01-22T11:10:08","modified_gmt":"2026-01-22T14:10:08","slug":"tierra-del-fuego-y-el-tablero-global-una-advertencia-politica","status":"publish","type":"post","link":"https:\/\/opinionpublica.com.ar\/index\/tierra-del-fuego-y-el-tablero-global-una-advertencia-politica\/","title":{"rendered":"Tierra del Fuego y el tablero global: una advertencia pol\u00edtica"},"content":{"rendered":"<h3>Tierra del Fuego y el tablero global: una advertencia pol\u00edtica<\/h3>\n<p><a href=\"https:\/\/opinionpublica.com.ar\/index\/wp-content\/uploads\/2025\/03\/31081453_2044830795773230_5588906260700332032_n-ushuaia-otono.jpg\"><img fetchpriority=\"high\" decoding=\"async\" class=\"alignnone size-full wp-image-8877\" src=\"https:\/\/opinionpublica.com.ar\/index\/wp-content\/uploads\/2025\/03\/31081453_2044830795773230_5588906260700332032_n-ushuaia-otono.jpg\" alt=\"\" width=\"768\" height=\"960\" srcset=\"https:\/\/opinionpublica.com.ar\/index\/wp-content\/uploads\/2025\/03\/31081453_2044830795773230_5588906260700332032_n-ushuaia-otono.jpg 768w, https:\/\/opinionpublica.com.ar\/index\/wp-content\/uploads\/2025\/03\/31081453_2044830795773230_5588906260700332032_n-ushuaia-otono-240x300.jpg 240w\" sizes=\"(max-width: 768px) 100vw, 768px\" \/><\/a><\/p>\n<p>\u201cDesde la yunga de Salta reflexiono sobre algo que ya sab\u00eda: se est\u00e1 definiendo el escenario b\u00e9lico del mundo y, por la posici\u00f3n geoestrat\u00e9gica en la que vivimos, no pod\u00edamos quedar al margen. Dicho de manera simple, Donald Trump pretende controlar, por la fuerza o mediante complicidades locales, tanto el \u00c1rtico \u2014con Groenlandia\u2014 como la Ant\u00e1rtida, donde Tierra del Fuego ocupa un lugar central.<\/p>\n<p>&nbsp;<\/p>\n<p>La ilegal intervenci\u00f3n del Puerto de Ushuaia en plena temporada r\u00e9cord de cruceros, sumada a la desarticulaci\u00f3n de la industria fueguina a trav\u00e9s de los aranceles, persigue un \u00fanico objetivo: provocar el \u00e9xodo y la confrontaci\u00f3n de Tierra del Fuego en condiciones de inferioridad, frente a una Naci\u00f3n alineada con Estados Unidos.<\/p>\n<p>&nbsp;<\/p>\n<p>Lo advert\u00ed tiempo atr\u00e1s cuando dije: \u2018vienen por los fueguinos\u2019. Hoy ya llegaron. La pregunta es qu\u00e9 vamos a hacer\u201d.<\/p>\n<p>&nbsp;<\/p>\n<p>* Legislador del Territorio Nacional de Tierra del Fuego y m\u00e9dico veterinario<\/p>\n","protected":false},"excerpt":{"rendered":"<p>Tierra del Fuego y el tablero global: una advertencia pol\u00edtica \u201cDesde la yunga de Salta reflexiono sobre algo<\/p>\n","protected":false},"author":5,"featured_media":8877,"comment_status":"open","ping_status":"open","sticky":false,"template":"","format":"standard","meta":{"footnotes":""},"categories":[29,2],"tags":[],"class_list":["post-12221","post","type-post","status-publish","format-standard","has-post-thumbnail","hentry","category-interes-general","category-tierra-del-fuego"],"featured_image_urls":{"full":["https:\/\/opinionpublica.com.ar\/index\/wp-content\/uploads\/2025\/03\/31081453_2044830795773230_5588906260700332032_n-ushuaia-otono.jpg",768,960,false],"thumbnail":["https:\/\/opinionpublica.com.ar\/index\/wp-content\/uploads\/2025\/03\/31081453_2044830795773230_5588906260700332032_n-ushuaia-otono-150x150.jpg",150,150,true],"medium":["https:\/\/opinionpublica.com.ar\/index\/wp-content\/uploads\/2025\/03\/31081453_2044830795773230_5588906260700332032_n-ushuaia-otono-240x300.jpg",240,300,true],"medium_large":["https:\/\/opinionpublica.com.ar\/index\/wp-content\/uploads\/2025\/03\/31081453_2044830795773230_5588906260700332032_n-ushuaia-otono.jpg",640,800,false],"large":["https:\/\/opinionpublica.com.ar\/index\/wp-content\/uploads\/2025\/03\/31081453_2044830795773230_5588906260700332032_n-ushuaia-otono.jpg",640,800,false],"1536x1536":["https:\/\/opinionpublica.com.ar\/index\/wp-content\/uploads\/2025\/03\/31081453_2044830795773230_5588906260700332032_n-ushuaia-otono.jpg",768,960,false],"2048x2048":["https:\/\/opinionpublica.com.ar\/index\/wp-content\/uploads\/2025\/03\/31081453_2044830795773230_5588906260700332032_n-ushuaia-otono.jpg",768,960,false],"morenews-large":["https:\/\/opinionpublica.com.ar\/index\/wp-content\/uploads\/2025\/03\/31081453_2044830795773230_5588906260700332032_n-ushuaia-otono-768x575.jpg",768,575,true],"morenews-medium":["https:\/\/opinionpublica.com.ar\/index\/wp-content\/uploads\/2025\/03\/31081453_2044830795773230_5588906260700332032_n-ushuaia-otono-590x410.jpg",590,410,true]},"author_info":{"display_name":"Hal","author_link":"https:\/\/opinionpublica.com.ar\/index\/author\/hal\/"},"category_info":"<a href=\"https:\/\/opinionpublica.com.ar\/index\/category\/interes-general\/\" rel=\"category tag\">Interes General<\/a> <a href=\"https:\/\/opinionpublica.com.ar\/index\/category\/tierra-del-fuego\/\" rel=\"category tag\">Tierra del Fuego<\/a>","tag_info":"Tierra del Fuego","comment_count":"0","_links":{"self":[{"href":"https:\/\/opinionpublica.com.ar\/index\/wp-json\/wp\/v2\/posts\/12221","targetHints":{"allow":["GET"]}}],"collection":[{"href":"https:\/\/opinionpublica.com.ar\/index\/wp-json\/wp\/v2\/posts"}],"about":[{"href":"https:\/\/opinionpublica.com.ar\/index\/wp-json\/wp\/v2\/types\/post"}],"author":[{"embeddable":true,"href":"https:\/\/opinionpublica.com.ar\/index\/wp-json\/wp\/v2\/users\/5"}],"replies":[{"embeddable":true,"href":"https:\/\/opinionpublica.com.ar\/index\/wp-json\/wp\/v2\/comments?post=12221"}],"version-history":[{"count":1,"href":"https:\/\/opinionpublica.com.ar\/index\/wp-json\/wp\/v2\/posts\/12221\/revisions"}],"predecessor-version":[{"id":12222,"href":"https:\/\/opinionpublica.com.ar\/index\/wp-json\/wp\/v2\/posts\/12221\/revisions\/12222"}],"wp:featuredmedia":[{"embeddable":true,"href":"https:\/\/opinionpublica.com.ar\/index\/wp-json\/wp\/v2\/media\/8877"}],"wp:attachment":[{"href":"https:\/\/opinionpublica.com.ar\/index\/wp-json\/wp\/v2\/media?parent=12221"}],"wp:term":[{"taxonomy":"category","embeddable":true,"href":"https:\/\/opinionpublica.com.ar\/index\/wp-json\/wp\/v2\/categories?post=12221"},{"taxonomy":"post_tag","embeddable":true,"href":"https:\/\/opinionpublica.com.ar\/index\/wp-json\/wp\/v2\/tags?post=12221"}],"curies":[{"name":"wp","href":"https:\/\/api.w.org\/{rel}","templated":true}]}}