{"id":12228,"date":"2026-01-22T20:14:55","date_gmt":"2026-01-22T23:14:55","guid":{"rendered":"https:\/\/opinionpublica.com.ar\/index\/?p=12228"},"modified":"2026-01-22T20:14:55","modified_gmt":"2026-01-22T23:14:55","slug":"provincia-en-crisis-gobernador-ausente","status":"publish","type":"post","link":"https:\/\/opinionpublica.com.ar\/index\/provincia-en-crisis-gobernador-ausente\/","title":{"rendered":"Provincia en crisis, gobernador ausente"},"content":{"rendered":"<h3>\u201cProvincia en crisis, gobernador ausente\u201d<\/h3>\n<p><a href=\"https:\/\/opinionpublica.com.ar\/index\/wp-content\/uploads\/2026\/01\/IMG-20260122-WA0029.jpg\"><img fetchpriority=\"high\" decoding=\"async\" class=\"alignnone size-full wp-image-12230\" src=\"https:\/\/opinionpublica.com.ar\/index\/wp-content\/uploads\/2026\/01\/IMG-20260122-WA0029.jpg\" alt=\"\" width=\"1125\" height=\"1383\" srcset=\"https:\/\/opinionpublica.com.ar\/index\/wp-content\/uploads\/2026\/01\/IMG-20260122-WA0029.jpg 1125w, https:\/\/opinionpublica.com.ar\/index\/wp-content\/uploads\/2026\/01\/IMG-20260122-WA0029-244x300.jpg 244w, https:\/\/opinionpublica.com.ar\/index\/wp-content\/uploads\/2026\/01\/IMG-20260122-WA0029-833x1024.jpg 833w, https:\/\/opinionpublica.com.ar\/index\/wp-content\/uploads\/2026\/01\/IMG-20260122-WA0029-768x944.jpg 768w\" sizes=\"(max-width: 1125px) 100vw, 1125px\" \/><\/a><\/p>\n<p>Mientras Tierra del Fuego atraviesa horas cr\u00edticas, con el Puerto de Ushuaia intervenido, tensiones con osef, problemas con la caja policial y un clima de incertidumbre institucional, el gobernador Gustavo Melella se encuentra en Buenos Aires, lejos del principal foco de emergencia de la Provincia.<\/p>\n<p>&nbsp;<\/p>\n<p>A esto se suma la quita de retenciones a los celulares, una decisi\u00f3n que golpea de lleno a la industria fueguina y al empleo local, sin una defensa firme ni una respuesta clara del Ejecutivo provincial m\u00e1s que sus posteos en redes sin generar ninguna accion de gesti\u00f3n o pol\u00edtica para dilucidarlo .<\/p>\n<p>&nbsp;<\/p>\n<p>Puerto en crisis, industria amenazada y una Provincia que necesita conducci\u00f3n.<\/p>\n<p><strong>Pero el gobernador no est\u00e1.<\/strong><\/p>\n<p>&nbsp;<\/p>\n<p>La sensaci\u00f3n que queda es clara: <strong>Tierra del Fuego qued\u00f3 sola<\/strong>.<\/p>\n","protected":false},"excerpt":{"rendered":"<p>\u201cProvincia en crisis, gobernador ausente\u201d Mientras Tierra del Fuego atraviesa horas cr\u00edticas, con el Puerto de Ushuaia intervenido,<\/p>\n","protected":false},"author":5,"featured_media":12229,"comment_status":"open","ping_status":"open","sticky":false,"template":"","format":"standard","meta":{"footnotes":""},"categories":[2],"tags":[134,4107,4106],"class_list":["post-12228","post","type-post","status-publish","format-standard","has-post-thumbnail","hentry","category-tierra-del-fuego","tag-gustavo-melella","tag-industria-amenazada","tag-puerto-en-crisis"],"featured_image_urls":{"full":["https:\/\/opinionpublica.com.ar\/index\/wp-content\/uploads\/2026\/01\/IMG-20260122-WA0028.jpg",1125,1169,false],"thumbnail":["https:\/\/opinionpublica.com.ar\/index\/wp-content\/uploads\/2026\/01\/IMG-20260122-WA0028-150x150.jpg",150,150,true],"medium":["https:\/\/opinionpublica.com.ar\/index\/wp-content\/uploads\/2026\/01\/IMG-20260122-WA0028-289x300.jpg",289,300,true],"medium_large":["https:\/\/opinionpublica.com.ar\/index\/wp-content\/uploads\/2026\/01\/IMG-20260122-WA0028-768x798.jpg",640,665,true],"large":["https:\/\/opinionpublica.com.ar\/index\/wp-content\/uploads\/2026\/01\/IMG-20260122-WA0028-985x1024.jpg",640,665,true],"1536x1536":["https:\/\/opinionpublica.com.ar\/index\/wp-content\/uploads\/2026\/01\/IMG-20260122-WA0028.jpg",1125,1169,false],"2048x2048":["https:\/\/opinionpublica.com.ar\/index\/wp-content\/uploads\/2026\/01\/IMG-20260122-WA0028.jpg",1125,1169,false],"morenews-large":["https:\/\/opinionpublica.com.ar\/index\/wp-content\/uploads\/2026\/01\/IMG-20260122-WA0028-825x575.jpg",825,575,true],"morenews-medium":["https:\/\/opinionpublica.com.ar\/index\/wp-content\/uploads\/2026\/01\/IMG-20260122-WA0028-590x410.jpg",590,410,true]},"author_info":{"display_name":"Hal","author_link":"https:\/\/opinionpublica.com.ar\/index\/author\/hal\/"},"category_info":"<a href=\"https:\/\/opinionpublica.com.ar\/index\/category\/tierra-del-fuego\/\" rel=\"category tag\">Tierra del Fuego<\/a>","tag_info":"Tierra del Fuego","comment_count":"0","_links":{"self":[{"href":"https:\/\/opinionpublica.com.ar\/index\/wp-json\/wp\/v2\/posts\/12228","targetHints":{"allow":["GET"]}}],"collection":[{"href":"https:\/\/opinionpublica.com.ar\/index\/wp-json\/wp\/v2\/posts"}],"about":[{"href":"https:\/\/opinionpublica.com.ar\/index\/wp-json\/wp\/v2\/types\/post"}],"author":[{"embeddable":true,"href":"https:\/\/opinionpublica.com.ar\/index\/wp-json\/wp\/v2\/users\/5"}],"replies":[{"embeddable":true,"href":"https:\/\/opinionpublica.com.ar\/index\/wp-json\/wp\/v2\/comments?post=12228"}],"version-history":[{"count":1,"href":"https:\/\/opinionpublica.com.ar\/index\/wp-json\/wp\/v2\/posts\/12228\/revisions"}],"predecessor-version":[{"id":12231,"href":"https:\/\/opinionpublica.com.ar\/index\/wp-json\/wp\/v2\/posts\/12228\/revisions\/12231"}],"wp:featuredmedia":[{"embeddable":true,"href":"https:\/\/opinionpublica.com.ar\/index\/wp-json\/wp\/v2\/media\/12229"}],"wp:attachment":[{"href":"https:\/\/opinionpublica.com.ar\/index\/wp-json\/wp\/v2\/media?parent=12228"}],"wp:term":[{"taxonomy":"category","embeddable":true,"href":"https:\/\/opinionpublica.com.ar\/index\/wp-json\/wp\/v2\/categories?post=12228"},{"taxonomy":"post_tag","embeddable":true,"href":"https:\/\/opinionpublica.com.ar\/index\/wp-json\/wp\/v2\/tags?post=12228"}],"curies":[{"name":"wp","href":"https:\/\/api.w.org\/{rel}","templated":true}]}}