{"id":12234,"date":"2026-01-23T08:46:17","date_gmt":"2026-01-23T11:46:17","guid":{"rendered":"https:\/\/opinionpublica.com.ar\/index\/?p=12234"},"modified":"2026-01-23T08:47:32","modified_gmt":"2026-01-23T11:47:32","slug":"inedito-swap-entre-ypf-y-pluspetrol-en-vaca-muerta","status":"publish","type":"post","link":"https:\/\/opinionpublica.com.ar\/index\/inedito-swap-entre-ypf-y-pluspetrol-en-vaca-muerta\/","title":{"rendered":"In\u00e9dito swap entre YPF y Pluspetrol en Vaca Muerta"},"content":{"rendered":"<h3>In\u00e9dito swap entre YPF y Pluspetrol en Vaca Muerta para blindar proyecto exportador de GNL<\/h3>\n<p>YPF toma el control de \u00e1reas clave de gas h\u00famedo para sumar socios internacionales y potenciar las exportaciones de GNL bajo el esquema del RIGI<\/p>\n<div class=\"mceTemp\"><a href=\"https:\/\/opinionpublica.com.ar\/index\/wp-content\/uploads\/2024\/07\/vaca-muerta.webp\"><img fetchpriority=\"high\" decoding=\"async\" class=\"alignnone size-full wp-image-4486\" src=\"https:\/\/opinionpublica.com.ar\/index\/wp-content\/uploads\/2024\/07\/vaca-muerta.webp\" alt=\"\" width=\"822\" height=\"460\" srcset=\"https:\/\/opinionpublica.com.ar\/index\/wp-content\/uploads\/2024\/07\/vaca-muerta.webp 822w, https:\/\/opinionpublica.com.ar\/index\/wp-content\/uploads\/2024\/07\/vaca-muerta-300x168.webp 300w, https:\/\/opinionpublica.com.ar\/index\/wp-content\/uploads\/2024\/07\/vaca-muerta-768x430.webp 768w\" sizes=\"(max-width: 822px) 100vw, 822px\" \/><\/a>YPF y Pluspetrol sellaron un acuerdo estrat\u00e9gico de intercambio de activos que redefine el mapa de participaci\u00f3n en Vaca Muerta. La operaci\u00f3n implica que la compa\u00f1\u00eda liderada por Horacio Mar\u00edn adquiere la totalidad de la participaci\u00f3n en los bloques Meseta Buena Esperanza, Aguada Villanueva y Las Tacanas. A cambio, Pluspetrol se incorpora como accionista en Vaca Muerta Inversiones, sociedad que controla las \u00e1reas La Escalonada y Rinc\u00f3n de Ceniza.<\/p>\n<p>&nbsp;<\/p>\n<p>Pluspetrol manten\u00eda la participaci\u00f3n en las \u00e1reas Meseta Buena Esperanza, Aguada Villanueva y Las Tacanas en Vaca Muerta, desde 2014, cuando adquiri\u00f3 el 50% de dichos activos a la empresa estadounidense Apache. Estas \u00e1reas, linderas y situadas en Neuqu\u00e9n, eran operadas en asociaci\u00f3n con YPF.<\/p>\n<p>&nbsp;<\/p>\n<p>En tanto, en agosto de 2025, YPF hab\u00eda cerrado la adquisici\u00f3n del 45% de participaci\u00f3n de la francesa TotalEnergies en los bloques La Esclonada y Rinc\u00f3n de la Cenica, tambi\u00e9n en Vaca Muerta, por aproximadamente US$ 500 millones, en una de las grandes operaciones de adquisiciones de la industria de 2025.<\/p>\n<p><a href=\"https:\/\/opinionpublica.com.ar\/index\/wp-content\/uploads\/2024\/11\/ExxonMobil-vaca-muerta.jpg\"><img decoding=\"async\" class=\"alignnone size-full wp-image-6789\" src=\"https:\/\/opinionpublica.com.ar\/index\/wp-content\/uploads\/2024\/11\/ExxonMobil-vaca-muerta.jpg\" alt=\"\" width=\"1024\" height=\"747\" srcset=\"https:\/\/opinionpublica.com.ar\/index\/wp-content\/uploads\/2024\/11\/ExxonMobil-vaca-muerta.jpg 1024w, https:\/\/opinionpublica.com.ar\/index\/wp-content\/uploads\/2024\/11\/ExxonMobil-vaca-muerta-300x219.jpg 300w, https:\/\/opinionpublica.com.ar\/index\/wp-content\/uploads\/2024\/11\/ExxonMobil-vaca-muerta-768x560.jpg 768w\" sizes=\"(max-width: 1024px) 100vw, 1024px\" \/><\/a><\/p>\n<p>Este movimiento de swap era esperado en la industria, ya que forma parte del andamiaje necesario para sustentar el megaproyecto Argentina LNG, y con la consolidaci\u00f3n de YPF en estas \u00e1reas se produce tras el acuerdo marco sellado con la italiana Eni y la emirat\u00ed ADNOC.<\/p>\n<p>&nbsp;<\/p>\n<h4>Por qu\u00e9 YPF necesitaba las nuevas \u00e1reas<\/h4>\n<p>El objetivo final es acondicionar estos tres yacimientos para permitir el ingreso de los capitales internacionales al segmento del upstream que apuntalen las millonarias inversiones requeridas para exportaci\u00f3n de 12 millones de toneladas anuales (MTPA) de GNL, a trav\u00e9s de dos barcazas luciefactoras en las costas de R\u00edo Negro.<\/p>\n<p>&nbsp;<\/p>\n<p>La hoja de ruta de la compa\u00f1\u00eda ya contemplaba esta necesidad cuando Mar\u00edn vincul\u00f3 el desarrollo exportador de gas natural licuado a la llegada de socios globales. El control total de Aguada Villanueva, Las Tacanas y Meseta Buena Esperanza permitir\u00e1 a la petrolera de bandera negociar con la italiana Eni su entrada directa como operadora o socia.<\/p>\n<p>&nbsp;<\/p>\n<p>Esta operaci\u00f3n facilitar\u00e1 la participaci\u00f3n y el financiamiento de una infraestructura que demandar\u00e1, en principio, unos u$s16.000 millines ademas de otros u$s12.000 millones en el desarrollo de \u00e1reas no convencionales de gas h\u00famedo, como los tres bloques en cuesti\u00f3n, tal como estim\u00f3 Mar\u00edn por entonces.<\/p>\n<p>&nbsp;<\/p>\n<p>Un factor determinante en esta reconfiguraci\u00f3n fue el cambio de enfoque t\u00e9cnico sobre el tipo de recurso a explotar. Si bien originalmente se proyectaba el uso de gas seco, t\u00e9cnicos de Shell y Eni se\u00f1alaron a YPF que la viabilidad econ\u00f3mica del proyecto mejoraba sustancialmente al trabajar con \u00abgas h\u00famedo\u00bb.<\/p>\n<p>&nbsp;<\/p>\n<h4>La riqueza del shale gas de Vaca Muerta<\/h4>\n<p>Estas \u00e1reas, ahora bajo control de YPF, poseen yacimientos ricos en condensados y l\u00edquidos que optimizan la rentabilidad de la operaci\u00f3n, lo que permitir\u00e1 un negocio adicional al GNL con la producci\u00f3n y exportaci\u00f3n de productos de exportaci\u00f3n como metano, etano, propano, butano y gasolina.<\/p>\n<p><a href=\"https:\/\/opinionpublica.com.ar\/index\/wp-content\/uploads\/2024\/04\/gas-vaca-muerta.jpg\"><img decoding=\"async\" class=\"alignnone size-full wp-image-1631\" src=\"https:\/\/opinionpublica.com.ar\/index\/wp-content\/uploads\/2024\/04\/gas-vaca-muerta.jpg\" alt=\"\" width=\"300\" height=\"168\" \/><\/a><\/p>\n<p>Para que este esquema sea plenamente funcional, la industria logr\u00f3 del gobierno la adecuaci\u00f3n regulatoria del R\u00e9gimen de Incentivo de Grandes Inversiones (RIGI) que permita incluir al \u00abgas h\u00famedo\u00bb dentro de los beneficios tributarios y aduaneros, un paraguas que se extendi\u00f3 a todas las operaciones de upstream de gas y petr\u00f3leo.<\/p>\n<p>&nbsp;<\/p>\n<p>Desde la perspectiva t\u00e9cnica, las \u00e1reas transferidas ofrecen un potencial diverso. Mientras Las Tacanas se posiciona con fuerza en la ventana de gas, bloques como Aguada Villanueva y Meseta Buena Esperanza aportan la riqueza de los l\u00edquidos asociados. Esta combinaci\u00f3n es la que termin\u00f3 por inclinar la balanza para que YPF decidiera absorber la parte que pertenec\u00eda a Pluspetrol en dichos activos.<\/p>\n<p>&nbsp;<\/p>\n<p>Con esta firma, la Argentina da un paso firme hacia su consolidaci\u00f3n como exportador global de energ\u00eda. La salida total o parcial de Pluspetrol de estos bloques estrat\u00e9gicos despeja el camino para que los nuevos jugadores internacionales se asienten en la Cuenca Neuquina, asegurando el suministro necesario para las 12 millones de toneladas anuales de GNL que el pa\u00eds proyecta vender al mundo.<\/p>\n<p>&nbsp;<\/p>\n<\/div>\n","protected":false},"excerpt":{"rendered":"<p>In\u00e9dito swap entre YPF y Pluspetrol en Vaca Muerta para blindar proyecto exportador de GNL YPF toma el<\/p>\n","protected":false},"author":5,"featured_media":879,"comment_status":"open","ping_status":"open","sticky":false,"template":"","format":"standard","meta":{"footnotes":""},"categories":[29,3],"tags":[2817,2617,3397,272,379],"class_list":["post-12234","post","type-post","status-publish","format-standard","has-post-thumbnail","hentry","category-interes-general","category-nacionales","tag-gnl","tag-pluspetrol","tag-swap","tag-vaca-muerta","tag-ypf"],"featured_image_urls":{"full":["https:\/\/opinionpublica.com.ar\/index\/wp-content\/uploads\/2024\/03\/vaca-muerta.jpg",1403,693,false],"thumbnail":["https:\/\/opinionpublica.com.ar\/index\/wp-content\/uploads\/2024\/03\/vaca-muerta-150x150.jpg",150,150,true],"medium":["https:\/\/opinionpublica.com.ar\/index\/wp-content\/uploads\/2024\/03\/vaca-muerta-300x148.jpg",300,148,true],"medium_large":["https:\/\/opinionpublica.com.ar\/index\/wp-content\/uploads\/2024\/03\/vaca-muerta-768x379.jpg",640,316,true],"large":["https:\/\/opinionpublica.com.ar\/index\/wp-content\/uploads\/2024\/03\/vaca-muerta-1024x506.jpg",640,316,true],"1536x1536":["https:\/\/opinionpublica.com.ar\/index\/wp-content\/uploads\/2024\/03\/vaca-muerta.jpg",1403,693,false],"2048x2048":["https:\/\/opinionpublica.com.ar\/index\/wp-content\/uploads\/2024\/03\/vaca-muerta.jpg",1403,693,false],"morenews-large":["https:\/\/opinionpublica.com.ar\/index\/wp-content\/uploads\/2024\/03\/vaca-muerta-825x575.jpg",825,575,true],"morenews-medium":["https:\/\/opinionpublica.com.ar\/index\/wp-content\/uploads\/2024\/03\/vaca-muerta-590x410.jpg",590,410,true]},"author_info":{"display_name":"Hal","author_link":"https:\/\/opinionpublica.com.ar\/index\/author\/hal\/"},"category_info":"<a href=\"https:\/\/opinionpublica.com.ar\/index\/category\/interes-general\/\" rel=\"category tag\">Interes General<\/a> <a href=\"https:\/\/opinionpublica.com.ar\/index\/category\/nacionales\/\" rel=\"category tag\">Nacionales<\/a>","tag_info":"Nacionales","comment_count":"0","_links":{"self":[{"href":"https:\/\/opinionpublica.com.ar\/index\/wp-json\/wp\/v2\/posts\/12234","targetHints":{"allow":["GET"]}}],"collection":[{"href":"https:\/\/opinionpublica.com.ar\/index\/wp-json\/wp\/v2\/posts"}],"about":[{"href":"https:\/\/opinionpublica.com.ar\/index\/wp-json\/wp\/v2\/types\/post"}],"author":[{"embeddable":true,"href":"https:\/\/opinionpublica.com.ar\/index\/wp-json\/wp\/v2\/users\/5"}],"replies":[{"embeddable":true,"href":"https:\/\/opinionpublica.com.ar\/index\/wp-json\/wp\/v2\/comments?post=12234"}],"version-history":[{"count":2,"href":"https:\/\/opinionpublica.com.ar\/index\/wp-json\/wp\/v2\/posts\/12234\/revisions"}],"predecessor-version":[{"id":12236,"href":"https:\/\/opinionpublica.com.ar\/index\/wp-json\/wp\/v2\/posts\/12234\/revisions\/12236"}],"wp:featuredmedia":[{"embeddable":true,"href":"https:\/\/opinionpublica.com.ar\/index\/wp-json\/wp\/v2\/media\/879"}],"wp:attachment":[{"href":"https:\/\/opinionpublica.com.ar\/index\/wp-json\/wp\/v2\/media?parent=12234"}],"wp:term":[{"taxonomy":"category","embeddable":true,"href":"https:\/\/opinionpublica.com.ar\/index\/wp-json\/wp\/v2\/categories?post=12234"},{"taxonomy":"post_tag","embeddable":true,"href":"https:\/\/opinionpublica.com.ar\/index\/wp-json\/wp\/v2\/tags?post=12234"}],"curies":[{"name":"wp","href":"https:\/\/api.w.org\/{rel}","templated":true}]}}