{"id":12240,"date":"2026-01-26T11:39:41","date_gmt":"2026-01-26T14:39:41","guid":{"rendered":"https:\/\/opinionpublica.com.ar\/index\/?p=12240"},"modified":"2026-01-26T11:39:41","modified_gmt":"2026-01-26T14:39:41","slug":"el-estado-nacional-evalua-una-denuncia-por-presuntos-incumplimientos-ambientales-en-una-base-antartica","status":"publish","type":"post","link":"https:\/\/opinionpublica.com.ar\/index\/el-estado-nacional-evalua-una-denuncia-por-presuntos-incumplimientos-ambientales-en-una-base-antartica\/","title":{"rendered":"El Estado nacional eval\u00faa una denuncia por presuntos incumplimientos ambientales en una base ant\u00e1rtica"},"content":{"rendered":"<h3>El Estado nacional eval\u00faa una denuncia por presuntos incumplimientos ambientales en una base ant\u00e1rtica<\/h3>\n<p><a href=\"https:\/\/opinionpublica.com.ar\/index\/wp-content\/uploads\/2024\/04\/base-brow-2.jpg\"><img fetchpriority=\"high\" decoding=\"async\" class=\"alignnone size-full wp-image-1608\" src=\"https:\/\/opinionpublica.com.ar\/index\/wp-content\/uploads\/2024\/04\/base-brow-2.jpg\" alt=\"\" width=\"1024\" height=\"595\" srcset=\"https:\/\/opinionpublica.com.ar\/index\/wp-content\/uploads\/2024\/04\/base-brow-2.jpg 1024w, https:\/\/opinionpublica.com.ar\/index\/wp-content\/uploads\/2024\/04\/base-brow-2-300x174.jpg 300w, https:\/\/opinionpublica.com.ar\/index\/wp-content\/uploads\/2024\/04\/base-brow-2-768x446.jpg 768w\" sizes=\"(max-width: 1024px) 100vw, 1024px\" \/><\/a><\/p>\n<p>Un memor\u00e1ndum interno elevado a las autoridades nacionales da cuenta de presuntos incumplimientos ambientales y posibles irregularidades funcionales durante la Campa\u00f1a Ant\u00e1rtica 2025 en una base argentina. El Estado nacional analiza el caso conforme a los mecanismos institucionales vigentes.<\/p>\n<p>&nbsp;<\/p>\n<p><strong>Una denuncia interna puesta en conocimiento de Naci\u00f3n<\/strong><\/p>\n<p>Un memor\u00e1ndum elevado a las autoridades nacionales habr\u00eda puesto en conocimiento del Poder Ejecutivo una serie de hechos que estar\u00edan siendo evaluados en el marco de la Campa\u00f1a Ant\u00e1rtica 2025, desarrollada en la Base Ant\u00e1rtica Conjunta Petrel. El documento, fechado el 10 de enero de 2026, fue elaborado por el Comando Conjunto Ant\u00e1rtico y da cuenta de una denuncia interna, cuya veracidad y alcance quedar\u00edan sujetos a las instancias administrativas y legales correspondientes.<\/p>\n<p>&nbsp;<\/p>\n<p><strong>Presuntas situaciones de trato indebido y funcionamiento interno<\/strong><\/p>\n<p>Entre los hechos relatados, se mencionan presuntas pr\u00e1cticas de maltrato al personal, uso de lenguaje intimidante y la aplicaci\u00f3n de sanciones que habr\u00edan sido consideradas excesivas, situaciones que podr\u00edan haber afectado la convivencia interna y las condiciones de trabajo de la dotaci\u00f3n durante la campa\u00f1a invernal.<\/p>\n<p>&nbsp;<\/p>\n<p><strong>Posibles incumplimientos de la normativa ambiental ant\u00e1rtica<\/strong><\/p>\n<p>El memor\u00e1ndum incorpora un apartado espec\u00edfico referido a eventuales incumplimientos de los protocolos ambientales, se\u00f1alando que se habr\u00edan impartido \u00f3rdenes verbales vinculadas a la disposici\u00f3n final de residuos mediante quema a cielo abierto, as\u00ed como a la eliminaci\u00f3n irregular de combustibles y aceites.<\/p>\n<p>&nbsp;<\/p>\n<p><strong>El rol del Estado nacional y la evaluaci\u00f3n institucional<\/strong><\/p>\n<p>Desde una perspectiva institucional, el documento subraya la importancia de que estas situaciones sean evaluadas por el Estado nacional, en su rol de garante del cumplimiento de los compromisos internacionales asumidos por la Argentina en la Ant\u00e1rtida y de la integridad del personal desplegado.<\/p>\n<p>&nbsp;<\/p>\n","protected":false},"excerpt":{"rendered":"<p>El Estado nacional eval\u00faa una denuncia por presuntos incumplimientos ambientales en una base ant\u00e1rtica Un memor\u00e1ndum interno elevado<\/p>\n","protected":false},"author":5,"featured_media":1607,"comment_status":"open","ping_status":"open","sticky":false,"template":"","format":"standard","meta":{"footnotes":""},"categories":[29,2],"tags":[1215,232],"class_list":["post-12240","post","type-post","status-publish","format-standard","has-post-thumbnail","hentry","category-interes-general","category-tierra-del-fuego","tag-antartida-argentina","tag-denuncia"],"featured_image_urls":{"full":["https:\/\/opinionpublica.com.ar\/index\/wp-content\/uploads\/2024\/04\/base-brown-1.jpg",1024,595,false],"thumbnail":["https:\/\/opinionpublica.com.ar\/index\/wp-content\/uploads\/2024\/04\/base-brown-1-150x150.jpg",150,150,true],"medium":["https:\/\/opinionpublica.com.ar\/index\/wp-content\/uploads\/2024\/04\/base-brown-1-300x174.jpg",300,174,true],"medium_large":["https:\/\/opinionpublica.com.ar\/index\/wp-content\/uploads\/2024\/04\/base-brown-1-768x446.jpg",640,372,true],"large":["https:\/\/opinionpublica.com.ar\/index\/wp-content\/uploads\/2024\/04\/base-brown-1.jpg",640,372,false],"1536x1536":["https:\/\/opinionpublica.com.ar\/index\/wp-content\/uploads\/2024\/04\/base-brown-1.jpg",1024,595,false],"2048x2048":["https:\/\/opinionpublica.com.ar\/index\/wp-content\/uploads\/2024\/04\/base-brown-1.jpg",1024,595,false],"morenews-large":["https:\/\/opinionpublica.com.ar\/index\/wp-content\/uploads\/2024\/04\/base-brown-1-825x575.jpg",825,575,true],"morenews-medium":["https:\/\/opinionpublica.com.ar\/index\/wp-content\/uploads\/2024\/04\/base-brown-1-590x410.jpg",590,410,true]},"author_info":{"display_name":"Hal","author_link":"https:\/\/opinionpublica.com.ar\/index\/author\/hal\/"},"category_info":"<a href=\"https:\/\/opinionpublica.com.ar\/index\/category\/interes-general\/\" rel=\"category tag\">Interes General<\/a> <a href=\"https:\/\/opinionpublica.com.ar\/index\/category\/tierra-del-fuego\/\" rel=\"category tag\">Tierra del Fuego<\/a>","tag_info":"Tierra del Fuego","comment_count":"0","_links":{"self":[{"href":"https:\/\/opinionpublica.com.ar\/index\/wp-json\/wp\/v2\/posts\/12240","targetHints":{"allow":["GET"]}}],"collection":[{"href":"https:\/\/opinionpublica.com.ar\/index\/wp-json\/wp\/v2\/posts"}],"about":[{"href":"https:\/\/opinionpublica.com.ar\/index\/wp-json\/wp\/v2\/types\/post"}],"author":[{"embeddable":true,"href":"https:\/\/opinionpublica.com.ar\/index\/wp-json\/wp\/v2\/users\/5"}],"replies":[{"embeddable":true,"href":"https:\/\/opinionpublica.com.ar\/index\/wp-json\/wp\/v2\/comments?post=12240"}],"version-history":[{"count":1,"href":"https:\/\/opinionpublica.com.ar\/index\/wp-json\/wp\/v2\/posts\/12240\/revisions"}],"predecessor-version":[{"id":12241,"href":"https:\/\/opinionpublica.com.ar\/index\/wp-json\/wp\/v2\/posts\/12240\/revisions\/12241"}],"wp:featuredmedia":[{"embeddable":true,"href":"https:\/\/opinionpublica.com.ar\/index\/wp-json\/wp\/v2\/media\/1607"}],"wp:attachment":[{"href":"https:\/\/opinionpublica.com.ar\/index\/wp-json\/wp\/v2\/media?parent=12240"}],"wp:term":[{"taxonomy":"category","embeddable":true,"href":"https:\/\/opinionpublica.com.ar\/index\/wp-json\/wp\/v2\/categories?post=12240"},{"taxonomy":"post_tag","embeddable":true,"href":"https:\/\/opinionpublica.com.ar\/index\/wp-json\/wp\/v2\/tags?post=12240"}],"curies":[{"name":"wp","href":"https:\/\/api.w.org\/{rel}","templated":true}]}}