{"id":12247,"date":"2026-01-26T17:47:06","date_gmt":"2026-01-26T20:47:06","guid":{"rendered":"https:\/\/opinionpublica.com.ar\/index\/?p=12247"},"modified":"2026-01-26T17:53:36","modified_gmt":"2026-01-26T20:53:36","slug":"preocupacion-en-la-armada-por-la-llegada-de-un-avion-militar-de-eeuu-a-ushuaia","status":"publish","type":"post","link":"https:\/\/opinionpublica.com.ar\/index\/preocupacion-en-la-armada-por-la-llegada-de-un-avion-militar-de-eeuu-a-ushuaia\/","title":{"rendered":"Preocupaci\u00f3n en la Armada por la llegada de un avi\u00f3n militar de EEUU a Ushuaia"},"content":{"rendered":"<h3>Preocupaci\u00f3n en la Armada por la llegada de un avi\u00f3n militar de EEUU a Ushuaia<\/h3>\n<p>La embajada de Estados Unidos explic\u00f3 a LPO que se trata de una comitiva bipartidista de la Comisi\u00f3n de Energ\u00eda.<\/p>\n<p><a href=\"https:\/\/opinionpublica.com.ar\/index\/wp-content\/uploads\/2026\/01\/69773b76650ec-screen-and-max-width480px_880_880.webp\"><img fetchpriority=\"high\" decoding=\"async\" class=\"alignnone size-full wp-image-12248\" src=\"https:\/\/opinionpublica.com.ar\/index\/wp-content\/uploads\/2026\/01\/69773b76650ec-screen-and-max-width480px_880_880.webp\" alt=\"\" width=\"880\" height=\"880\" srcset=\"https:\/\/opinionpublica.com.ar\/index\/wp-content\/uploads\/2026\/01\/69773b76650ec-screen-and-max-width480px_880_880.webp 880w, https:\/\/opinionpublica.com.ar\/index\/wp-content\/uploads\/2026\/01\/69773b76650ec-screen-and-max-width480px_880_880-300x300.webp 300w, https:\/\/opinionpublica.com.ar\/index\/wp-content\/uploads\/2026\/01\/69773b76650ec-screen-and-max-width480px_880_880-150x150.webp 150w, https:\/\/opinionpublica.com.ar\/index\/wp-content\/uploads\/2026\/01\/69773b76650ec-screen-and-max-width480px_880_880-768x768.webp 768w\" sizes=\"(max-width: 880px) 100vw, 880px\" \/><\/a><\/p>\n<p>En medio de un absoluto hermetismo, un avi\u00f3n de la Fuerza A\u00e9rea de Estados Unidos aterriz\u00f3 en el Puerto de Ushuaia.<\/p>\n<p>&nbsp;<\/p>\n<p>Se trata de un Boeing C-40 Clipper que, seg\u00fan inform\u00f3 el sitio Agenda Malvinas, aterriz\u00f3 en la capital fueguina, proveniente de la base militar Joint Base Andrews, en Maryland, con una escala previa en la provincia de San Juan y en Buenos Aires.<\/p>\n<p>&nbsp;<\/p>\n<p>El arribo no es nada habitual y se produce en medio de las especulaciones ligadas al proyecto de la Base Naval Integrada que genera inter\u00e9s en Estados Unidos para el monitoreo de la presencia china en la zona y la presencia militar en una zona estrat\u00e9gica que incluye toda la zona Ant\u00e1rtica.<\/p>\n<p>&nbsp;<\/p>\n<p>En ese marco, dos generales del Comando Sur visitaron la base durante el gobierno de Javier Milei. En 2024 fue Laura Richardson durante la gesti\u00f3n de Joe Biden y septiembre de 2025, Alvin Holsey, ya durante la Administraci\u00f3n Trump.<\/p>\n<p>&nbsp;<\/p>\n<p>Adem\u00e1s, esta visita coincide con la intervenci\u00f3n de Milei del puerto de Usuhaia efectuada al semana pasada ras detectar que la administraci\u00f3n de Gustavo Melella se apropi\u00f3 del 30 por ciento de los recursos para gastos corrientes de la provincia.<\/p>\n<p>&nbsp;<\/p>\n<p>La intervenci\u00f3n, definida por la Agencia Nacional de Puertos y Navegaci\u00f3n (ANPYN), ser\u00e1 por 12 meses y al frente quedar\u00e1 el sindicalista Juan Avellaneda, secretario general de la Uni\u00f3n Personal Superior Ferroviario (UPSF) de Tierra del Fuego, quien hizo la denuncia inicial por las irregularidades en el manejo del puerto.<\/p>\n<p>&nbsp;<\/p>\n<p>El gobierno nacional justific\u00f3 la medida por irregularidades financieras, desv\u00edo de fondos y problemas de infraestructura en el puerto de la capital fueguina, que en estos momentos est\u00e1 en plena temporada de cruceros.<\/p>\n<p>&nbsp;<\/p>\n<p>No es algo habitual la llegada de un avi\u00f3n con una misi\u00f3n de Estados Unidos, muchos menos un avi\u00f3n militar<\/p>\n<p><a href=\"https:\/\/opinionpublica.com.ar\/index\/wp-content\/uploads\/2026\/01\/AIR_C-40B_Delivery_Wichita_lg.jpg\"><img decoding=\"async\" class=\"alignnone size-full wp-image-12250\" src=\"https:\/\/opinionpublica.com.ar\/index\/wp-content\/uploads\/2026\/01\/AIR_C-40B_Delivery_Wichita_lg.jpg\" alt=\"\" width=\"1024\" height=\"680\" srcset=\"https:\/\/opinionpublica.com.ar\/index\/wp-content\/uploads\/2026\/01\/AIR_C-40B_Delivery_Wichita_lg.jpg 1024w, https:\/\/opinionpublica.com.ar\/index\/wp-content\/uploads\/2026\/01\/AIR_C-40B_Delivery_Wichita_lg-300x199.jpg 300w, https:\/\/opinionpublica.com.ar\/index\/wp-content\/uploads\/2026\/01\/AIR_C-40B_Delivery_Wichita_lg-768x510.jpg 768w\" sizes=\"(max-width: 1024px) 100vw, 1024px\" \/><\/a><\/p>\n<p>Fuentes al tanto de la situaci\u00f3n explicaron a LPO que la ANPYN hab\u00eda realizado varias inspecciones y hab\u00eda advertido a Melella que deb\u00eda tomar diversas medidas, pero el gobernador hizo caso omiso. \u00abNo compartimos ni la medida ni sus fundamentos, y creemos que no existe una justificaci\u00f3n objetiva\u00bb, respondi\u00f3 Melella.<\/p>\n<p>&nbsp;<\/p>\n<p>En efecto, la presencia de Estados Unidos en Ushuaia genera tensi\u00f3n en Canciller\u00eda y Defensa pero tambi\u00e9n en Chile porque pone en crisis el Tratado Ant\u00e1rtico que prohibe la presencia militar en la zona.<\/p>\n<p>&nbsp;<\/p>\n<p>&nbsp;<\/p>\n<p>El periodista patag\u00f3nico, Guillermo Worman, public\u00f3 en sus redes que fueron al menos 7 senadores norteamericanos los que visitaron el Parque Nacional Tierra del Fuego, cenaron en Ushuaia y visitaron lugares estrat\u00e9gicos de Ushuaia en una visita que fue coordinada por la Embajada de EEUU en Buenos Aires.<\/p>\n<p>&nbsp;<\/p>\n<p>El gobierno argentino no dio precisiones respecto de la visita sino que fue la oficina de prensa de la embajada de Estados Unidos quien detall\u00f3 a LPO que se trata de una comitiva bipartidista de congresistas miembros de la Comisi\u00f3n de Energ\u00eda y Comercio que incluye reuniones con \u00abfuncionarios gubernamentales y actores clave\u00bb para discutir varios temas, entre ellos \u00abel procesamiento de minerales cr\u00edticos\u00bb.<\/p>\n<p><a href=\"https:\/\/opinionpublica.com.ar\/index\/wp-content\/uploads\/2026\/01\/images.jpeg\"><img decoding=\"async\" class=\"alignnone size-full wp-image-12251\" src=\"https:\/\/opinionpublica.com.ar\/index\/wp-content\/uploads\/2026\/01\/images.jpeg\" alt=\"\" width=\"554\" height=\"554\" srcset=\"https:\/\/opinionpublica.com.ar\/index\/wp-content\/uploads\/2026\/01\/images.jpeg 554w, https:\/\/opinionpublica.com.ar\/index\/wp-content\/uploads\/2026\/01\/images-300x300.jpeg 300w, https:\/\/opinionpublica.com.ar\/index\/wp-content\/uploads\/2026\/01\/images-150x150.jpeg 150w\" sizes=\"(max-width: 554px) 100vw, 554px\" \/><\/a><\/p>\n<p><strong>Hay preocupaci\u00f3n y sorpresa porque ese puerto es estrat\u00e9gico<\/strong><\/p>\n<p>\u00abLa visita incluye reuniones con funcionarios gubernamentales y actores clave para abordar la degradaci\u00f3n de entornos naturales, la tramitaci\u00f3n de permisos para la gesti\u00f3n de minas y residuos, el procesamiento de minerales cr\u00edticos, la investigaci\u00f3n en salud p\u00fablica y la seguridad m\u00e9dica\u00bb, informaron.<\/p>\n<p>&nbsp;<\/p>\n<p>Lo que resulta extra\u00f1o es que no se sabe el listado de los congresistas que vinieron, no tienen una agenda de trabajo con el Congreso argentino ni tienen reuniones previstas con autoridades fueguinas.<\/p>\n<p>&nbsp;<\/p>\n<p>Advierten que la presencia militar de EEUU en Ushuaia pone en riesgo el Tratado Ant\u00e1rtico<\/p>\n<p>&nbsp;<\/p>\n<p>Fuentes fueguinas afirmaron a LPO que \u00abhasta ayer era un misterio. No hubo ninguna informaci\u00f3n oficial\u00bb. Respecto de las reuniones que mantendr\u00e1n estos legisladores con autoridades, desde Tierra del Fuego aclaran que \u00abdeben ser reuniones con funcionarios nacionales porque con locales no hay nada agenda\u00bb.<\/p>\n<p>&nbsp;<\/p>\n<p>A su vez, firman que parte de la opini\u00f3n p\u00fablica lig\u00f3 este desembarco con la decisi\u00f3n de intervenci\u00f3n del puerto. \u00abNo es algo habitual la llegada de un avi\u00f3n con una misi\u00f3n de Estados Unidos, muchos menos un avi\u00f3n militar\u00bb, asegura este funcionario.<\/p>\n<p>&nbsp;<\/p>\n<p>Quien no tom\u00f3 bien esto fue la Armada argentina. Fuentes militares confirmaron a LPO que el jefe de la Armada, el vicealmirante Juan Carlos Romay, se enter\u00f3 de la noticia por los medios. \u00abHay preocupaci\u00f3n y sorpresa porque ese puerto es estrat\u00e9gico\u00bb, indic\u00f3 un militar en actividad que se encarg\u00f3 de aclarar que las Fuerzas Armadas Argentinas no tuvieron ning\u00fan rol en este arribo.<\/p>\n<p>&nbsp;<\/p>\n","protected":false},"excerpt":{"rendered":"<p>Preocupaci\u00f3n en la Armada por la llegada de un avi\u00f3n militar de EEUU a Ushuaia La embajada de<\/p>\n","protected":false},"author":5,"featured_media":12250,"comment_status":"open","ping_status":"open","sticky":false,"template":"","format":"standard","meta":{"footnotes":""},"categories":[2,21],"tags":[4108,539,6,573],"class_list":["post-12247","post","type-post","status-publish","format-standard","has-post-thumbnail","hentry","category-tierra-del-fuego","category-ushuaia","tag-avion-oficial","tag-estados-unidos","tag-ushuaia","tag-visita"],"featured_image_urls":{"full":["https:\/\/opinionpublica.com.ar\/index\/wp-content\/uploads\/2026\/01\/AIR_C-40B_Delivery_Wichita_lg.jpg",1024,680,false],"thumbnail":["https:\/\/opinionpublica.com.ar\/index\/wp-content\/uploads\/2026\/01\/AIR_C-40B_Delivery_Wichita_lg-150x150.jpg",150,150,true],"medium":["https:\/\/opinionpublica.com.ar\/index\/wp-content\/uploads\/2026\/01\/AIR_C-40B_Delivery_Wichita_lg-300x199.jpg",300,199,true],"medium_large":["https:\/\/opinionpublica.com.ar\/index\/wp-content\/uploads\/2026\/01\/AIR_C-40B_Delivery_Wichita_lg-768x510.jpg",640,425,true],"large":["https:\/\/opinionpublica.com.ar\/index\/wp-content\/uploads\/2026\/01\/AIR_C-40B_Delivery_Wichita_lg.jpg",640,425,false],"1536x1536":["https:\/\/opinionpublica.com.ar\/index\/wp-content\/uploads\/2026\/01\/AIR_C-40B_Delivery_Wichita_lg.jpg",1024,680,false],"2048x2048":["https:\/\/opinionpublica.com.ar\/index\/wp-content\/uploads\/2026\/01\/AIR_C-40B_Delivery_Wichita_lg.jpg",1024,680,false],"morenews-large":["https:\/\/opinionpublica.com.ar\/index\/wp-content\/uploads\/2026\/01\/AIR_C-40B_Delivery_Wichita_lg-825x575.jpg",825,575,true],"morenews-medium":["https:\/\/opinionpublica.com.ar\/index\/wp-content\/uploads\/2026\/01\/AIR_C-40B_Delivery_Wichita_lg-590x410.jpg",590,410,true]},"author_info":{"display_name":"Hal","author_link":"https:\/\/opinionpublica.com.ar\/index\/author\/hal\/"},"category_info":"<a href=\"https:\/\/opinionpublica.com.ar\/index\/category\/tierra-del-fuego\/\" rel=\"category tag\">Tierra del Fuego<\/a> <a href=\"https:\/\/opinionpublica.com.ar\/index\/category\/ushuaia\/\" rel=\"category tag\">Ushuaia<\/a>","tag_info":"Ushuaia","comment_count":"0","_links":{"self":[{"href":"https:\/\/opinionpublica.com.ar\/index\/wp-json\/wp\/v2\/posts\/12247","targetHints":{"allow":["GET"]}}],"collection":[{"href":"https:\/\/opinionpublica.com.ar\/index\/wp-json\/wp\/v2\/posts"}],"about":[{"href":"https:\/\/opinionpublica.com.ar\/index\/wp-json\/wp\/v2\/types\/post"}],"author":[{"embeddable":true,"href":"https:\/\/opinionpublica.com.ar\/index\/wp-json\/wp\/v2\/users\/5"}],"replies":[{"embeddable":true,"href":"https:\/\/opinionpublica.com.ar\/index\/wp-json\/wp\/v2\/comments?post=12247"}],"version-history":[{"count":4,"href":"https:\/\/opinionpublica.com.ar\/index\/wp-json\/wp\/v2\/posts\/12247\/revisions"}],"predecessor-version":[{"id":12255,"href":"https:\/\/opinionpublica.com.ar\/index\/wp-json\/wp\/v2\/posts\/12247\/revisions\/12255"}],"wp:featuredmedia":[{"embeddable":true,"href":"https:\/\/opinionpublica.com.ar\/index\/wp-json\/wp\/v2\/media\/12250"}],"wp:attachment":[{"href":"https:\/\/opinionpublica.com.ar\/index\/wp-json\/wp\/v2\/media?parent=12247"}],"wp:term":[{"taxonomy":"category","embeddable":true,"href":"https:\/\/opinionpublica.com.ar\/index\/wp-json\/wp\/v2\/categories?post=12247"},{"taxonomy":"post_tag","embeddable":true,"href":"https:\/\/opinionpublica.com.ar\/index\/wp-json\/wp\/v2\/tags?post=12247"}],"curies":[{"name":"wp","href":"https:\/\/api.w.org\/{rel}","templated":true}]}}