{"id":12256,"date":"2026-01-27T11:42:55","date_gmt":"2026-01-27T14:42:55","guid":{"rendered":"https:\/\/opinionpublica.com.ar\/index\/?p=12256"},"modified":"2026-01-27T11:42:55","modified_gmt":"2026-01-27T14:42:55","slug":"sindicatos-fueguinos-contra-milei","status":"publish","type":"post","link":"https:\/\/opinionpublica.com.ar\/index\/sindicatos-fueguinos-contra-milei\/","title":{"rendered":"Sindicatos fueguinos contra Milei"},"content":{"rendered":"<h3>Sindicatos fueguinos contra Milei<\/h3>\n<p>Integrantes de la CGT de las filiales de Ushuaia y R\u00edo Grande se reunieron para hacerle frente a lo que consideran \u201cun manejo arbitrario y dictatorial del Gobierno nacional sobre Tierra del Fuego\u201d.<\/p>\n<p><a href=\"https:\/\/opinionpublica.com.ar\/index\/wp-content\/uploads\/2026\/01\/IMAGE-2026-01-26-214646-660x365-1.jpg\"><img fetchpriority=\"high\" decoding=\"async\" class=\"alignnone size-full wp-image-12257\" src=\"https:\/\/opinionpublica.com.ar\/index\/wp-content\/uploads\/2026\/01\/IMAGE-2026-01-26-214646-660x365-1.jpg\" alt=\"\" width=\"660\" height=\"365\" srcset=\"https:\/\/opinionpublica.com.ar\/index\/wp-content\/uploads\/2026\/01\/IMAGE-2026-01-26-214646-660x365-1.jpg 660w, https:\/\/opinionpublica.com.ar\/index\/wp-content\/uploads\/2026\/01\/IMAGE-2026-01-26-214646-660x365-1-300x166.jpg 300w\" sizes=\"(max-width: 660px) 100vw, 660px\" \/><\/a><\/p>\n<p>M\u00e1s de 30 organizaciones sociales y gremiales se reunieron en R\u00edo Grande para rechazar la intervenci\u00f3n del puerto de Ushuaia, denunciar una avanzada sobre los recursos estrat\u00e9gicos de la provincia y anunciar el trazado conjunto de un plan de movilizaci\u00f3n.<\/p>\n<p>&nbsp;<\/p>\n<p>Los sindicatos de Tierra del Fuego, nucleados en la CGT Regional Ushuaia, la CGT Regional R\u00edo Grande y la CTA, junto a organizaciones sociales y gremios de distintos sectores, mantuvieron una reuni\u00f3n en la ciudad de R\u00edo Grande con un objetivo com\u00fan: rechazar lo que calificaron como el manejo \u201carbitrario y dictatorial\u201d que el Gobierno de Javier Milei realiza sobre los recursos estrat\u00e9gicos de la provincia.<\/p>\n<p>&nbsp;<\/p>\n<p>El encuentro se llev\u00f3 a cabo en la Casa de los Trabajadores del Taxi y cont\u00f3 con la participaci\u00f3n de m\u00e1s de 30 organizaciones, que coincidieron en denunciar decisiones adoptadas sin consenso ni consulta al pueblo fueguino. En ese marco, los dirigentes sindicales cuestionaron duramente la intervenci\u00f3n del puerto de Ushuaia, a la que definieron como una \u201cusurpaci\u00f3n por la fuerza\u201d, y la vincularon con compromisos asumidos por el Ejecutivo nacional con Estados Unidos y con la gesti\u00f3n de Donald Trump.<\/p>\n<p>&nbsp;<\/p>\n<p>Desde las organizaciones remarcaron que Tierra del Fuego es una provincia \u201cque el presidente no conoce ni comprende\u201d, y advirtieron que no se estar\u00eda dimensionando su importancia estrat\u00e9gica en relaci\u00f3n con el Atl\u00e1ntico Sur y la Ant\u00e1rtida. Seg\u00fan expresaron, la intervenci\u00f3n del puerto se realiz\u00f3 sin explicaciones claras y con consecuencias directas sobre los trabajadores del sector.<\/p>\n<p>&nbsp;<\/p>\n<p>En ese sentido, se\u00f1alaron que, mientras unas 20 personas \u201celegidas a dedo\u201d contin\u00faan desempe\u00f1\u00e1ndose en el puerto, el resto de los trabajadores se concentran en el exterior de las instalaciones para reclamar por la continuidad de sus puestos laborales, sin recibir respuestas oficiales.<\/p>\n<p>&nbsp;<\/p>\n<p>\u201cEl impacto de cada decisi\u00f3n del Gobierno nacional se traduce en decenas de puestos de trabajo perdidos y en familias que se quedan sin sustento\u201d, advirtieron durante el encuentro, al tiempo que vincularon la situaci\u00f3n del puerto con otras pol\u00edticas nacionales, como el manejo de aranceles y una reforma laboral que calificaron como \u201ctotalmente patronal\u201d, dejando al trabajador en una situaci\u00f3n de indefensi\u00f3n.<\/p>\n<p>&nbsp;<\/p>\n<p>Las centrales sindicales destacaron que la reuni\u00f3n marc\u00f3 \u201cel puntapi\u00e9 inicial de un proceso de unidad, en la que se dejar\u00e1n de lado los intereses personales para priorizar los intereses de la patria y del movimiento obrero organizado\u201d.<\/p>\n<p>&nbsp;<\/p>\n<p>Finalmente, las organizaciones anticiparon que dar\u00e1n la batalla \u201cdonde sea necesario para ampliar esta unidad, impulsar movilizaciones y acciones gremiales, y llevar el reclamo desde Tierra del Fuego hacia toda la Patagonia y el pa\u00eds\u201d.<\/p>\n<p>&nbsp;<\/p>\n","protected":false},"excerpt":{"rendered":"<p>Sindicatos fueguinos contra Milei Integrantes de la CGT de las filiales de Ushuaia y R\u00edo Grande se reunieron<\/p>\n","protected":false},"author":5,"featured_media":12257,"comment_status":"open","ping_status":"open","sticky":false,"template":"","format":"standard","meta":{"footnotes":""},"categories":[2],"tags":[],"class_list":["post-12256","post","type-post","status-publish","format-standard","has-post-thumbnail","hentry","category-tierra-del-fuego"],"featured_image_urls":{"full":["https:\/\/opinionpublica.com.ar\/index\/wp-content\/uploads\/2026\/01\/IMAGE-2026-01-26-214646-660x365-1.jpg",660,365,false],"thumbnail":["https:\/\/opinionpublica.com.ar\/index\/wp-content\/uploads\/2026\/01\/IMAGE-2026-01-26-214646-660x365-1-150x150.jpg",150,150,true],"medium":["https:\/\/opinionpublica.com.ar\/index\/wp-content\/uploads\/2026\/01\/IMAGE-2026-01-26-214646-660x365-1-300x166.jpg",300,166,true],"medium_large":["https:\/\/opinionpublica.com.ar\/index\/wp-content\/uploads\/2026\/01\/IMAGE-2026-01-26-214646-660x365-1.jpg",640,354,false],"large":["https:\/\/opinionpublica.com.ar\/index\/wp-content\/uploads\/2026\/01\/IMAGE-2026-01-26-214646-660x365-1.jpg",640,354,false],"1536x1536":["https:\/\/opinionpublica.com.ar\/index\/wp-content\/uploads\/2026\/01\/IMAGE-2026-01-26-214646-660x365-1.jpg",660,365,false],"2048x2048":["https:\/\/opinionpublica.com.ar\/index\/wp-content\/uploads\/2026\/01\/IMAGE-2026-01-26-214646-660x365-1.jpg",660,365,false],"morenews-large":["https:\/\/opinionpublica.com.ar\/index\/wp-content\/uploads\/2026\/01\/IMAGE-2026-01-26-214646-660x365-1.jpg",660,365,false],"morenews-medium":["https:\/\/opinionpublica.com.ar\/index\/wp-content\/uploads\/2026\/01\/IMAGE-2026-01-26-214646-660x365-1-590x365.jpg",590,365,true]},"author_info":{"display_name":"Hal","author_link":"https:\/\/opinionpublica.com.ar\/index\/author\/hal\/"},"category_info":"<a href=\"https:\/\/opinionpublica.com.ar\/index\/category\/tierra-del-fuego\/\" rel=\"category tag\">Tierra del Fuego<\/a>","tag_info":"Tierra del Fuego","comment_count":"0","_links":{"self":[{"href":"https:\/\/opinionpublica.com.ar\/index\/wp-json\/wp\/v2\/posts\/12256","targetHints":{"allow":["GET"]}}],"collection":[{"href":"https:\/\/opinionpublica.com.ar\/index\/wp-json\/wp\/v2\/posts"}],"about":[{"href":"https:\/\/opinionpublica.com.ar\/index\/wp-json\/wp\/v2\/types\/post"}],"author":[{"embeddable":true,"href":"https:\/\/opinionpublica.com.ar\/index\/wp-json\/wp\/v2\/users\/5"}],"replies":[{"embeddable":true,"href":"https:\/\/opinionpublica.com.ar\/index\/wp-json\/wp\/v2\/comments?post=12256"}],"version-history":[{"count":1,"href":"https:\/\/opinionpublica.com.ar\/index\/wp-json\/wp\/v2\/posts\/12256\/revisions"}],"predecessor-version":[{"id":12258,"href":"https:\/\/opinionpublica.com.ar\/index\/wp-json\/wp\/v2\/posts\/12256\/revisions\/12258"}],"wp:featuredmedia":[{"embeddable":true,"href":"https:\/\/opinionpublica.com.ar\/index\/wp-json\/wp\/v2\/media\/12257"}],"wp:attachment":[{"href":"https:\/\/opinionpublica.com.ar\/index\/wp-json\/wp\/v2\/media?parent=12256"}],"wp:term":[{"taxonomy":"category","embeddable":true,"href":"https:\/\/opinionpublica.com.ar\/index\/wp-json\/wp\/v2\/categories?post=12256"},{"taxonomy":"post_tag","embeddable":true,"href":"https:\/\/opinionpublica.com.ar\/index\/wp-json\/wp\/v2\/tags?post=12256"}],"curies":[{"name":"wp","href":"https:\/\/api.w.org\/{rel}","templated":true}]}}