{"id":12259,"date":"2026-01-27T11:50:12","date_gmt":"2026-01-27T14:50:12","guid":{"rendered":"https:\/\/opinionpublica.com.ar\/index\/?p=12259"},"modified":"2026-01-27T11:50:12","modified_gmt":"2026-01-27T14:50:12","slug":"silencio-legislativo-ante-la-intervencion-del-puerto","status":"publish","type":"post","link":"https:\/\/opinionpublica.com.ar\/index\/silencio-legislativo-ante-la-intervencion-del-puerto\/","title":{"rendered":"Silencio legislativo ante la intervenci\u00f3n del Puerto"},"content":{"rendered":"<h3>Silencio legislativo ante la intervenci\u00f3n del Puerto<\/h3>\n<p><a href=\"https:\/\/opinionpublica.com.ar\/index\/wp-content\/uploads\/2024\/03\/legislatura-provincial.jpg\"><img fetchpriority=\"high\" decoding=\"async\" class=\"alignnone size-full wp-image-1031\" src=\"https:\/\/opinionpublica.com.ar\/index\/wp-content\/uploads\/2024\/03\/legislatura-provincial.jpg\" alt=\"\" width=\"1800\" height=\"1200\" srcset=\"https:\/\/opinionpublica.com.ar\/index\/wp-content\/uploads\/2024\/03\/legislatura-provincial.jpg 1800w, https:\/\/opinionpublica.com.ar\/index\/wp-content\/uploads\/2024\/03\/legislatura-provincial-300x200.jpg 300w, https:\/\/opinionpublica.com.ar\/index\/wp-content\/uploads\/2024\/03\/legislatura-provincial-1024x683.jpg 1024w, https:\/\/opinionpublica.com.ar\/index\/wp-content\/uploads\/2024\/03\/legislatura-provincial-768x512.jpg 768w, https:\/\/opinionpublica.com.ar\/index\/wp-content\/uploads\/2024\/03\/legislatura-provincial-1536x1024.jpg 1536w\" sizes=\"(max-width: 1800px) 100vw, 1800px\" \/><\/a><\/p>\n<p>Tras la decisi\u00f3n de la Agencia Nacional de Puertos y Navegaci\u00f3n de inhabilitar e intervenir por 12 meses al Puerto de Ushuaia, la Legislatura fueguina no activ\u00f3, al menos p\u00fablicamente, la Comisi\u00f3n de Seguimiento Estrat\u00e9gico creada por ley en 2003 para resguardar activos considerados clave para los intereses provinciales.<\/p>\n<p>&nbsp;<\/p>\n<p>Apunto de cumplirse una semana desde que la Agencia Nacional de Puertos y Navegaci\u00f3n dispuso inhabilitar e intervenir por 12 meses al Puerto de Ushuaia, el Poder Legislativo provincial mantiene una inacci\u00f3n que llama la atenci\u00f3n, sobre todo por el marco normativo vigente. Hace 23 a\u00f1os, en noviembre de 2003, la Legislatura sancion\u00f3 una ley que otorg\u00f3 car\u00e1cter \u201cestrat\u00e9gico\u201d a los puertos provinciales, aeronaves y aeropuertos provinciales, infraestructura log\u00edstica provincial y servicios p\u00fablicos vinculados al tr\u00e1fico ant\u00e1rtico y subant\u00e1rtico, adem\u00e1s de recursos e infraestructura hidrocarbur\u00edfera.<\/p>\n<p>&nbsp;<\/p>\n<p>Esa norma no solo defini\u00f3 qu\u00e9 \u00e1reas deb\u00edan ser preservadas como de inter\u00e9s estrat\u00e9gico para Tierra del Fuego, sino que tambi\u00e9n cre\u00f3 la Comisi\u00f3n Legislativa de Seguimiento Estrat\u00e9gico. Entre sus atribuciones se estableci\u00f3 \u201centender integralmente\u201d en los aspectos alcanzados por la ley, \u201cidentificar e informar\u201d cualquier hecho que pudiera comprometer los intereses resguardados, \u201csugerir cursos de acci\u00f3n\u201d para su defensa e \u201cinteractuar con organismos provinciales y nacionales\u201d para optimizar el cumplimiento de los objetivos.<\/p>\n<p>&nbsp;<\/p>\n<p>Sin embargo, frente a la decisi\u00f3n adoptar el pasado mi\u00e9rcoles 21 por la Agencia Nacional de Puertos y Navegaci\u00f3n, que conduce I\u00f1aki Arreseygor, la comisi\u00f3n que, de acuerdo a la \u00faltima informaci\u00f3n oficial disponible, integran Luciano Selzer (LLA), Gisela Dos Santos (ST), Federico Greve (FORJA), Victoria Vuoto y Juan Carlos Pino (PJ), Dami\u00e1n L\u00f6ffler (MPF) y Ra\u00fal Von Der Thusen (SF) no mostr\u00f3 se\u00f1ales de reacci\u00f3n institucional alguna.<\/p>\n<p>&nbsp;<\/p>\n<p>Si bien es cierto que el Parlamento est\u00e1 en per\u00edodo de descanso de verano, de esos 7 legisladores 5 integran la primera comisi\u00f3n de receso, que permanece en funciones hasta este mi\u00e9rcoles 28 y que tambi\u00e9n integran Federico Sciurano (FORJA), Laura Colazo (PV) y Tom\u00e1s Garc\u00eda (PJ), que tiene dentro de sus atribuciones \u201cobservar los asuntos de primordial importancia, inter\u00e9s p\u00fablico, social, jur\u00eddico y econ\u00f3mico de la Naci\u00f3n y la Provincia\u201d y \u201cconvocar a sesiones extraordinarias siempre que fuere necesario\u201d.<\/p>\n<p>&nbsp;<\/p>\n<p>La expectativa pol\u00edtica se traslada ahora al jueves 29, cuando cambiar\u00e1 la integraci\u00f3n de la comisi\u00f3n de receso. All\u00ed se ver\u00e1 si los legisladores Federico Greve y Myriam Mart\u00ednez (FORJA), Mat\u00edas Lapadula, Natalia Graciana, Victoria Vuoto, Jorge Lechman y Pablo Villegas interpretan que el escenario del puerto reviste gravedad o importancia suficiente como para activar el funcionamiento de la comisi\u00f3n de seguimiento, abrir un canal institucional de informaci\u00f3n y delinear una posici\u00f3n legislativa.<\/p>\n<p>&nbsp;<\/p>\n<p>En un tema que la propia Legislatura defini\u00f3 como estrat\u00e9gico hace m\u00e1s de dos d\u00e9cadas, el interrogante ya no es solo qu\u00e9 consecuencias tendr\u00e1 la intervenci\u00f3n en la operatoria portuaria, sino tambi\u00e9n por qu\u00e9 el \u00f3rgano creado para monitorear y defender esos intereses a\u00fan no aparece en escena, m\u00e1xime teniendo en cuenta que fue otra ley, la 1596 sancionada en julio del a\u00f1o pasado, la que abri\u00f3 la puerta para que la ANPyN avanzara en la intervenci\u00f3n del puerto capitalino.<\/p>\n<p>&nbsp;<\/p>\n","protected":false},"excerpt":{"rendered":"<p>Silencio legislativo ante la intervenci\u00f3n del Puerto Tras la decisi\u00f3n de la Agencia Nacional de Puertos y Navegaci\u00f3n<\/p>\n","protected":false},"author":5,"featured_media":2478,"comment_status":"open","ping_status":"open","sticky":false,"template":"","format":"standard","meta":{"footnotes":""},"categories":[2,21],"tags":[4110,2575,4109],"class_list":["post-12259","post","type-post","status-publish","format-standard","has-post-thumbnail","hentry","category-tierra-del-fuego","category-ushuaia","tag-intervencion-puerto","tag-puerto-de-ushuaia","tag-silencio-legislativo"],"featured_image_urls":{"full":["https:\/\/opinionpublica.com.ar\/index\/wp-content\/uploads\/2024\/04\/legislatura-provincial-tdf.jpg",750,500,false],"thumbnail":["https:\/\/opinionpublica.com.ar\/index\/wp-content\/uploads\/2024\/04\/legislatura-provincial-tdf-150x150.jpg",150,150,true],"medium":["https:\/\/opinionpublica.com.ar\/index\/wp-content\/uploads\/2024\/04\/legislatura-provincial-tdf-300x200.jpg",300,200,true],"medium_large":["https:\/\/opinionpublica.com.ar\/index\/wp-content\/uploads\/2024\/04\/legislatura-provincial-tdf.jpg",640,427,false],"large":["https:\/\/opinionpublica.com.ar\/index\/wp-content\/uploads\/2024\/04\/legislatura-provincial-tdf.jpg",640,427,false],"1536x1536":["https:\/\/opinionpublica.com.ar\/index\/wp-content\/uploads\/2024\/04\/legislatura-provincial-tdf.jpg",750,500,false],"2048x2048":["https:\/\/opinionpublica.com.ar\/index\/wp-content\/uploads\/2024\/04\/legislatura-provincial-tdf.jpg",750,500,false],"morenews-large":["https:\/\/opinionpublica.com.ar\/index\/wp-content\/uploads\/2024\/04\/legislatura-provincial-tdf.jpg",750,500,false],"morenews-medium":["https:\/\/opinionpublica.com.ar\/index\/wp-content\/uploads\/2024\/04\/legislatura-provincial-tdf-590x410.jpg",590,410,true]},"author_info":{"display_name":"Hal","author_link":"https:\/\/opinionpublica.com.ar\/index\/author\/hal\/"},"category_info":"<a href=\"https:\/\/opinionpublica.com.ar\/index\/category\/tierra-del-fuego\/\" rel=\"category tag\">Tierra del Fuego<\/a> <a href=\"https:\/\/opinionpublica.com.ar\/index\/category\/ushuaia\/\" rel=\"category tag\">Ushuaia<\/a>","tag_info":"Ushuaia","comment_count":"0","_links":{"self":[{"href":"https:\/\/opinionpublica.com.ar\/index\/wp-json\/wp\/v2\/posts\/12259","targetHints":{"allow":["GET"]}}],"collection":[{"href":"https:\/\/opinionpublica.com.ar\/index\/wp-json\/wp\/v2\/posts"}],"about":[{"href":"https:\/\/opinionpublica.com.ar\/index\/wp-json\/wp\/v2\/types\/post"}],"author":[{"embeddable":true,"href":"https:\/\/opinionpublica.com.ar\/index\/wp-json\/wp\/v2\/users\/5"}],"replies":[{"embeddable":true,"href":"https:\/\/opinionpublica.com.ar\/index\/wp-json\/wp\/v2\/comments?post=12259"}],"version-history":[{"count":1,"href":"https:\/\/opinionpublica.com.ar\/index\/wp-json\/wp\/v2\/posts\/12259\/revisions"}],"predecessor-version":[{"id":12260,"href":"https:\/\/opinionpublica.com.ar\/index\/wp-json\/wp\/v2\/posts\/12259\/revisions\/12260"}],"wp:featuredmedia":[{"embeddable":true,"href":"https:\/\/opinionpublica.com.ar\/index\/wp-json\/wp\/v2\/media\/2478"}],"wp:attachment":[{"href":"https:\/\/opinionpublica.com.ar\/index\/wp-json\/wp\/v2\/media?parent=12259"}],"wp:term":[{"taxonomy":"category","embeddable":true,"href":"https:\/\/opinionpublica.com.ar\/index\/wp-json\/wp\/v2\/categories?post=12259"},{"taxonomy":"post_tag","embeddable":true,"href":"https:\/\/opinionpublica.com.ar\/index\/wp-json\/wp\/v2\/tags?post=12259"}],"curies":[{"name":"wp","href":"https:\/\/api.w.org\/{rel}","templated":true}]}}