{"id":12266,"date":"2026-01-29T10:44:25","date_gmt":"2026-01-29T13:44:25","guid":{"rendered":"https:\/\/opinionpublica.com.ar\/index\/?p=12266"},"modified":"2026-01-29T10:44:25","modified_gmt":"2026-01-29T13:44:25","slug":"la-dpe-aumento-la-tarifa-electrica-pese-a-los-cortes-de-luz","status":"publish","type":"post","link":"https:\/\/opinionpublica.com.ar\/index\/la-dpe-aumento-la-tarifa-electrica-pese-a-los-cortes-de-luz\/","title":{"rendered":"La DPE aument\u00f3 la tarifa el\u00e9ctrica pese a los cortes de luz"},"content":{"rendered":"<h3>La DPE aument\u00f3 la tarifa el\u00e9ctrica pese a los cortes de luz<\/h3>\n<p><a href=\"https:\/\/opinionpublica.com.ar\/index\/wp-content\/uploads\/2024\/05\/dpe-ushuaia.jpg\"><img fetchpriority=\"high\" decoding=\"async\" class=\"alignnone size-full wp-image-3100\" src=\"https:\/\/opinionpublica.com.ar\/index\/wp-content\/uploads\/2024\/05\/dpe-ushuaia.jpg\" alt=\"\" width=\"1000\" height=\"667\" srcset=\"https:\/\/opinionpublica.com.ar\/index\/wp-content\/uploads\/2024\/05\/dpe-ushuaia.jpg 1000w, https:\/\/opinionpublica.com.ar\/index\/wp-content\/uploads\/2024\/05\/dpe-ushuaia-300x200.jpg 300w, https:\/\/opinionpublica.com.ar\/index\/wp-content\/uploads\/2024\/05\/dpe-ushuaia-768x512.jpg 768w\" sizes=\"(max-width: 1000px) 100vw, 1000px\" \/><\/a><\/p>\n<p>La Direcci\u00f3n Provincial de Energ\u00eda (DPE) de Tierra del Fuego aplic\u00f3 un nuevo aumento en la tarifa el\u00e9ctrica que comenz\u00f3 a regir desde enero, en un contexto marcado por reiterados cortes de suministro y cuestionamientos al funcionamiento del servicio en toda la provincia.<\/p>\n<p>&nbsp;<\/p>\n<p>El ajuste impacta tanto en usuarios residenciales como comerciales y se refleja en los cargos fijos y variables de las facturas de electricidad. Seg\u00fan lo establecido en el nuevo cuadro tarifario, el incremento responde a una actualizaci\u00f3n de costos operativos y al sostenimiento del sistema el\u00e9ctrico provincial.<\/p>\n<p>&nbsp;<\/p>\n<p>Sin embargo, el aumento llega en un escenario de fuerte malestar social debido a la persistencia de interrupciones en el servicio, especialmente durante los meses de mayor demanda. Vecinos y comerciantes vienen manifestando reclamos por cortes frecuentes, baja tensi\u00f3n y fallas prolongadas, situaciones que afectan tanto la vida cotidiana como la actividad econ\u00f3mica.<\/p>\n<p>&nbsp;<\/p>\n<p>Desde distintos sectores se cuestiona que, pese al importante volumen de recursos que el Estado provincial destina al sistema energ\u00e9tico, no se evidencien mejoras sustanciales en la calidad del servicio. En ese sentido, el incremento tarifario reaviv\u00f3 el debate sobre la eficiencia de la DPE y el destino de los fondos p\u00fablicos invertidos en el \u00e1rea.<\/p>\n<p>&nbsp;<\/p>\n<p>De acuerdo con lo informado oficialmente, la actualizaci\u00f3n de tarifas busca acompa\u00f1ar el aumento general de los costos, incluyendo mantenimiento, insumos y operaci\u00f3n de la infraestructura el\u00e9ctrica. No obstante, para los usuarios, el impacto econ\u00f3mico se suma a un contexto de inflaci\u00f3n y p\u00e9rdida del poder adquisitivo.<\/p>\n<p>&nbsp;<\/p>\n<p>El nuevo esquema tarifario se inscribe en una serie de ajustes aplicados en los \u00faltimos a\u00f1os en la provincia, en l\u00ednea con las pol\u00edticas de recomposici\u00f3n de tarifas a nivel nacional. Aun as\u00ed, la situaci\u00f3n local presenta particularidades debido a las limitaciones estructurales del sistema energ\u00e9tico fueguino.<\/p>\n<p>&nbsp;<\/p>\n<p>Mientras tanto, los reclamos por un servicio m\u00e1s estable y previsible contin\u00faan, y el aumento tarifario vuelve a poner en el centro de la escena la discusi\u00f3n sobre la relaci\u00f3n entre lo que pagan los usuarios y la calidad del suministro el\u00e9ctrico que reciben.<\/p>\n","protected":false},"excerpt":{"rendered":"<p>La DPE aument\u00f3 la tarifa el\u00e9ctrica pese a los cortes de luz La Direcci\u00f3n Provincial de Energ\u00eda (DPE)<\/p>\n","protected":false},"author":5,"featured_media":3951,"comment_status":"open","ping_status":"open","sticky":false,"template":"","format":"standard","meta":{"footnotes":""},"categories":[2],"tags":[4113,998],"class_list":["post-12266","post","type-post","status-publish","format-standard","has-post-thumbnail","hentry","category-tierra-del-fuego","tag-aumento-de-luz","tag-dpe"],"featured_image_urls":{"full":["https:\/\/opinionpublica.com.ar\/index\/wp-content\/uploads\/2024\/06\/dpe-electrica-tierra-del-fuego.jpg",900,600,false],"thumbnail":["https:\/\/opinionpublica.com.ar\/index\/wp-content\/uploads\/2024\/06\/dpe-electrica-tierra-del-fuego-150x150.jpg",150,150,true],"medium":["https:\/\/opinionpublica.com.ar\/index\/wp-content\/uploads\/2024\/06\/dpe-electrica-tierra-del-fuego-300x200.jpg",300,200,true],"medium_large":["https:\/\/opinionpublica.com.ar\/index\/wp-content\/uploads\/2024\/06\/dpe-electrica-tierra-del-fuego-768x512.jpg",640,427,true],"large":["https:\/\/opinionpublica.com.ar\/index\/wp-content\/uploads\/2024\/06\/dpe-electrica-tierra-del-fuego.jpg",640,427,false],"1536x1536":["https:\/\/opinionpublica.com.ar\/index\/wp-content\/uploads\/2024\/06\/dpe-electrica-tierra-del-fuego.jpg",900,600,false],"2048x2048":["https:\/\/opinionpublica.com.ar\/index\/wp-content\/uploads\/2024\/06\/dpe-electrica-tierra-del-fuego.jpg",900,600,false],"morenews-large":["https:\/\/opinionpublica.com.ar\/index\/wp-content\/uploads\/2024\/06\/dpe-electrica-tierra-del-fuego-825x575.jpg",825,575,true],"morenews-medium":["https:\/\/opinionpublica.com.ar\/index\/wp-content\/uploads\/2024\/06\/dpe-electrica-tierra-del-fuego-590x410.jpg",590,410,true]},"author_info":{"display_name":"Hal","author_link":"https:\/\/opinionpublica.com.ar\/index\/author\/hal\/"},"category_info":"<a href=\"https:\/\/opinionpublica.com.ar\/index\/category\/tierra-del-fuego\/\" rel=\"category tag\">Tierra del Fuego<\/a>","tag_info":"Tierra del Fuego","comment_count":"0","_links":{"self":[{"href":"https:\/\/opinionpublica.com.ar\/index\/wp-json\/wp\/v2\/posts\/12266","targetHints":{"allow":["GET"]}}],"collection":[{"href":"https:\/\/opinionpublica.com.ar\/index\/wp-json\/wp\/v2\/posts"}],"about":[{"href":"https:\/\/opinionpublica.com.ar\/index\/wp-json\/wp\/v2\/types\/post"}],"author":[{"embeddable":true,"href":"https:\/\/opinionpublica.com.ar\/index\/wp-json\/wp\/v2\/users\/5"}],"replies":[{"embeddable":true,"href":"https:\/\/opinionpublica.com.ar\/index\/wp-json\/wp\/v2\/comments?post=12266"}],"version-history":[{"count":1,"href":"https:\/\/opinionpublica.com.ar\/index\/wp-json\/wp\/v2\/posts\/12266\/revisions"}],"predecessor-version":[{"id":12267,"href":"https:\/\/opinionpublica.com.ar\/index\/wp-json\/wp\/v2\/posts\/12266\/revisions\/12267"}],"wp:featuredmedia":[{"embeddable":true,"href":"https:\/\/opinionpublica.com.ar\/index\/wp-json\/wp\/v2\/media\/3951"}],"wp:attachment":[{"href":"https:\/\/opinionpublica.com.ar\/index\/wp-json\/wp\/v2\/media?parent=12266"}],"wp:term":[{"taxonomy":"category","embeddable":true,"href":"https:\/\/opinionpublica.com.ar\/index\/wp-json\/wp\/v2\/categories?post=12266"},{"taxonomy":"post_tag","embeddable":true,"href":"https:\/\/opinionpublica.com.ar\/index\/wp-json\/wp\/v2\/tags?post=12266"}],"curies":[{"name":"wp","href":"https:\/\/api.w.org\/{rel}","templated":true}]}}