{"id":12268,"date":"2026-01-29T10:51:44","date_gmt":"2026-01-29T13:51:44","guid":{"rendered":"https:\/\/opinionpublica.com.ar\/index\/?p=12268"},"modified":"2026-01-29T10:51:44","modified_gmt":"2026-01-29T13:51:44","slug":"la-untdf-salio-a-aclarar-la-visita-de-congresistas-de-estados-unidos","status":"publish","type":"post","link":"https:\/\/opinionpublica.com.ar\/index\/la-untdf-salio-a-aclarar-la-visita-de-congresistas-de-estados-unidos\/","title":{"rendered":"La UNTDF sali\u00f3 a aclarar la visita de congresistas de Estados Unidos"},"content":{"rendered":"<h3 class=\"fullpost__titulo\">La UNTDF sali\u00f3 a aclarar la visita de congresistas de Estados Unidos: \u201cFue un encuentro estrictamente cient\u00edfico y ambiental\u201d<\/h3>\n<p class=\"fullpost__copete\">Luego de las versiones y especulaciones que circularon en redes sociales tras el arribo de un avi\u00f3n oficial de Estados Unidos a Ushuaia, la Universidad Nacional de Tierra del Fuego (UNTDF) aclar\u00f3 que la visita de una delegaci\u00f3n bipartidista de congresistas estadounidenses se enmarc\u00f3 exclusivamente en una agenda acad\u00e9mica y cient\u00edfica, sin ning\u00fan componente pol\u00edtico, estrat\u00e9gico ni geopol\u00edtico.<\/p>\n<p><a href=\"https:\/\/opinionpublica.com.ar\/index\/wp-content\/uploads\/2026\/01\/69773b76650ec-screen-and-max-width480px_880_880.webp\"><img fetchpriority=\"high\" decoding=\"async\" class=\"alignnone size-full wp-image-12248\" src=\"https:\/\/opinionpublica.com.ar\/index\/wp-content\/uploads\/2026\/01\/69773b76650ec-screen-and-max-width480px_880_880.webp\" alt=\"\" width=\"880\" height=\"880\" srcset=\"https:\/\/opinionpublica.com.ar\/index\/wp-content\/uploads\/2026\/01\/69773b76650ec-screen-and-max-width480px_880_880.webp 880w, https:\/\/opinionpublica.com.ar\/index\/wp-content\/uploads\/2026\/01\/69773b76650ec-screen-and-max-width480px_880_880-300x300.webp 300w, https:\/\/opinionpublica.com.ar\/index\/wp-content\/uploads\/2026\/01\/69773b76650ec-screen-and-max-width480px_880_880-150x150.webp 150w, https:\/\/opinionpublica.com.ar\/index\/wp-content\/uploads\/2026\/01\/69773b76650ec-screen-and-max-width480px_880_880-768x768.webp 768w\" sizes=\"(max-width: 880px) 100vw, 880px\" \/><\/a><\/p>\n<p>La explicaci\u00f3n fue brindada por Pablo Fontana, coordinador de Relaciones Internacionales de la UNTDF, durante una entrevista radial en el programa El Delivery TDF, donde precis\u00f3 el alcance real del encuentro y busc\u00f3 despejar las interpretaciones que se difundieron en los \u00faltimos d\u00edas.<\/p>\n<p>&nbsp;<\/p>\n<p>Seg\u00fan detall\u00f3 Fontana, la reuni\u00f3n se desarroll\u00f3 en el \u00e1mbito universitario y cont\u00f3 con la participaci\u00f3n de investigadores de la UNTDF y cient\u00edficos del Centro Austral de Investigaciones Cient\u00edficas (CADIC), aunque este \u00faltimo organismo no particip\u00f3 de manera institucional. El eje central del intercambio fue conocer el estado de las investigaciones cient\u00edficas que se llevan adelante en Tierra del Fuego, especialmente aquellas vinculadas al cambio clim\u00e1tico, el ambiente, el agua y los estudios en la regi\u00f3n austral y ant\u00e1rtica.<\/p>\n<p>&nbsp;<\/p>\n<p>\u201cEl inter\u00e9s estuvo puesto en el trabajo cient\u00edfico que se realiza en la provincia y en las dificultades que atraviesa hoy el sistema cient\u00edfico para sostener esas investigaciones\u201d, explic\u00f3 el funcionario universitario.<\/p>\n<p>&nbsp;<\/p>\n<p>En ese contexto, Fontana fue categ\u00f3rico al desmentir cualquier lectura vinculada a intereses estrat\u00e9gicos internacionales. \u201cNo preguntaron nada de China ni de Rusia. Solo se limitaron a conversar sobre cuestiones ambientales, protecci\u00f3n del medio ambiente y estudios del cambio clim\u00e1tico. B\u00e1sicamente eso fue lo que se charl\u00f3\u201d, afirm\u00f3.<\/p>\n<p>&nbsp;<\/p>\n<p>Tambi\u00e9n aclar\u00f3 que no existieron reuniones con autoridades provinciales ni nacionales, ni consultas sobre infraestructura, bases, log\u00edstica o proyectos estrat\u00e9gicos. \u201cNo hubo agenda paralela ni compromisos posteriores. Fue un intercambio puntual, acad\u00e9mico y transparente\u201d, remarc\u00f3.<\/p>\n<p>&nbsp;<\/p>\n<p>Durante la reuni\u00f3n, los investigadores expusieron adem\u00e1s la situaci\u00f3n actual del sistema cient\u00edfico argentino, atravesado por problemas de financiamiento que ponen en riesgo la continuidad de numerosos proyectos. En ese marco, se abord\u00f3 el impacto que tiene la negaci\u00f3n del cambio clim\u00e1tico en el desarrollo de pol\u00edticas p\u00fablicas vinculadas a la ciencia y la investigaci\u00f3n.<\/p>\n<p>&nbsp;<\/p>\n<p>Fontana subray\u00f3 que dentro de la comunidad cient\u00edfica existe consenso respecto de que el cambio clim\u00e1tico es un fen\u00f3meno real y observable, con efectos particularmente visibles en regiones como Tierra del Fuego y la Ant\u00e1rtida, lo que refuerza la importancia de sostener l\u00edneas de investigaci\u00f3n en esos territorios.<\/p>\n<p>&nbsp;<\/p>\n<p>Desde la UNTDF indicaron que este tipo de encuentros forman parte de la din\u00e1mica habitual de las relaciones acad\u00e9micas internacionales. La universidad mantiene v\u00ednculos y convenios con instituciones de distintos pa\u00edses y recibe con frecuencia delegaciones interesadas en conocer investigaciones cient\u00edficas y ambientales que se desarrollan en la regi\u00f3n.<\/p>\n<p>&nbsp;<\/p>\n<p>Finalmente, Fontana sostuvo que la participaci\u00f3n de la universidad respondi\u00f3 a un criterio de transparencia institucional: escuchar, explicar el trabajo que se realiza y poner la informaci\u00f3n a disposici\u00f3n de la comunidad, sin que exista detr\u00e1s ninguna agenda pol\u00edtica, estrat\u00e9gica o geopol\u00edtica<\/p>\n","protected":false},"excerpt":{"rendered":"<p>La UNTDF sali\u00f3 a aclarar la visita de congresistas de Estados Unidos: \u201cFue un encuentro estrictamente cient\u00edfico y<\/p>\n","protected":false},"author":5,"featured_media":12250,"comment_status":"open","ping_status":"open","sticky":false,"template":"","format":"standard","meta":{"footnotes":""},"categories":[2,21],"tags":[4114,539,303],"class_list":["post-12268","post","type-post","status-publish","format-standard","has-post-thumbnail","hentry","category-tierra-del-fuego","category-ushuaia","tag-congresista","tag-estados-unidos","tag-untdf"],"featured_image_urls":{"full":["https:\/\/opinionpublica.com.ar\/index\/wp-content\/uploads\/2026\/01\/AIR_C-40B_Delivery_Wichita_lg.jpg",1024,680,false],"thumbnail":["https:\/\/opinionpublica.com.ar\/index\/wp-content\/uploads\/2026\/01\/AIR_C-40B_Delivery_Wichita_lg-150x150.jpg",150,150,true],"medium":["https:\/\/opinionpublica.com.ar\/index\/wp-content\/uploads\/2026\/01\/AIR_C-40B_Delivery_Wichita_lg-300x199.jpg",300,199,true],"medium_large":["https:\/\/opinionpublica.com.ar\/index\/wp-content\/uploads\/2026\/01\/AIR_C-40B_Delivery_Wichita_lg-768x510.jpg",640,425,true],"large":["https:\/\/opinionpublica.com.ar\/index\/wp-content\/uploads\/2026\/01\/AIR_C-40B_Delivery_Wichita_lg.jpg",640,425,false],"1536x1536":["https:\/\/opinionpublica.com.ar\/index\/wp-content\/uploads\/2026\/01\/AIR_C-40B_Delivery_Wichita_lg.jpg",1024,680,false],"2048x2048":["https:\/\/opinionpublica.com.ar\/index\/wp-content\/uploads\/2026\/01\/AIR_C-40B_Delivery_Wichita_lg.jpg",1024,680,false],"morenews-large":["https:\/\/opinionpublica.com.ar\/index\/wp-content\/uploads\/2026\/01\/AIR_C-40B_Delivery_Wichita_lg-825x575.jpg",825,575,true],"morenews-medium":["https:\/\/opinionpublica.com.ar\/index\/wp-content\/uploads\/2026\/01\/AIR_C-40B_Delivery_Wichita_lg-590x410.jpg",590,410,true]},"author_info":{"display_name":"Hal","author_link":"https:\/\/opinionpublica.com.ar\/index\/author\/hal\/"},"category_info":"<a href=\"https:\/\/opinionpublica.com.ar\/index\/category\/tierra-del-fuego\/\" rel=\"category tag\">Tierra del Fuego<\/a> <a href=\"https:\/\/opinionpublica.com.ar\/index\/category\/ushuaia\/\" rel=\"category tag\">Ushuaia<\/a>","tag_info":"Ushuaia","comment_count":"0","_links":{"self":[{"href":"https:\/\/opinionpublica.com.ar\/index\/wp-json\/wp\/v2\/posts\/12268","targetHints":{"allow":["GET"]}}],"collection":[{"href":"https:\/\/opinionpublica.com.ar\/index\/wp-json\/wp\/v2\/posts"}],"about":[{"href":"https:\/\/opinionpublica.com.ar\/index\/wp-json\/wp\/v2\/types\/post"}],"author":[{"embeddable":true,"href":"https:\/\/opinionpublica.com.ar\/index\/wp-json\/wp\/v2\/users\/5"}],"replies":[{"embeddable":true,"href":"https:\/\/opinionpublica.com.ar\/index\/wp-json\/wp\/v2\/comments?post=12268"}],"version-history":[{"count":1,"href":"https:\/\/opinionpublica.com.ar\/index\/wp-json\/wp\/v2\/posts\/12268\/revisions"}],"predecessor-version":[{"id":12269,"href":"https:\/\/opinionpublica.com.ar\/index\/wp-json\/wp\/v2\/posts\/12268\/revisions\/12269"}],"wp:featuredmedia":[{"embeddable":true,"href":"https:\/\/opinionpublica.com.ar\/index\/wp-json\/wp\/v2\/media\/12250"}],"wp:attachment":[{"href":"https:\/\/opinionpublica.com.ar\/index\/wp-json\/wp\/v2\/media?parent=12268"}],"wp:term":[{"taxonomy":"category","embeddable":true,"href":"https:\/\/opinionpublica.com.ar\/index\/wp-json\/wp\/v2\/categories?post=12268"},{"taxonomy":"post_tag","embeddable":true,"href":"https:\/\/opinionpublica.com.ar\/index\/wp-json\/wp\/v2\/tags?post=12268"}],"curies":[{"name":"wp","href":"https:\/\/api.w.org\/{rel}","templated":true}]}}