{"id":12315,"date":"2026-02-23T09:58:52","date_gmt":"2026-02-23T12:58:52","guid":{"rendered":"https:\/\/opinionpublica.com.ar\/index\/?p=12315"},"modified":"2026-02-23T09:58:52","modified_gmt":"2026-02-23T12:58:52","slug":"fuerte-caida-en-la-produccion-industrial-fueguina","status":"publish","type":"post","link":"https:\/\/opinionpublica.com.ar\/index\/fuerte-caida-en-la-produccion-industrial-fueguina\/","title":{"rendered":"Fuerte ca\u00edda en la producci\u00f3n industrial fueguina"},"content":{"rendered":"<h3>Fuerte ca\u00edda en la producci\u00f3n industrial fueguina<\/h3>\n<p><a href=\"https:\/\/opinionpublica.com.ar\/index\/wp-content\/uploads\/2024\/04\/industria-tdf.jpg\"><img fetchpriority=\"high\" decoding=\"async\" class=\"alignnone size-full wp-image-1963\" src=\"https:\/\/opinionpublica.com.ar\/index\/wp-content\/uploads\/2024\/04\/industria-tdf.jpg\" alt=\"\" width=\"1280\" height=\"720\" srcset=\"https:\/\/opinionpublica.com.ar\/index\/wp-content\/uploads\/2024\/04\/industria-tdf.jpg 1280w, https:\/\/opinionpublica.com.ar\/index\/wp-content\/uploads\/2024\/04\/industria-tdf-300x169.jpg 300w, https:\/\/opinionpublica.com.ar\/index\/wp-content\/uploads\/2024\/04\/industria-tdf-1024x576.jpg 1024w, https:\/\/opinionpublica.com.ar\/index\/wp-content\/uploads\/2024\/04\/industria-tdf-768x432.jpg 768w\" sizes=\"(max-width: 1280px) 100vw, 1280px\" \/><\/a><\/p>\n<p>El IPIEC inform\u00f3 retrocesos interanuales en todos los sectores promovidos por la Ley 19.640. Confeccionistas, textiles y electr\u00f3nicas encabezaron las bajas, mientras que en la comparaci\u00f3n mensual hubo desempe\u00f1os dispares.<\/p>\n<p>&nbsp;<\/p>\n<p>La producci\u00f3n de las industrias promovidas en Tierra del Fuego cerr\u00f3 2025 con n\u00fameros en rojo. Seg\u00fan datos oficiales difundidos por el Instituto Provincial de An\u00e1lisis e Investigaci\u00f3n Estad\u00edstica y Censos (IPIEC), en base a informaci\u00f3n del Ministerio de Producci\u00f3n y Ambiente, diciembre mostr\u00f3 una marcada ca\u00edda interanual en todos los rubros alcanzados por el subr\u00e9gimen de la Ley 19.640.<\/p>\n<p>&nbsp;<\/p>\n<p>El informe mensual, actualizado a diciembre de 2025, refleja que en la comparaci\u00f3n con el mismo mes de 2024 la retracci\u00f3n fue generalizada. El sector m\u00e1s golpeado fue el confeccionista, con una baja del 62%. Le siguieron el textil, que registr\u00f3 una ca\u00edda del 43,6%, y el electr\u00f3nico, con una merma del 42,2%. Tambi\u00e9n se anotaron descensos en pl\u00e1sticos (-11,7%) y en la actividad pesquera (-6,2%).<\/p>\n<p>&nbsp;<\/p>\n<p>Los datos consolidan un escenario de contracci\u00f3n productiva que impacta sobre uno de los principales motores econ\u00f3micos de la provincia, en un contexto de menor actividad y ajustes en distintos segmentos industriales.<\/p>\n<p>&nbsp;<\/p>\n<p>En el detalle mensual \u2014comparando diciembre contra noviembre de 2025\u2014 los resultados mostraron comportamientos heterog\u00e9neos.<\/p>\n<p><a href=\"https:\/\/opinionpublica.com.ar\/index\/wp-content\/uploads\/2024\/06\/industria-tierra-del-fuego.jpg\"><img decoding=\"async\" class=\"alignnone size-full wp-image-3996\" src=\"https:\/\/opinionpublica.com.ar\/index\/wp-content\/uploads\/2024\/06\/industria-tierra-del-fuego.jpg\" alt=\"\" width=\"750\" height=\"500\" srcset=\"https:\/\/opinionpublica.com.ar\/index\/wp-content\/uploads\/2024\/06\/industria-tierra-del-fuego.jpg 750w, https:\/\/opinionpublica.com.ar\/index\/wp-content\/uploads\/2024\/06\/industria-tierra-del-fuego-300x200.jpg 300w\" sizes=\"(max-width: 750px) 100vw, 750px\" \/><\/a><\/p>\n<p>En el sector confeccionista se produjeron 67.798 unidades, lo que implic\u00f3 un desplome del 17,1% respecto al mes anterior. En cuanto al empleo, el n\u00famero de operarios ocupados fue de 83 personas, con una leve baja del 1,2% mensual.<\/p>\n<p>&nbsp;<\/p>\n<p>La industria electr\u00f3nica, uno de los pilares del r\u00e9gimen de promoci\u00f3n, registr\u00f3 una producci\u00f3n de 635.237 unidades. El volumen signific\u00f3 una ca\u00edda del 30,1% en la comparaci\u00f3n mensual. En paralelo, el personal empleado descendi\u00f3 un 3,3%, alcanzando los 7.317 operarios.<\/p>\n<p>&nbsp;<\/p>\n<p>En contraste, la actividad pesquera mostr\u00f3 un repunte en el \u00faltimo mes del a\u00f1o. Se produjeron 273.188 kilos, lo que represent\u00f3 un crecimiento del 20,1% respecto a noviembre. Tambi\u00e9n aument\u00f3 el empleo en el sector: 221 personas ocupadas, un 11,1% m\u00e1s que el mes anterior.<\/p>\n<p>&nbsp;<\/p>\n<p>La industria pl\u00e1stica tambi\u00e9n exhibi\u00f3 una recuperaci\u00f3n mensual. La producci\u00f3n alcanz\u00f3 174.584 miles de unidades, con una variaci\u00f3n positiva del 11,7%. El nivel de empleo se mantuvo pr\u00e1cticamente estable, con 616 trabajadores, apenas un 0,5% por encima del registro previo.<\/p>\n<p>&nbsp;<\/p>\n<p>En el caso del sector textil, los metros lineales producidos llegaron a 91.206, lo que signific\u00f3 un crecimiento del 12,9% frente al mes anterior. Sin embargo, esa mejora en el volumen no se tradujo en mayor empleo: la cantidad de trabajadores cay\u00f3 8,8%, con 207 personas ocupadas.<\/p>\n<p>&nbsp;<\/p>\n<p>El contraste entre la mejora mensual en algunos rubros y la fuerte ca\u00edda interanual expone la fragilidad del entramado industrial fueguino, altamente dependiente del r\u00e9gimen de promoci\u00f3n y de la evoluci\u00f3n del consumo interno.<\/p>\n<p>&nbsp;<\/p>\n<p>Los n\u00fameros difundidos por el IPIEC confirman as\u00ed un cierre de a\u00f1o complejo para el sector manufacturero provincial, con retrocesos significativos en los principales complejos productivos y un impacto dispar sobre el empleo.<\/p>\n<p>&nbsp;<\/p>\n","protected":false},"excerpt":{"rendered":"<p>Fuerte ca\u00edda en la producci\u00f3n industrial fueguina El IPIEC inform\u00f3 retrocesos interanuales en todos los sectores promovidos por<\/p>\n","protected":false},"author":5,"featured_media":9680,"comment_status":"open","ping_status":"open","sticky":false,"template":"","format":"standard","meta":{"footnotes":""},"categories":[29,2],"tags":[4120,12,4121],"class_list":["post-12315","post","type-post","status-publish","format-standard","has-post-thumbnail","hentry","category-interes-general","category-tierra-del-fuego","tag-datos-oficiales","tag-economia","tag-produccion-fueguina"],"featured_image_urls":{"full":["https:\/\/opinionpublica.com.ar\/index\/wp-content\/uploads\/2025\/05\/8-Industria-Pueblo-de-Rio-Grande-El-Rompehielos-768x506-1.jpg",768,506,false],"thumbnail":["https:\/\/opinionpublica.com.ar\/index\/wp-content\/uploads\/2025\/05\/8-Industria-Pueblo-de-Rio-Grande-El-Rompehielos-768x506-1-150x150.jpg",150,150,true],"medium":["https:\/\/opinionpublica.com.ar\/index\/wp-content\/uploads\/2025\/05\/8-Industria-Pueblo-de-Rio-Grande-El-Rompehielos-768x506-1-300x198.jpg",300,198,true],"medium_large":["https:\/\/opinionpublica.com.ar\/index\/wp-content\/uploads\/2025\/05\/8-Industria-Pueblo-de-Rio-Grande-El-Rompehielos-768x506-1.jpg",640,422,false],"large":["https:\/\/opinionpublica.com.ar\/index\/wp-content\/uploads\/2025\/05\/8-Industria-Pueblo-de-Rio-Grande-El-Rompehielos-768x506-1.jpg",640,422,false],"1536x1536":["https:\/\/opinionpublica.com.ar\/index\/wp-content\/uploads\/2025\/05\/8-Industria-Pueblo-de-Rio-Grande-El-Rompehielos-768x506-1.jpg",768,506,false],"2048x2048":["https:\/\/opinionpublica.com.ar\/index\/wp-content\/uploads\/2025\/05\/8-Industria-Pueblo-de-Rio-Grande-El-Rompehielos-768x506-1.jpg",768,506,false],"morenews-large":["https:\/\/opinionpublica.com.ar\/index\/wp-content\/uploads\/2025\/05\/8-Industria-Pueblo-de-Rio-Grande-El-Rompehielos-768x506-1.jpg",768,506,false],"morenews-medium":["https:\/\/opinionpublica.com.ar\/index\/wp-content\/uploads\/2025\/05\/8-Industria-Pueblo-de-Rio-Grande-El-Rompehielos-768x506-1-590x410.jpg",590,410,true]},"author_info":{"display_name":"Hal","author_link":"https:\/\/opinionpublica.com.ar\/index\/author\/hal\/"},"category_info":"<a href=\"https:\/\/opinionpublica.com.ar\/index\/category\/interes-general\/\" rel=\"category tag\">Interes General<\/a> <a href=\"https:\/\/opinionpublica.com.ar\/index\/category\/tierra-del-fuego\/\" rel=\"category tag\">Tierra del Fuego<\/a>","tag_info":"Tierra del Fuego","comment_count":"0","_links":{"self":[{"href":"https:\/\/opinionpublica.com.ar\/index\/wp-json\/wp\/v2\/posts\/12315","targetHints":{"allow":["GET"]}}],"collection":[{"href":"https:\/\/opinionpublica.com.ar\/index\/wp-json\/wp\/v2\/posts"}],"about":[{"href":"https:\/\/opinionpublica.com.ar\/index\/wp-json\/wp\/v2\/types\/post"}],"author":[{"embeddable":true,"href":"https:\/\/opinionpublica.com.ar\/index\/wp-json\/wp\/v2\/users\/5"}],"replies":[{"embeddable":true,"href":"https:\/\/opinionpublica.com.ar\/index\/wp-json\/wp\/v2\/comments?post=12315"}],"version-history":[{"count":1,"href":"https:\/\/opinionpublica.com.ar\/index\/wp-json\/wp\/v2\/posts\/12315\/revisions"}],"predecessor-version":[{"id":12316,"href":"https:\/\/opinionpublica.com.ar\/index\/wp-json\/wp\/v2\/posts\/12315\/revisions\/12316"}],"wp:featuredmedia":[{"embeddable":true,"href":"https:\/\/opinionpublica.com.ar\/index\/wp-json\/wp\/v2\/media\/9680"}],"wp:attachment":[{"href":"https:\/\/opinionpublica.com.ar\/index\/wp-json\/wp\/v2\/media?parent=12315"}],"wp:term":[{"taxonomy":"category","embeddable":true,"href":"https:\/\/opinionpublica.com.ar\/index\/wp-json\/wp\/v2\/categories?post=12315"},{"taxonomy":"post_tag","embeddable":true,"href":"https:\/\/opinionpublica.com.ar\/index\/wp-json\/wp\/v2\/tags?post=12315"}],"curies":[{"name":"wp","href":"https:\/\/api.w.org\/{rel}","templated":true}]}}