{"id":12317,"date":"2026-02-23T10:05:39","date_gmt":"2026-02-23T13:05:39","guid":{"rendered":"https:\/\/opinionpublica.com.ar\/index\/?p=12317"},"modified":"2026-02-23T10:05:39","modified_gmt":"2026-02-23T13:05:39","slug":"la-policia-fueguina-se-declara-en-estado-de-abandono","status":"publish","type":"post","link":"https:\/\/opinionpublica.com.ar\/index\/la-policia-fueguina-se-declara-en-estado-de-abandono\/","title":{"rendered":"La Polic\u00eda fueguina se declara en estado de \u201cabandono\u201d"},"content":{"rendered":"<h3>La Polic\u00eda fueguina se declara en estado de \u201cabandono\u201d<\/h3>\n<p><a href=\"https:\/\/opinionpublica.com.ar\/index\/wp-content\/uploads\/2026\/02\/20240223081736_policias.jpg\"><img fetchpriority=\"high\" decoding=\"async\" class=\"alignnone size-full wp-image-12318\" src=\"https:\/\/opinionpublica.com.ar\/index\/wp-content\/uploads\/2026\/02\/20240223081736_policias.jpg\" alt=\"\" width=\"880\" height=\"512\" srcset=\"https:\/\/opinionpublica.com.ar\/index\/wp-content\/uploads\/2026\/02\/20240223081736_policias.jpg 880w, https:\/\/opinionpublica.com.ar\/index\/wp-content\/uploads\/2026\/02\/20240223081736_policias-300x175.jpg 300w, https:\/\/opinionpublica.com.ar\/index\/wp-content\/uploads\/2026\/02\/20240223081736_policias-768x447.jpg 768w\" sizes=\"(max-width: 880px) 100vw, 880px\" \/><\/a><\/p>\n<p>La Polic\u00eda de Tierra del Fuego denunci\u00f3 \u201cabandono\u201d del Gobierno y calific\u00f3 de \u201cburla\u201d el 4% de aumento, mientras exigen un salario inicial de 2,2 millones de pesos y mejores condiciones de trabajo.<\/p>\n<p>&nbsp;<\/p>\n<p>Los efectivos policiales de Tierra del Fuego denunciaron una situaci\u00f3n cr\u00edtica de \u00ababandono\u00bb por parte del Gobierno Provincial y las Jefaturas Policiales, al tiempo que calificaron como una \u00abburla\u00bb el \u00faltimo incremento salarial otorgado del 4%, en contraste con el 35% de aumento que percibieron los funcionarios pol\u00edticos en el mismo per\u00edodo.<\/p>\n<p>&nbsp;<\/p>\n<p>El reclamo, que amenaza con escalar en las pr\u00f3ximas horas, pone el foco en la precariedad de los recursos con los que deben cumplir su labor diaria.<\/p>\n<p>&nbsp;<\/p>\n<p>\u00abArriesgamos la vida sin recursos\u00bb, afirmaron los uniformados, quienes se\u00f1alaron que los m\u00f3viles policiales circulan en p\u00e9simas condiciones mec\u00e1nicas y de habitabilidad.<\/p>\n<p>&nbsp;<\/p>\n<p>La situaci\u00f3n no solo afecta la capacidad de respuesta ante emergencias, sino que, seg\u00fan advierten, \u00abpone en riesgo la vida de todos\u00bb, tanto del personal como de la ciudadan\u00eda.<\/p>\n<p>&nbsp;<\/p>\n<p>El pliego de reclamos presentado por los efectivos es contundente y detalla las principales necesidades del sector. Entre los puntos m\u00e1s salientes, exigen un sueldo inicial digno de $2.200.000 para los agentes reci\u00e9n egresados, una cifra que consideran m\u00ednima para afrontar el costo de vida en la provincia.<\/p>\n<p>&nbsp;<\/p>\n<p>Asimismo, solicitan la creaci\u00f3n de un \u00edtem espec\u00edfico para Personal Operativo, que permita diferenciar salarialmente a quienes trabajan diariamente en la calle del personal que cumple funciones civiles o administrativas.<\/p>\n<p>&nbsp;<\/p>\n<p>A esto se suma el reclamo por el pago de adicionales por Insalubridad y Horas Nocturnas, as\u00ed como la implementaci\u00f3n de un \u00edtem Chofer, que reconozca la responsabilidad legal y el desgaste de conducir unidades de emergencia en condiciones de alto riesgo.<\/p>\n<p>&nbsp;<\/p>\n<p>La advertencia de los polic\u00edas es clara: sin recursos materiales adecuados y con m\u00f3viles destartalados, no hay seguridad posible para la poblaci\u00f3n. La falta de inversi\u00f3n en equipamiento y en salarios dignos pone en jaque un servicio que es esencial para el entramado social.<\/p>\n<p>&nbsp;<\/p>\n<p>En este contexto, el conflicto amenaza con profundizarse si el gobierno fueguino no brinda respuestas concretas a un reclamo que, seg\u00fan los efectivos, es de estricta justicia y no admite m\u00e1s demoras.<\/p>\n","protected":false},"excerpt":{"rendered":"<p>La Polic\u00eda fueguina se declara en estado de \u201cabandono\u201d La Polic\u00eda de Tierra del Fuego denunci\u00f3 \u201cabandono\u201d del<\/p>\n","protected":false},"author":5,"featured_media":12318,"comment_status":"open","ping_status":"open","sticky":false,"template":"","format":"standard","meta":{"footnotes":""},"categories":[2],"tags":[4123,4122],"class_list":["post-12317","post","type-post","status-publish","format-standard","has-post-thumbnail","hentry","category-tierra-del-fuego","tag-estado-abandono","tag-policia-tierra-del-fuego"],"featured_image_urls":{"full":["https:\/\/opinionpublica.com.ar\/index\/wp-content\/uploads\/2026\/02\/20240223081736_policias.jpg",880,512,false],"thumbnail":["https:\/\/opinionpublica.com.ar\/index\/wp-content\/uploads\/2026\/02\/20240223081736_policias-150x150.jpg",150,150,true],"medium":["https:\/\/opinionpublica.com.ar\/index\/wp-content\/uploads\/2026\/02\/20240223081736_policias-300x175.jpg",300,175,true],"medium_large":["https:\/\/opinionpublica.com.ar\/index\/wp-content\/uploads\/2026\/02\/20240223081736_policias-768x447.jpg",640,373,true],"large":["https:\/\/opinionpublica.com.ar\/index\/wp-content\/uploads\/2026\/02\/20240223081736_policias.jpg",640,372,false],"1536x1536":["https:\/\/opinionpublica.com.ar\/index\/wp-content\/uploads\/2026\/02\/20240223081736_policias.jpg",880,512,false],"2048x2048":["https:\/\/opinionpublica.com.ar\/index\/wp-content\/uploads\/2026\/02\/20240223081736_policias.jpg",880,512,false],"morenews-large":["https:\/\/opinionpublica.com.ar\/index\/wp-content\/uploads\/2026\/02\/20240223081736_policias-825x512.jpg",825,512,true],"morenews-medium":["https:\/\/opinionpublica.com.ar\/index\/wp-content\/uploads\/2026\/02\/20240223081736_policias-590x410.jpg",590,410,true]},"author_info":{"display_name":"Hal","author_link":"https:\/\/opinionpublica.com.ar\/index\/author\/hal\/"},"category_info":"<a href=\"https:\/\/opinionpublica.com.ar\/index\/category\/tierra-del-fuego\/\" rel=\"category tag\">Tierra del Fuego<\/a>","tag_info":"Tierra del Fuego","comment_count":"0","_links":{"self":[{"href":"https:\/\/opinionpublica.com.ar\/index\/wp-json\/wp\/v2\/posts\/12317","targetHints":{"allow":["GET"]}}],"collection":[{"href":"https:\/\/opinionpublica.com.ar\/index\/wp-json\/wp\/v2\/posts"}],"about":[{"href":"https:\/\/opinionpublica.com.ar\/index\/wp-json\/wp\/v2\/types\/post"}],"author":[{"embeddable":true,"href":"https:\/\/opinionpublica.com.ar\/index\/wp-json\/wp\/v2\/users\/5"}],"replies":[{"embeddable":true,"href":"https:\/\/opinionpublica.com.ar\/index\/wp-json\/wp\/v2\/comments?post=12317"}],"version-history":[{"count":1,"href":"https:\/\/opinionpublica.com.ar\/index\/wp-json\/wp\/v2\/posts\/12317\/revisions"}],"predecessor-version":[{"id":12319,"href":"https:\/\/opinionpublica.com.ar\/index\/wp-json\/wp\/v2\/posts\/12317\/revisions\/12319"}],"wp:featuredmedia":[{"embeddable":true,"href":"https:\/\/opinionpublica.com.ar\/index\/wp-json\/wp\/v2\/media\/12318"}],"wp:attachment":[{"href":"https:\/\/opinionpublica.com.ar\/index\/wp-json\/wp\/v2\/media?parent=12317"}],"wp:term":[{"taxonomy":"category","embeddable":true,"href":"https:\/\/opinionpublica.com.ar\/index\/wp-json\/wp\/v2\/categories?post=12317"},{"taxonomy":"post_tag","embeddable":true,"href":"https:\/\/opinionpublica.com.ar\/index\/wp-json\/wp\/v2\/tags?post=12317"}],"curies":[{"name":"wp","href":"https:\/\/api.w.org\/{rel}","templated":true}]}}