{"id":12320,"date":"2026-02-24T10:25:56","date_gmt":"2026-02-24T13:25:56","guid":{"rendered":"https:\/\/opinionpublica.com.ar\/index\/?p=12320"},"modified":"2026-02-24T10:25:56","modified_gmt":"2026-02-24T13:25:56","slug":"finalmente-las-clases-no-arrancan-en-tierra-del-fuego","status":"publish","type":"post","link":"https:\/\/opinionpublica.com.ar\/index\/finalmente-las-clases-no-arrancan-en-tierra-del-fuego\/","title":{"rendered":"Finalmente, las clases no arrancan en Tierra del Fuego"},"content":{"rendered":"<h3>Finalmente, las clases no arrancan en Tierra del Fuego<\/h3>\n<p><a href=\"https:\/\/opinionpublica.com.ar\/index\/wp-content\/uploads\/2026\/02\/FOTO-T-2-e1771902448916.jpg\"><img fetchpriority=\"high\" decoding=\"async\" class=\"alignnone size-full wp-image-12321\" src=\"https:\/\/opinionpublica.com.ar\/index\/wp-content\/uploads\/2026\/02\/FOTO-T-2-e1771902448916.jpg\" alt=\"\" width=\"760\" height=\"507\" srcset=\"https:\/\/opinionpublica.com.ar\/index\/wp-content\/uploads\/2026\/02\/FOTO-T-2-e1771902448916.jpg 760w, https:\/\/opinionpublica.com.ar\/index\/wp-content\/uploads\/2026\/02\/FOTO-T-2-e1771902448916-300x200.jpg 300w\" sizes=\"(max-width: 760px) 100vw, 760px\" \/><\/a><\/p>\n<p>El gremio docente resolvi\u00f3 un paro provincial de 48 horas con movilizaci\u00f3n para este martes y mi\u00e9rcoles, tras rechazar de manera un\u00e1nime la propuesta de aumento del 1% presentada por el Ejecutivo. Tambi\u00e9n defini\u00f3 una agenda de medidas para los pr\u00f3ximos d\u00edas.<\/p>\n<p>&nbsp;<\/p>\n<p>Las clases no comenzar\u00e1n en Tierra del Fuego este martes 24 de febrero luego de que el SUTEF rechazara de manera un\u00e1nime la propuesta salarial del 1% presentada por el Gobierno provincial. La decisi\u00f3n fue adoptada este lunes durante el Congreso Provincial de Delegadas y Delegados, que cont\u00f3 con la participaci\u00f3n de m\u00e1s de 160 representantes de instituciones educativas de toda la provincia.<\/p>\n<p>&nbsp;<\/p>\n<p>Seg\u00fan inform\u00f3 el sindicato, la docencia mandat\u00f3 mayoritariamente la realizaci\u00f3n de un paro provincial de 48 horas con movilizaci\u00f3n para los d\u00edas martes 24 y mi\u00e9rcoles 25 de febrero, quedando en segundo lugar \u2014por escaso margen\u2014 la moci\u00f3n de un paro por tiempo indeterminado.<\/p>\n<p>&nbsp;<\/p>\n<p>Las concentraciones est\u00e1n previstas a partir de las 11 horas, con puntos de encuentro en Ushuaia (Escuela N\u00b01), R\u00edo Grande (San Mart\u00edn y Belgrano) y Tolhuin (Plaza C\u00edvica). El gremio tambi\u00e9n anunci\u00f3 la realizaci\u00f3n de ollas populares durante las jornadas de protesta.<\/p>\n<p><a href=\"https:\/\/opinionpublica.com.ar\/index\/wp-content\/uploads\/2026\/02\/2-paro.jpg\"><img decoding=\"async\" class=\"alignnone size-full wp-image-12322\" src=\"https:\/\/opinionpublica.com.ar\/index\/wp-content\/uploads\/2026\/02\/2-paro.jpg\" alt=\"\" width=\"1280\" height=\"960\" srcset=\"https:\/\/opinionpublica.com.ar\/index\/wp-content\/uploads\/2026\/02\/2-paro.jpg 1280w, https:\/\/opinionpublica.com.ar\/index\/wp-content\/uploads\/2026\/02\/2-paro-300x225.jpg 300w, https:\/\/opinionpublica.com.ar\/index\/wp-content\/uploads\/2026\/02\/2-paro-1024x768.jpg 1024w, https:\/\/opinionpublica.com.ar\/index\/wp-content\/uploads\/2026\/02\/2-paro-768x576.jpg 768w\" sizes=\"(max-width: 1280px) 100vw, 1280px\" \/><\/a><\/p>\n<p>Desde el sindicato indicaron que la propuesta salarial del Ejecutivo fue considerada \u201cinaceptable\u201d y se\u00f1alaron que el incremento del 1% representa, seg\u00fan sus c\u00e1lculos, un aumento mensual aproximado de $11.475. En ese marco, tambi\u00e9n reclamaron el incumplimiento de acuerdos salariales homologados en 2025, particularmente el impacto pendiente del 2% correspondiente a julio, que \u2014seg\u00fan denunciaron\u2014 no fue abonado entre agosto y diciembre.<\/p>\n<p>&nbsp;<\/p>\n<p>Adem\u00e1s del paro de 48 horas, el Congreso de SUTEF resolvi\u00f3 una agenda de medidas para los pr\u00f3ximos d\u00edas, que incluye asambleas el jueves 26, la adhesi\u00f3n a un posible paro nacional el viernes 27, una movilizaci\u00f3n el 1\u00b0 de marzo durante la apertura de sesiones legislativas en Ushuaia y la participaci\u00f3n en el paro nacional convocado por CTERA para el lunes 2 de marzo.<\/p>\n<p>&nbsp;<\/p>\n<p>Desde el gremio tambi\u00e9n reclamaron el tratamiento legislativo del Proyecto de Ley de Financiamiento de la Educaci\u00f3n Fueguina, presentado en 2024 y que, seg\u00fan indicaron, contin\u00faa sin avances en la Legislatura provincial.<\/p>\n<p>&nbsp;<\/p>\n<p>Con este escenario, el inicio del ciclo lectivo 2026 en Tierra del Fuego queda suspendido, a la espera de una nueva convocatoria salarial que permita destrabar el conflicto entre el Gobierno provincial y el sector docente.<\/p>\n<p>&nbsp;<\/p>\n","protected":false},"excerpt":{"rendered":"<p>Finalmente, las clases no arrancan en Tierra del Fuego El gremio docente resolvi\u00f3 un paro provincial de 48<\/p>\n","protected":false},"author":5,"featured_media":12321,"comment_status":"open","ping_status":"open","sticky":false,"template":"","format":"standard","meta":{"footnotes":""},"categories":[2],"tags":[701,2808,805],"class_list":["post-12320","post","type-post","status-publish","format-standard","has-post-thumbnail","hentry","category-tierra-del-fuego","tag-gobierno-provincial","tag-paro-docente","tag-sutef"],"featured_image_urls":{"full":["https:\/\/opinionpublica.com.ar\/index\/wp-content\/uploads\/2026\/02\/FOTO-T-2-e1771902448916.jpg",760,507,false],"thumbnail":["https:\/\/opinionpublica.com.ar\/index\/wp-content\/uploads\/2026\/02\/FOTO-T-2-e1771902448916-150x150.jpg",150,150,true],"medium":["https:\/\/opinionpublica.com.ar\/index\/wp-content\/uploads\/2026\/02\/FOTO-T-2-e1771902448916-300x200.jpg",300,200,true],"medium_large":["https:\/\/opinionpublica.com.ar\/index\/wp-content\/uploads\/2026\/02\/FOTO-T-2-e1771902448916.jpg",640,427,false],"large":["https:\/\/opinionpublica.com.ar\/index\/wp-content\/uploads\/2026\/02\/FOTO-T-2-e1771902448916.jpg",640,427,false],"1536x1536":["https:\/\/opinionpublica.com.ar\/index\/wp-content\/uploads\/2026\/02\/FOTO-T-2-e1771902448916.jpg",760,507,false],"2048x2048":["https:\/\/opinionpublica.com.ar\/index\/wp-content\/uploads\/2026\/02\/FOTO-T-2-e1771902448916.jpg",760,507,false],"morenews-large":["https:\/\/opinionpublica.com.ar\/index\/wp-content\/uploads\/2026\/02\/FOTO-T-2-e1771902448916.jpg",760,507,false],"morenews-medium":["https:\/\/opinionpublica.com.ar\/index\/wp-content\/uploads\/2026\/02\/FOTO-T-2-e1771902448916-590x410.jpg",590,410,true]},"author_info":{"display_name":"Hal","author_link":"https:\/\/opinionpublica.com.ar\/index\/author\/hal\/"},"category_info":"<a href=\"https:\/\/opinionpublica.com.ar\/index\/category\/tierra-del-fuego\/\" rel=\"category tag\">Tierra del Fuego<\/a>","tag_info":"Tierra del Fuego","comment_count":"0","_links":{"self":[{"href":"https:\/\/opinionpublica.com.ar\/index\/wp-json\/wp\/v2\/posts\/12320","targetHints":{"allow":["GET"]}}],"collection":[{"href":"https:\/\/opinionpublica.com.ar\/index\/wp-json\/wp\/v2\/posts"}],"about":[{"href":"https:\/\/opinionpublica.com.ar\/index\/wp-json\/wp\/v2\/types\/post"}],"author":[{"embeddable":true,"href":"https:\/\/opinionpublica.com.ar\/index\/wp-json\/wp\/v2\/users\/5"}],"replies":[{"embeddable":true,"href":"https:\/\/opinionpublica.com.ar\/index\/wp-json\/wp\/v2\/comments?post=12320"}],"version-history":[{"count":1,"href":"https:\/\/opinionpublica.com.ar\/index\/wp-json\/wp\/v2\/posts\/12320\/revisions"}],"predecessor-version":[{"id":12323,"href":"https:\/\/opinionpublica.com.ar\/index\/wp-json\/wp\/v2\/posts\/12320\/revisions\/12323"}],"wp:featuredmedia":[{"embeddable":true,"href":"https:\/\/opinionpublica.com.ar\/index\/wp-json\/wp\/v2\/media\/12321"}],"wp:attachment":[{"href":"https:\/\/opinionpublica.com.ar\/index\/wp-json\/wp\/v2\/media?parent=12320"}],"wp:term":[{"taxonomy":"category","embeddable":true,"href":"https:\/\/opinionpublica.com.ar\/index\/wp-json\/wp\/v2\/categories?post=12320"},{"taxonomy":"post_tag","embeddable":true,"href":"https:\/\/opinionpublica.com.ar\/index\/wp-json\/wp\/v2\/tags?post=12320"}],"curies":[{"name":"wp","href":"https:\/\/api.w.org\/{rel}","templated":true}]}}