{"id":12328,"date":"2026-02-25T10:47:56","date_gmt":"2026-02-25T13:47:56","guid":{"rendered":"https:\/\/opinionpublica.com.ar\/index\/?p=12328"},"modified":"2026-02-25T10:47:56","modified_gmt":"2026-02-25T13:47:56","slug":"osef-al-borde-del-colapso-deudas-ocultas-por-22-000-millones","status":"publish","type":"post","link":"https:\/\/opinionpublica.com.ar\/index\/osef-al-borde-del-colapso-deudas-ocultas-por-22-000-millones\/","title":{"rendered":"OSEF al borde del colapso: Deudas ocultas por $22.000 millones"},"content":{"rendered":"<h3>OSEF al borde del colapso: Deudas ocultas por $22.000 millones<\/h3>\n<p><a href=\"https:\/\/opinionpublica.com.ar\/index\/wp-content\/uploads\/2024\/12\/20241201182032_osef-22-soem-osef.jpg\"><img fetchpriority=\"high\" decoding=\"async\" class=\"alignnone size-full wp-image-7600\" src=\"https:\/\/opinionpublica.com.ar\/index\/wp-content\/uploads\/2024\/12\/20241201182032_osef-22-soem-osef.jpg\" alt=\"\" width=\"880\" height=\"512\" srcset=\"https:\/\/opinionpublica.com.ar\/index\/wp-content\/uploads\/2024\/12\/20241201182032_osef-22-soem-osef.jpg 880w, https:\/\/opinionpublica.com.ar\/index\/wp-content\/uploads\/2024\/12\/20241201182032_osef-22-soem-osef-300x175.jpg 300w, https:\/\/opinionpublica.com.ar\/index\/wp-content\/uploads\/2024\/12\/20241201182032_osef-22-soem-osef-768x447.jpg 768w\" sizes=\"(max-width: 880px) 100vw, 880px\" \/><\/a><\/p>\n<p>Mientras los afiliados deambulan por farmacias sin medicamentos y enfrentan cortes de servicios en cl\u00ednicas, sali\u00f3 a la luz que el Estado fueguino retiene aportes por m\u00e1s de $22.000 millones. El Directorio por los Pasivos denunci\u00f3 que no se trata de \u00abd\u00e9ficit\u00bb, sino de una apropiaci\u00f3n indebida de fondos por parte del Gobierno para cubrir sus propios baches fiscales, poniendo en riesgo la vida de pacientes oncol\u00f3gicos.<\/p>\n<p>&nbsp;<\/p>\n","protected":false},"excerpt":{"rendered":"<p>OSEF al borde del colapso: Deudas ocultas por $22.000 millones Mientras los afiliados deambulan por farmacias sin medicamentos<\/p>\n","protected":false},"author":5,"featured_media":7600,"comment_status":"open","ping_status":"open","sticky":false,"template":"","format":"standard","meta":{"footnotes":""},"categories":[2],"tags":[4127,2864,113],"class_list":["post-12328","post","type-post","status-publish","format-standard","has-post-thumbnail","hentry","category-tierra-del-fuego","tag-cortes-de-servicios","tag-crisis-en-osef","tag-deuda"],"featured_image_urls":{"full":["https:\/\/opinionpublica.com.ar\/index\/wp-content\/uploads\/2024\/12\/20241201182032_osef-22-soem-osef.jpg",880,512,false],"thumbnail":["https:\/\/opinionpublica.com.ar\/index\/wp-content\/uploads\/2024\/12\/20241201182032_osef-22-soem-osef-150x150.jpg",150,150,true],"medium":["https:\/\/opinionpublica.com.ar\/index\/wp-content\/uploads\/2024\/12\/20241201182032_osef-22-soem-osef-300x175.jpg",300,175,true],"medium_large":["https:\/\/opinionpublica.com.ar\/index\/wp-content\/uploads\/2024\/12\/20241201182032_osef-22-soem-osef-768x447.jpg",640,373,true],"large":["https:\/\/opinionpublica.com.ar\/index\/wp-content\/uploads\/2024\/12\/20241201182032_osef-22-soem-osef.jpg",640,372,false],"1536x1536":["https:\/\/opinionpublica.com.ar\/index\/wp-content\/uploads\/2024\/12\/20241201182032_osef-22-soem-osef.jpg",880,512,false],"2048x2048":["https:\/\/opinionpublica.com.ar\/index\/wp-content\/uploads\/2024\/12\/20241201182032_osef-22-soem-osef.jpg",880,512,false],"morenews-large":["https:\/\/opinionpublica.com.ar\/index\/wp-content\/uploads\/2024\/12\/20241201182032_osef-22-soem-osef-825x512.jpg",825,512,true],"morenews-medium":["https:\/\/opinionpublica.com.ar\/index\/wp-content\/uploads\/2024\/12\/20241201182032_osef-22-soem-osef-590x410.jpg",590,410,true]},"author_info":{"display_name":"Hal","author_link":"https:\/\/opinionpublica.com.ar\/index\/author\/hal\/"},"category_info":"<a href=\"https:\/\/opinionpublica.com.ar\/index\/category\/tierra-del-fuego\/\" rel=\"category tag\">Tierra del Fuego<\/a>","tag_info":"Tierra del Fuego","comment_count":"0","_links":{"self":[{"href":"https:\/\/opinionpublica.com.ar\/index\/wp-json\/wp\/v2\/posts\/12328","targetHints":{"allow":["GET"]}}],"collection":[{"href":"https:\/\/opinionpublica.com.ar\/index\/wp-json\/wp\/v2\/posts"}],"about":[{"href":"https:\/\/opinionpublica.com.ar\/index\/wp-json\/wp\/v2\/types\/post"}],"author":[{"embeddable":true,"href":"https:\/\/opinionpublica.com.ar\/index\/wp-json\/wp\/v2\/users\/5"}],"replies":[{"embeddable":true,"href":"https:\/\/opinionpublica.com.ar\/index\/wp-json\/wp\/v2\/comments?post=12328"}],"version-history":[{"count":3,"href":"https:\/\/opinionpublica.com.ar\/index\/wp-json\/wp\/v2\/posts\/12328\/revisions"}],"predecessor-version":[{"id":12348,"href":"https:\/\/opinionpublica.com.ar\/index\/wp-json\/wp\/v2\/posts\/12328\/revisions\/12348"}],"wp:featuredmedia":[{"embeddable":true,"href":"https:\/\/opinionpublica.com.ar\/index\/wp-json\/wp\/v2\/media\/7600"}],"wp:attachment":[{"href":"https:\/\/opinionpublica.com.ar\/index\/wp-json\/wp\/v2\/media?parent=12328"}],"wp:term":[{"taxonomy":"category","embeddable":true,"href":"https:\/\/opinionpublica.com.ar\/index\/wp-json\/wp\/v2\/categories?post=12328"},{"taxonomy":"post_tag","embeddable":true,"href":"https:\/\/opinionpublica.com.ar\/index\/wp-json\/wp\/v2\/tags?post=12328"}],"curies":[{"name":"wp","href":"https:\/\/api.w.org\/{rel}","templated":true}]}}