{"id":12332,"date":"2026-02-25T10:58:46","date_gmt":"2026-02-25T13:58:46","guid":{"rendered":"https:\/\/opinionpublica.com.ar\/index\/?p=12332"},"modified":"2026-02-25T10:58:46","modified_gmt":"2026-02-25T13:58:46","slug":"contribucion-por-mejoras-el-nuevo-ajuste-municipal-sobre-el-bolsillo-del-vecino","status":"publish","type":"post","link":"https:\/\/opinionpublica.com.ar\/index\/contribucion-por-mejoras-el-nuevo-ajuste-municipal-sobre-el-bolsillo-del-vecino\/","title":{"rendered":"\u00abContribuci\u00f3n por Mejoras\u00bb: El nuevo ajuste municipal sobre el bolsillo del vecino"},"content":{"rendered":"<h3 style=\"text-align: left;\">\u00abContribuci\u00f3n por Mejoras\u00bb: El nuevo ajuste municipal sobre el bolsillo del vecino<\/h3>\n<p><a href=\"https:\/\/opinionpublica.com.ar\/index\/wp-content\/uploads\/2024\/10\/5100627161739537616-1024x682-ushuaia-obras.jpg\"><img fetchpriority=\"high\" decoding=\"async\" class=\"alignnone size-full wp-image-6108\" src=\"https:\/\/opinionpublica.com.ar\/index\/wp-content\/uploads\/2024\/10\/5100627161739537616-1024x682-ushuaia-obras.jpg\" alt=\"\" width=\"1024\" height=\"682\" srcset=\"https:\/\/opinionpublica.com.ar\/index\/wp-content\/uploads\/2024\/10\/5100627161739537616-1024x682-ushuaia-obras.jpg 1024w, https:\/\/opinionpublica.com.ar\/index\/wp-content\/uploads\/2024\/10\/5100627161739537616-1024x682-ushuaia-obras-300x200.jpg 300w, https:\/\/opinionpublica.com.ar\/index\/wp-content\/uploads\/2024\/10\/5100627161739537616-1024x682-ushuaia-obras-768x512.jpg 768w\" sizes=\"(max-width: 1024px) 100vw, 1024px\" \/><\/a><\/p>\n<p>En Ushuaia, la intendencia de Walter Vuoto opt\u00f3 por trasladar el costo de la obra p\u00fablica directamente a los contribuyentes. Con la aprobaci\u00f3n de la pavimentaci\u00f3n de la calle Los \u00d1ires bajo el esquema de \u00abcontribuci\u00f3n por mejoras\u00bb, los vecinos deber\u00e1n pagar de su bolsillo el 80% de la obra. En plena crisis econ\u00f3mica, el municipio se desentiende de sus funciones b\u00e1sicas y asfixia a\u00fan m\u00e1s a las familias fueguinas.<\/p>\n<p>&nbsp;<\/p>\n","protected":false},"excerpt":{"rendered":"<p>\u00abContribuci\u00f3n por Mejoras\u00bb: El nuevo ajuste municipal sobre el bolsillo del vecino En Ushuaia, la intendencia de Walter<\/p>\n","protected":false},"author":5,"featured_media":6108,"comment_status":"open","ping_status":"open","sticky":false,"template":"","format":"standard","meta":{"footnotes":""},"categories":[21],"tags":[4129,211,4128,538],"class_list":["post-12332","post","type-post","status-publish","format-standard","has-post-thumbnail","hentry","category-ushuaia","tag-contribucion-por-mejoras","tag-obra-publica","tag-traslado-costos","tag-walter-vuoto"],"featured_image_urls":{"full":["https:\/\/opinionpublica.com.ar\/index\/wp-content\/uploads\/2024\/10\/5100627161739537616-1024x682-ushuaia-obras.jpg",1024,682,false],"thumbnail":["https:\/\/opinionpublica.com.ar\/index\/wp-content\/uploads\/2024\/10\/5100627161739537616-1024x682-ushuaia-obras-150x150.jpg",150,150,true],"medium":["https:\/\/opinionpublica.com.ar\/index\/wp-content\/uploads\/2024\/10\/5100627161739537616-1024x682-ushuaia-obras-300x200.jpg",300,200,true],"medium_large":["https:\/\/opinionpublica.com.ar\/index\/wp-content\/uploads\/2024\/10\/5100627161739537616-1024x682-ushuaia-obras-768x512.jpg",640,427,true],"large":["https:\/\/opinionpublica.com.ar\/index\/wp-content\/uploads\/2024\/10\/5100627161739537616-1024x682-ushuaia-obras.jpg",640,426,false],"1536x1536":["https:\/\/opinionpublica.com.ar\/index\/wp-content\/uploads\/2024\/10\/5100627161739537616-1024x682-ushuaia-obras.jpg",1024,682,false],"2048x2048":["https:\/\/opinionpublica.com.ar\/index\/wp-content\/uploads\/2024\/10\/5100627161739537616-1024x682-ushuaia-obras.jpg",1024,682,false],"morenews-large":["https:\/\/opinionpublica.com.ar\/index\/wp-content\/uploads\/2024\/10\/5100627161739537616-1024x682-ushuaia-obras-825x575.jpg",825,575,true],"morenews-medium":["https:\/\/opinionpublica.com.ar\/index\/wp-content\/uploads\/2024\/10\/5100627161739537616-1024x682-ushuaia-obras-590x410.jpg",590,410,true]},"author_info":{"display_name":"Hal","author_link":"https:\/\/opinionpublica.com.ar\/index\/author\/hal\/"},"category_info":"<a href=\"https:\/\/opinionpublica.com.ar\/index\/category\/ushuaia\/\" rel=\"category tag\">Ushuaia<\/a>","tag_info":"Ushuaia","comment_count":"0","_links":{"self":[{"href":"https:\/\/opinionpublica.com.ar\/index\/wp-json\/wp\/v2\/posts\/12332","targetHints":{"allow":["GET"]}}],"collection":[{"href":"https:\/\/opinionpublica.com.ar\/index\/wp-json\/wp\/v2\/posts"}],"about":[{"href":"https:\/\/opinionpublica.com.ar\/index\/wp-json\/wp\/v2\/types\/post"}],"author":[{"embeddable":true,"href":"https:\/\/opinionpublica.com.ar\/index\/wp-json\/wp\/v2\/users\/5"}],"replies":[{"embeddable":true,"href":"https:\/\/opinionpublica.com.ar\/index\/wp-json\/wp\/v2\/comments?post=12332"}],"version-history":[{"count":2,"href":"https:\/\/opinionpublica.com.ar\/index\/wp-json\/wp\/v2\/posts\/12332\/revisions"}],"predecessor-version":[{"id":12350,"href":"https:\/\/opinionpublica.com.ar\/index\/wp-json\/wp\/v2\/posts\/12332\/revisions\/12350"}],"wp:featuredmedia":[{"embeddable":true,"href":"https:\/\/opinionpublica.com.ar\/index\/wp-json\/wp\/v2\/media\/6108"}],"wp:attachment":[{"href":"https:\/\/opinionpublica.com.ar\/index\/wp-json\/wp\/v2\/media?parent=12332"}],"wp:term":[{"taxonomy":"category","embeddable":true,"href":"https:\/\/opinionpublica.com.ar\/index\/wp-json\/wp\/v2\/categories?post=12332"},{"taxonomy":"post_tag","embeddable":true,"href":"https:\/\/opinionpublica.com.ar\/index\/wp-json\/wp\/v2\/tags?post=12332"}],"curies":[{"name":"wp","href":"https:\/\/api.w.org\/{rel}","templated":true}]}}