{"id":12334,"date":"2026-02-25T11:03:15","date_gmt":"2026-02-25T14:03:15","guid":{"rendered":"https:\/\/opinionpublica.com.ar\/index\/?p=12334"},"modified":"2026-02-25T11:03:15","modified_gmt":"2026-02-25T14:03:15","slug":"newsan-y-mirgor-el-ajuste-llega-a-los-gigantes-con-la-venia-oficial","status":"publish","type":"post","link":"https:\/\/opinionpublica.com.ar\/index\/newsan-y-mirgor-el-ajuste-llega-a-los-gigantes-con-la-venia-oficial\/","title":{"rendered":"NewSan y Mirgor: El ajuste llega a los gigantes con la venia oficial"},"content":{"rendered":"<h3>NewSan y Mirgor: El ajuste llega a los gigantes con la venia oficial<\/h3>\n<p><a href=\"https:\/\/opinionpublica.com.ar\/index\/wp-content\/uploads\/2024\/11\/Newsan.jpg\"><img fetchpriority=\"high\" decoding=\"async\" class=\"alignnone size-full wp-image-7152\" src=\"https:\/\/opinionpublica.com.ar\/index\/wp-content\/uploads\/2024\/11\/Newsan.jpg\" alt=\"\" width=\"925\" height=\"531\" srcset=\"https:\/\/opinionpublica.com.ar\/index\/wp-content\/uploads\/2024\/11\/Newsan.jpg 925w, https:\/\/opinionpublica.com.ar\/index\/wp-content\/uploads\/2024\/11\/Newsan-300x172.jpg 300w, https:\/\/opinionpublica.com.ar\/index\/wp-content\/uploads\/2024\/11\/Newsan-768x441.jpg 768w\" sizes=\"(max-width: 925px) 100vw, 925px\" \/><\/a><\/p>\n<p>Las principales armadoras del r\u00e9gimen promocionado comenzaron un proceso de \u00abgoteo\u00bb de despidos y suspensiones encubiertas bajo el fin de contratos a plazo fijo. A pesar de los balances positivos reportados a nivel nacional, la falta de una defensa firme del r\u00e9gimen por parte del Gobierno Provincial permite que las empresas ajusten por el eslab\u00f3n m\u00e1s d\u00e9bil: el trabajador fueguino.<\/p>\n<p>&nbsp;<\/p>\n","protected":false},"excerpt":{"rendered":"<p>NewSan y Mirgor: El ajuste llega a los gigantes con la venia oficial Las principales armadoras del r\u00e9gimen<\/p>\n","protected":false},"author":5,"featured_media":7152,"comment_status":"open","ping_status":"open","sticky":false,"template":"","format":"standard","meta":{"footnotes":""},"categories":[2],"tags":[195,287,150,769],"class_list":["post-12334","post","type-post","status-publish","format-standard","has-post-thumbnail","hentry","category-tierra-del-fuego","tag-despidos","tag-mirgor","tag-newsan","tag-suspensiones"],"featured_image_urls":{"full":["https:\/\/opinionpublica.com.ar\/index\/wp-content\/uploads\/2024\/11\/Newsan.jpg",925,531,false],"thumbnail":["https:\/\/opinionpublica.com.ar\/index\/wp-content\/uploads\/2024\/11\/Newsan-150x150.jpg",150,150,true],"medium":["https:\/\/opinionpublica.com.ar\/index\/wp-content\/uploads\/2024\/11\/Newsan-300x172.jpg",300,172,true],"medium_large":["https:\/\/opinionpublica.com.ar\/index\/wp-content\/uploads\/2024\/11\/Newsan-768x441.jpg",640,368,true],"large":["https:\/\/opinionpublica.com.ar\/index\/wp-content\/uploads\/2024\/11\/Newsan.jpg",640,367,false],"1536x1536":["https:\/\/opinionpublica.com.ar\/index\/wp-content\/uploads\/2024\/11\/Newsan.jpg",925,531,false],"2048x2048":["https:\/\/opinionpublica.com.ar\/index\/wp-content\/uploads\/2024\/11\/Newsan.jpg",925,531,false],"morenews-large":["https:\/\/opinionpublica.com.ar\/index\/wp-content\/uploads\/2024\/11\/Newsan-825x531.jpg",825,531,true],"morenews-medium":["https:\/\/opinionpublica.com.ar\/index\/wp-content\/uploads\/2024\/11\/Newsan-590x410.jpg",590,410,true]},"author_info":{"display_name":"Hal","author_link":"https:\/\/opinionpublica.com.ar\/index\/author\/hal\/"},"category_info":"<a href=\"https:\/\/opinionpublica.com.ar\/index\/category\/tierra-del-fuego\/\" rel=\"category tag\">Tierra del Fuego<\/a>","tag_info":"Tierra del Fuego","comment_count":"0","_links":{"self":[{"href":"https:\/\/opinionpublica.com.ar\/index\/wp-json\/wp\/v2\/posts\/12334","targetHints":{"allow":["GET"]}}],"collection":[{"href":"https:\/\/opinionpublica.com.ar\/index\/wp-json\/wp\/v2\/posts"}],"about":[{"href":"https:\/\/opinionpublica.com.ar\/index\/wp-json\/wp\/v2\/types\/post"}],"author":[{"embeddable":true,"href":"https:\/\/opinionpublica.com.ar\/index\/wp-json\/wp\/v2\/users\/5"}],"replies":[{"embeddable":true,"href":"https:\/\/opinionpublica.com.ar\/index\/wp-json\/wp\/v2\/comments?post=12334"}],"version-history":[{"count":2,"href":"https:\/\/opinionpublica.com.ar\/index\/wp-json\/wp\/v2\/posts\/12334\/revisions"}],"predecessor-version":[{"id":12351,"href":"https:\/\/opinionpublica.com.ar\/index\/wp-json\/wp\/v2\/posts\/12334\/revisions\/12351"}],"wp:featuredmedia":[{"embeddable":true,"href":"https:\/\/opinionpublica.com.ar\/index\/wp-json\/wp\/v2\/media\/7152"}],"wp:attachment":[{"href":"https:\/\/opinionpublica.com.ar\/index\/wp-json\/wp\/v2\/media?parent=12334"}],"wp:term":[{"taxonomy":"category","embeddable":true,"href":"https:\/\/opinionpublica.com.ar\/index\/wp-json\/wp\/v2\/categories?post=12334"},{"taxonomy":"post_tag","embeddable":true,"href":"https:\/\/opinionpublica.com.ar\/index\/wp-json\/wp\/v2\/tags?post=12334"}],"curies":[{"name":"wp","href":"https:\/\/api.w.org\/{rel}","templated":true}]}}