{"id":12336,"date":"2026-02-25T11:20:41","date_gmt":"2026-02-25T14:20:41","guid":{"rendered":"https:\/\/opinionpublica.com.ar\/index\/?p=12336"},"modified":"2026-02-25T11:20:41","modified_gmt":"2026-02-25T14:20:41","slug":"rutas-en-estado-de-abandono-el-peligro-de-circular-por-la-provincia","status":"publish","type":"post","link":"https:\/\/opinionpublica.com.ar\/index\/rutas-en-estado-de-abandono-el-peligro-de-circular-por-la-provincia\/","title":{"rendered":"Rutas en estado de abandono: El peligro de circular por la provincia"},"content":{"rendered":"<h3>Rutas en estado de abandono: El peligro de circular por la provincia<\/h3>\n<p><a href=\"https:\/\/opinionpublica.com.ar\/index\/wp-content\/uploads\/2025\/12\/20251130193209_rutas_destruidas_argentina.jpg\"><img fetchpriority=\"high\" decoding=\"async\" class=\"alignnone size-full wp-image-11844\" src=\"https:\/\/opinionpublica.com.ar\/index\/wp-content\/uploads\/2025\/12\/20251130193209_rutas_destruidas_argentina.jpg\" alt=\"\" width=\"880\" height=\"586\" srcset=\"https:\/\/opinionpublica.com.ar\/index\/wp-content\/uploads\/2025\/12\/20251130193209_rutas_destruidas_argentina.jpg 880w, https:\/\/opinionpublica.com.ar\/index\/wp-content\/uploads\/2025\/12\/20251130193209_rutas_destruidas_argentina-300x200.jpg 300w, https:\/\/opinionpublica.com.ar\/index\/wp-content\/uploads\/2025\/12\/20251130193209_rutas_destruidas_argentina-768x511.jpg 768w\" sizes=\"(max-width: 880px) 100vw, 880px\" \/><\/a><\/p>\n<p>Vialidad Provincial anunci\u00f3 tareas de \u00abconservaci\u00f3n\u00bb en la Ruta 119 y la 30, pero los conductores denuncian que son meros parches que no resuelven el deterioro estructural. La falta de inversi\u00f3n real en infraestructura vial, sumada a la escasa se\u00f1alizaci\u00f3n en tramos cr\u00edticos, convierte el tr\u00e1nsito por la isla en una ruleta rusa, mientras los fondos destinados a obras parecen evaporarse en el camino.<\/p>\n<p>&nbsp;<\/p>\n","protected":false},"excerpt":{"rendered":"<p>Rutas en estado de abandono: El peligro de circular por la provincia Vialidad Provincial anunci\u00f3 tareas de \u00abconservaci\u00f3n\u00bb<\/p>\n","protected":false},"author":5,"featured_media":11844,"comment_status":"open","ping_status":"open","sticky":false,"template":"","format":"standard","meta":{"footnotes":""},"categories":[29,2],"tags":[4130,3240,128],"class_list":["post-12336","post","type-post","status-publish","format-standard","has-post-thumbnail","hentry","category-interes-general","category-tierra-del-fuego","tag-abandono-total","tag-rutas-fueguinas","tag-vialidad-provincial"],"featured_image_urls":{"full":["https:\/\/opinionpublica.com.ar\/index\/wp-content\/uploads\/2025\/12\/20251130193209_rutas_destruidas_argentina.jpg",880,586,false],"thumbnail":["https:\/\/opinionpublica.com.ar\/index\/wp-content\/uploads\/2025\/12\/20251130193209_rutas_destruidas_argentina-150x150.jpg",150,150,true],"medium":["https:\/\/opinionpublica.com.ar\/index\/wp-content\/uploads\/2025\/12\/20251130193209_rutas_destruidas_argentina-300x200.jpg",300,200,true],"medium_large":["https:\/\/opinionpublica.com.ar\/index\/wp-content\/uploads\/2025\/12\/20251130193209_rutas_destruidas_argentina-768x511.jpg",640,426,true],"large":["https:\/\/opinionpublica.com.ar\/index\/wp-content\/uploads\/2025\/12\/20251130193209_rutas_destruidas_argentina.jpg",640,426,false],"1536x1536":["https:\/\/opinionpublica.com.ar\/index\/wp-content\/uploads\/2025\/12\/20251130193209_rutas_destruidas_argentina.jpg",880,586,false],"2048x2048":["https:\/\/opinionpublica.com.ar\/index\/wp-content\/uploads\/2025\/12\/20251130193209_rutas_destruidas_argentina.jpg",880,586,false],"morenews-large":["https:\/\/opinionpublica.com.ar\/index\/wp-content\/uploads\/2025\/12\/20251130193209_rutas_destruidas_argentina-825x575.jpg",825,575,true],"morenews-medium":["https:\/\/opinionpublica.com.ar\/index\/wp-content\/uploads\/2025\/12\/20251130193209_rutas_destruidas_argentina-590x410.jpg",590,410,true]},"author_info":{"display_name":"Hal","author_link":"https:\/\/opinionpublica.com.ar\/index\/author\/hal\/"},"category_info":"<a href=\"https:\/\/opinionpublica.com.ar\/index\/category\/interes-general\/\" rel=\"category tag\">Interes General<\/a> <a href=\"https:\/\/opinionpublica.com.ar\/index\/category\/tierra-del-fuego\/\" rel=\"category tag\">Tierra del Fuego<\/a>","tag_info":"Tierra del Fuego","comment_count":"0","_links":{"self":[{"href":"https:\/\/opinionpublica.com.ar\/index\/wp-json\/wp\/v2\/posts\/12336","targetHints":{"allow":["GET"]}}],"collection":[{"href":"https:\/\/opinionpublica.com.ar\/index\/wp-json\/wp\/v2\/posts"}],"about":[{"href":"https:\/\/opinionpublica.com.ar\/index\/wp-json\/wp\/v2\/types\/post"}],"author":[{"embeddable":true,"href":"https:\/\/opinionpublica.com.ar\/index\/wp-json\/wp\/v2\/users\/5"}],"replies":[{"embeddable":true,"href":"https:\/\/opinionpublica.com.ar\/index\/wp-json\/wp\/v2\/comments?post=12336"}],"version-history":[{"count":2,"href":"https:\/\/opinionpublica.com.ar\/index\/wp-json\/wp\/v2\/posts\/12336\/revisions"}],"predecessor-version":[{"id":12352,"href":"https:\/\/opinionpublica.com.ar\/index\/wp-json\/wp\/v2\/posts\/12336\/revisions\/12352"}],"wp:featuredmedia":[{"embeddable":true,"href":"https:\/\/opinionpublica.com.ar\/index\/wp-json\/wp\/v2\/media\/11844"}],"wp:attachment":[{"href":"https:\/\/opinionpublica.com.ar\/index\/wp-json\/wp\/v2\/media?parent=12336"}],"wp:term":[{"taxonomy":"category","embeddable":true,"href":"https:\/\/opinionpublica.com.ar\/index\/wp-json\/wp\/v2\/categories?post=12336"},{"taxonomy":"post_tag","embeddable":true,"href":"https:\/\/opinionpublica.com.ar\/index\/wp-json\/wp\/v2\/tags?post=12336"}],"curies":[{"name":"wp","href":"https:\/\/api.w.org\/{rel}","templated":true}]}}