{"id":12338,"date":"2026-02-25T11:25:08","date_gmt":"2026-02-25T14:25:08","guid":{"rendered":"https:\/\/opinionpublica.com.ar\/index\/?p=12338"},"modified":"2026-02-25T11:25:08","modified_gmt":"2026-02-25T14:25:08","slug":"el-conflicto-por-el-puerto-de-ushuaia-dialogo-roto-y-fondos-retenidos","status":"publish","type":"post","link":"https:\/\/opinionpublica.com.ar\/index\/el-conflicto-por-el-puerto-de-ushuaia-dialogo-roto-y-fondos-retenidos\/","title":{"rendered":"El conflicto por el Puerto de Ushuaia: Di\u00e1logo roto y fondos retenidos"},"content":{"rendered":"<h3>El conflicto por el Puerto de Ushuaia: Di\u00e1logo roto y fondos retenidos<\/h3>\n<p><a href=\"https:\/\/opinionpublica.com.ar\/index\/wp-content\/uploads\/2025\/04\/b9abae1f-bdbd-48d7-9710-74dc3e44df35-crucero-ushuaia.jpg\"><img fetchpriority=\"high\" decoding=\"async\" class=\"alignnone size-full wp-image-9397\" src=\"https:\/\/opinionpublica.com.ar\/index\/wp-content\/uploads\/2025\/04\/b9abae1f-bdbd-48d7-9710-74dc3e44df35-crucero-ushuaia.jpg\" alt=\"\" width=\"1280\" height=\"851\" srcset=\"https:\/\/opinionpublica.com.ar\/index\/wp-content\/uploads\/2025\/04\/b9abae1f-bdbd-48d7-9710-74dc3e44df35-crucero-ushuaia.jpg 1280w, https:\/\/opinionpublica.com.ar\/index\/wp-content\/uploads\/2025\/04\/b9abae1f-bdbd-48d7-9710-74dc3e44df35-crucero-ushuaia-300x199.jpg 300w, https:\/\/opinionpublica.com.ar\/index\/wp-content\/uploads\/2025\/04\/b9abae1f-bdbd-48d7-9710-74dc3e44df35-crucero-ushuaia-1024x681.jpg 1024w, https:\/\/opinionpublica.com.ar\/index\/wp-content\/uploads\/2025\/04\/b9abae1f-bdbd-48d7-9710-74dc3e44df35-crucero-ushuaia-768x511.jpg 768w\" sizes=\"(max-width: 1280px) 100vw, 1280px\" \/><\/a><\/p>\n<p>La ampliaci\u00f3n del puerto, vital para la econom\u00eda local, sigue empantanada en una guerra de egos pol\u00edtica entre el puerto y el Ejecutivo. La falta de transparencia en el manejo de los fondos y la ausencia de un plan estrat\u00e9gico serio mantienen paralizada una obra que ya deber\u00eda estar generando ingresos genuinos, demostrando la incapacidad de gesti\u00f3n de la actual administraci\u00f3n.<\/p>\n<p>&nbsp;<\/p>\n<p>&nbsp;<\/p>\n","protected":false},"excerpt":{"rendered":"<p>El conflicto por el Puerto de Ushuaia: Di\u00e1logo roto y fondos retenidos La ampliaci\u00f3n del puerto, vital para<\/p>\n","protected":false},"author":5,"featured_media":9397,"comment_status":"open","ping_status":"open","sticky":false,"template":"","format":"standard","meta":{"footnotes":""},"categories":[21],"tags":[889,3931],"class_list":["post-12338","post","type-post","status-publish","format-standard","has-post-thumbnail","hentry","category-ushuaia","tag-intervencion","tag-puerto-ushuaia"],"featured_image_urls":{"full":["https:\/\/opinionpublica.com.ar\/index\/wp-content\/uploads\/2025\/04\/b9abae1f-bdbd-48d7-9710-74dc3e44df35-crucero-ushuaia.jpg",1280,851,false],"thumbnail":["https:\/\/opinionpublica.com.ar\/index\/wp-content\/uploads\/2025\/04\/b9abae1f-bdbd-48d7-9710-74dc3e44df35-crucero-ushuaia-150x150.jpg",150,150,true],"medium":["https:\/\/opinionpublica.com.ar\/index\/wp-content\/uploads\/2025\/04\/b9abae1f-bdbd-48d7-9710-74dc3e44df35-crucero-ushuaia-300x199.jpg",300,199,true],"medium_large":["https:\/\/opinionpublica.com.ar\/index\/wp-content\/uploads\/2025\/04\/b9abae1f-bdbd-48d7-9710-74dc3e44df35-crucero-ushuaia-768x511.jpg",640,426,true],"large":["https:\/\/opinionpublica.com.ar\/index\/wp-content\/uploads\/2025\/04\/b9abae1f-bdbd-48d7-9710-74dc3e44df35-crucero-ushuaia-1024x681.jpg",640,426,true],"1536x1536":["https:\/\/opinionpublica.com.ar\/index\/wp-content\/uploads\/2025\/04\/b9abae1f-bdbd-48d7-9710-74dc3e44df35-crucero-ushuaia.jpg",1280,851,false],"2048x2048":["https:\/\/opinionpublica.com.ar\/index\/wp-content\/uploads\/2025\/04\/b9abae1f-bdbd-48d7-9710-74dc3e44df35-crucero-ushuaia.jpg",1280,851,false],"morenews-large":["https:\/\/opinionpublica.com.ar\/index\/wp-content\/uploads\/2025\/04\/b9abae1f-bdbd-48d7-9710-74dc3e44df35-crucero-ushuaia-825x575.jpg",825,575,true],"morenews-medium":["https:\/\/opinionpublica.com.ar\/index\/wp-content\/uploads\/2025\/04\/b9abae1f-bdbd-48d7-9710-74dc3e44df35-crucero-ushuaia-590x410.jpg",590,410,true]},"author_info":{"display_name":"Hal","author_link":"https:\/\/opinionpublica.com.ar\/index\/author\/hal\/"},"category_info":"<a href=\"https:\/\/opinionpublica.com.ar\/index\/category\/ushuaia\/\" rel=\"category tag\">Ushuaia<\/a>","tag_info":"Ushuaia","comment_count":"0","_links":{"self":[{"href":"https:\/\/opinionpublica.com.ar\/index\/wp-json\/wp\/v2\/posts\/12338","targetHints":{"allow":["GET"]}}],"collection":[{"href":"https:\/\/opinionpublica.com.ar\/index\/wp-json\/wp\/v2\/posts"}],"about":[{"href":"https:\/\/opinionpublica.com.ar\/index\/wp-json\/wp\/v2\/types\/post"}],"author":[{"embeddable":true,"href":"https:\/\/opinionpublica.com.ar\/index\/wp-json\/wp\/v2\/users\/5"}],"replies":[{"embeddable":true,"href":"https:\/\/opinionpublica.com.ar\/index\/wp-json\/wp\/v2\/comments?post=12338"}],"version-history":[{"count":3,"href":"https:\/\/opinionpublica.com.ar\/index\/wp-json\/wp\/v2\/posts\/12338\/revisions"}],"predecessor-version":[{"id":12354,"href":"https:\/\/opinionpublica.com.ar\/index\/wp-json\/wp\/v2\/posts\/12338\/revisions\/12354"}],"wp:featuredmedia":[{"embeddable":true,"href":"https:\/\/opinionpublica.com.ar\/index\/wp-json\/wp\/v2\/media\/9397"}],"wp:attachment":[{"href":"https:\/\/opinionpublica.com.ar\/index\/wp-json\/wp\/v2\/media?parent=12338"}],"wp:term":[{"taxonomy":"category","embeddable":true,"href":"https:\/\/opinionpublica.com.ar\/index\/wp-json\/wp\/v2\/categories?post=12338"},{"taxonomy":"post_tag","embeddable":true,"href":"https:\/\/opinionpublica.com.ar\/index\/wp-json\/wp\/v2\/tags?post=12338"}],"curies":[{"name":"wp","href":"https:\/\/api.w.org\/{rel}","templated":true}]}}