{"id":12340,"date":"2026-02-25T11:33:14","date_gmt":"2026-02-25T14:33:14","guid":{"rendered":"https:\/\/opinionpublica.com.ar\/index\/?p=12340"},"modified":"2026-02-25T11:33:14","modified_gmt":"2026-02-25T14:33:14","slug":"crisis-habitacional-promesas-de-campana-frente-a-la-realidad-de-los-alquileres","status":"publish","type":"post","link":"https:\/\/opinionpublica.com.ar\/index\/crisis-habitacional-promesas-de-campana-frente-a-la-realidad-de-los-alquileres\/","title":{"rendered":"Crisis habitacional: Promesas de campa\u00f1a frente a la realidad de los alquileres"},"content":{"rendered":"<h3>Crisis habitacional: Promesas de campa\u00f1a frente a la realidad de los alquileres<\/h3>\n<p><a href=\"https:\/\/opinionpublica.com.ar\/index\/wp-content\/uploads\/2024\/03\/Sobrevolando_Ushuaia_en_Helicoptero_-_Helicopter_flying_over_Ushuaia_._-_panoramio-scaled.jpg\"><img fetchpriority=\"high\" decoding=\"async\" class=\"size-full wp-image-381\" src=\"https:\/\/opinionpublica.com.ar\/index\/wp-content\/uploads\/2024\/03\/Sobrevolando_Ushuaia_en_Helicoptero_-_Helicopter_flying_over_Ushuaia_._-_panoramio-scaled.jpg\" alt=\"\" width=\"2560\" height=\"1920\" srcset=\"https:\/\/opinionpublica.com.ar\/index\/wp-content\/uploads\/2024\/03\/Sobrevolando_Ushuaia_en_Helicoptero_-_Helicopter_flying_over_Ushuaia_._-_panoramio-scaled.jpg 2560w, https:\/\/opinionpublica.com.ar\/index\/wp-content\/uploads\/2024\/03\/Sobrevolando_Ushuaia_en_Helicoptero_-_Helicopter_flying_over_Ushuaia_._-_panoramio-300x225.jpg 300w, https:\/\/opinionpublica.com.ar\/index\/wp-content\/uploads\/2024\/03\/Sobrevolando_Ushuaia_en_Helicoptero_-_Helicopter_flying_over_Ushuaia_._-_panoramio-1024x768.jpg 1024w, https:\/\/opinionpublica.com.ar\/index\/wp-content\/uploads\/2024\/03\/Sobrevolando_Ushuaia_en_Helicoptero_-_Helicopter_flying_over_Ushuaia_._-_panoramio-768x576.jpg 768w, https:\/\/opinionpublica.com.ar\/index\/wp-content\/uploads\/2024\/03\/Sobrevolando_Ushuaia_en_Helicoptero_-_Helicopter_flying_over_Ushuaia_._-_panoramio-1536x1152.jpg 1536w, https:\/\/opinionpublica.com.ar\/index\/wp-content\/uploads\/2024\/03\/Sobrevolando_Ushuaia_en_Helicoptero_-_Helicopter_flying_over_Ushuaia_._-_panoramio-2048x1536.jpg 2048w\" sizes=\"(max-width: 2560px) 100vw, 2560px\" \/><\/a><\/p>\n<p>A pesar de los anuncios rimbombantes sobre \u00absoluciones habitacionales\u00bb, el acceso a la vivienda en Tierra del Fuego sigue siendo un privilegio de pocos. Los precios de los alquileres, dolarizados de facto, expulsan a los j\u00f3venes de la provincia mientras el Estado se limita a entregar lotes sin servicios b\u00e1sicos, perpetuando la precarizaci\u00f3n urbana en los barrios perif\u00e9ricos.<\/p>\n<p>&nbsp;<\/p>\n","protected":false},"excerpt":{"rendered":"<p>Crisis habitacional: Promesas de campa\u00f1a frente a la realidad de los alquileres A pesar de los anuncios rimbombantes<\/p>\n","protected":false},"author":5,"featured_media":381,"comment_status":"open","ping_status":"open","sticky":false,"template":"","format":"standard","meta":{"footnotes":""},"categories":[2],"tags":[4131,3177],"class_list":["post-12340","post","type-post","status-publish","format-standard","has-post-thumbnail","hentry","category-tierra-del-fuego","tag-crisis-habitacional","tag-promesas-vacias"],"featured_image_urls":{"full":["https:\/\/opinionpublica.com.ar\/index\/wp-content\/uploads\/2024\/03\/Sobrevolando_Ushuaia_en_Helicoptero_-_Helicopter_flying_over_Ushuaia_._-_panoramio-scaled.jpg",2560,1920,false],"thumbnail":["https:\/\/opinionpublica.com.ar\/index\/wp-content\/uploads\/2024\/03\/Sobrevolando_Ushuaia_en_Helicoptero_-_Helicopter_flying_over_Ushuaia_._-_panoramio-150x150.jpg",150,150,true],"medium":["https:\/\/opinionpublica.com.ar\/index\/wp-content\/uploads\/2024\/03\/Sobrevolando_Ushuaia_en_Helicoptero_-_Helicopter_flying_over_Ushuaia_._-_panoramio-300x225.jpg",300,225,true],"medium_large":["https:\/\/opinionpublica.com.ar\/index\/wp-content\/uploads\/2024\/03\/Sobrevolando_Ushuaia_en_Helicoptero_-_Helicopter_flying_over_Ushuaia_._-_panoramio-768x576.jpg",640,480,true],"large":["https:\/\/opinionpublica.com.ar\/index\/wp-content\/uploads\/2024\/03\/Sobrevolando_Ushuaia_en_Helicoptero_-_Helicopter_flying_over_Ushuaia_._-_panoramio-1024x768.jpg",640,480,true],"1536x1536":["https:\/\/opinionpublica.com.ar\/index\/wp-content\/uploads\/2024\/03\/Sobrevolando_Ushuaia_en_Helicoptero_-_Helicopter_flying_over_Ushuaia_._-_panoramio-1536x1152.jpg",1536,1152,true],"2048x2048":["https:\/\/opinionpublica.com.ar\/index\/wp-content\/uploads\/2024\/03\/Sobrevolando_Ushuaia_en_Helicoptero_-_Helicopter_flying_over_Ushuaia_._-_panoramio-2048x1536.jpg",2048,1536,true],"morenews-large":["https:\/\/opinionpublica.com.ar\/index\/wp-content\/uploads\/2024\/03\/Sobrevolando_Ushuaia_en_Helicoptero_-_Helicopter_flying_over_Ushuaia_._-_panoramio-825x575.jpg",825,575,true],"morenews-medium":["https:\/\/opinionpublica.com.ar\/index\/wp-content\/uploads\/2024\/03\/Sobrevolando_Ushuaia_en_Helicoptero_-_Helicopter_flying_over_Ushuaia_._-_panoramio-590x410.jpg",590,410,true]},"author_info":{"display_name":"Hal","author_link":"https:\/\/opinionpublica.com.ar\/index\/author\/hal\/"},"category_info":"<a href=\"https:\/\/opinionpublica.com.ar\/index\/category\/tierra-del-fuego\/\" rel=\"category tag\">Tierra del Fuego<\/a>","tag_info":"Tierra del Fuego","comment_count":"0","_links":{"self":[{"href":"https:\/\/opinionpublica.com.ar\/index\/wp-json\/wp\/v2\/posts\/12340","targetHints":{"allow":["GET"]}}],"collection":[{"href":"https:\/\/opinionpublica.com.ar\/index\/wp-json\/wp\/v2\/posts"}],"about":[{"href":"https:\/\/opinionpublica.com.ar\/index\/wp-json\/wp\/v2\/types\/post"}],"author":[{"embeddable":true,"href":"https:\/\/opinionpublica.com.ar\/index\/wp-json\/wp\/v2\/users\/5"}],"replies":[{"embeddable":true,"href":"https:\/\/opinionpublica.com.ar\/index\/wp-json\/wp\/v2\/comments?post=12340"}],"version-history":[{"count":2,"href":"https:\/\/opinionpublica.com.ar\/index\/wp-json\/wp\/v2\/posts\/12340\/revisions"}],"predecessor-version":[{"id":12355,"href":"https:\/\/opinionpublica.com.ar\/index\/wp-json\/wp\/v2\/posts\/12340\/revisions\/12355"}],"wp:featuredmedia":[{"embeddable":true,"href":"https:\/\/opinionpublica.com.ar\/index\/wp-json\/wp\/v2\/media\/381"}],"wp:attachment":[{"href":"https:\/\/opinionpublica.com.ar\/index\/wp-json\/wp\/v2\/media?parent=12340"}],"wp:term":[{"taxonomy":"category","embeddable":true,"href":"https:\/\/opinionpublica.com.ar\/index\/wp-json\/wp\/v2\/categories?post=12340"},{"taxonomy":"post_tag","embeddable":true,"href":"https:\/\/opinionpublica.com.ar\/index\/wp-json\/wp\/v2\/tags?post=12340"}],"curies":[{"name":"wp","href":"https:\/\/api.w.org\/{rel}","templated":true}]}}