{"id":12357,"date":"2026-02-26T09:15:29","date_gmt":"2026-02-26T12:15:29","guid":{"rendered":"https:\/\/opinionpublica.com.ar\/index\/?p=12357"},"modified":"2026-02-26T09:15:29","modified_gmt":"2026-02-26T12:15:29","slug":"industria-fueguina-en-crisis-seis-mil-puestos-de-trabajo-perdidos","status":"publish","type":"post","link":"https:\/\/opinionpublica.com.ar\/index\/industria-fueguina-en-crisis-seis-mil-puestos-de-trabajo-perdidos\/","title":{"rendered":"Industria fueguina en crisis: seis mil puestos de trabajo perdidos"},"content":{"rendered":"<h3>Industria fueguina en crisis: seis mil puestos de trabajo perdidos<\/h3>\n<p><a href=\"https:\/\/opinionpublica.com.ar\/index\/wp-content\/uploads\/2024\/09\/industria-hecho-tdf.jpg\"><img fetchpriority=\"high\" decoding=\"async\" class=\"alignnone size-full wp-image-5900\" src=\"https:\/\/opinionpublica.com.ar\/index\/wp-content\/uploads\/2024\/09\/industria-hecho-tdf.jpg\" alt=\"\" width=\"1024\" height=\"682\" srcset=\"https:\/\/opinionpublica.com.ar\/index\/wp-content\/uploads\/2024\/09\/industria-hecho-tdf.jpg 1024w, https:\/\/opinionpublica.com.ar\/index\/wp-content\/uploads\/2024\/09\/industria-hecho-tdf-300x200.jpg 300w, https:\/\/opinionpublica.com.ar\/index\/wp-content\/uploads\/2024\/09\/industria-hecho-tdf-768x512.jpg 768w\" sizes=\"(max-width: 1024px) 100vw, 1024px\" \/><\/a><\/p>\n<p>La industria de R\u00edo Grande atraviesa un momento cr\u00edtico, con 6 000 empleos menos seg\u00fan informes locales de hoy publicados por medios digitales. La ca\u00edda sostenida del consumo interno y la apertura indiscriminada de importaciones han golpeado directamente a la producci\u00f3n fueguina. A esto se suma la incapacidad del Gobierno provincial y municipal para articular pol\u00edticas activas que mitiguen la retracci\u00f3n econ\u00f3mica: no hay anuncio de programas de est\u00edmulo productivo que compensen la p\u00e9rdida de actividad industrial. La falta de medidas concretas para contener el desempleo pone en jaque tambi\u00e9n al comercio y los servicios locales, que dependen de la capacidad de gasto de las familias trabajadoras. Adem\u00e1s, el panorama se agrava por la pasividad del Ejecutivo en la promoci\u00f3n de inversiones productivas reales, con iniciativas como la adhesi\u00f3n al RIGI a\u00fan sin definirse formalmente. Este c\u00f3ctel de factores deja a la isla sin una estrategia de desarrollo clara y profundiza la inseguridad laboral de miles de fueguinos.<\/p>\n<p>&nbsp;<\/p>\n","protected":false},"excerpt":{"rendered":"<p>Industria fueguina en crisis: seis mil puestos de trabajo perdidos La industria de R\u00edo Grande atraviesa un momento<\/p>\n","protected":false},"author":5,"featured_media":5900,"comment_status":"open","ping_status":"open","sticky":false,"template":"","format":"standard","meta":{"footnotes":""},"categories":[25],"tags":[],"class_list":["post-12357","post","type-post","status-publish","format-standard","has-post-thumbnail","hentry","category-rio-grande"],"featured_image_urls":{"full":["https:\/\/opinionpublica.com.ar\/index\/wp-content\/uploads\/2024\/09\/industria-hecho-tdf.jpg",1024,682,false],"thumbnail":["https:\/\/opinionpublica.com.ar\/index\/wp-content\/uploads\/2024\/09\/industria-hecho-tdf-150x150.jpg",150,150,true],"medium":["https:\/\/opinionpublica.com.ar\/index\/wp-content\/uploads\/2024\/09\/industria-hecho-tdf-300x200.jpg",300,200,true],"medium_large":["https:\/\/opinionpublica.com.ar\/index\/wp-content\/uploads\/2024\/09\/industria-hecho-tdf-768x512.jpg",640,427,true],"large":["https:\/\/opinionpublica.com.ar\/index\/wp-content\/uploads\/2024\/09\/industria-hecho-tdf.jpg",640,426,false],"1536x1536":["https:\/\/opinionpublica.com.ar\/index\/wp-content\/uploads\/2024\/09\/industria-hecho-tdf.jpg",1024,682,false],"2048x2048":["https:\/\/opinionpublica.com.ar\/index\/wp-content\/uploads\/2024\/09\/industria-hecho-tdf.jpg",1024,682,false],"morenews-large":["https:\/\/opinionpublica.com.ar\/index\/wp-content\/uploads\/2024\/09\/industria-hecho-tdf-825x575.jpg",825,575,true],"morenews-medium":["https:\/\/opinionpublica.com.ar\/index\/wp-content\/uploads\/2024\/09\/industria-hecho-tdf-590x410.jpg",590,410,true]},"author_info":{"display_name":"Hal","author_link":"https:\/\/opinionpublica.com.ar\/index\/author\/hal\/"},"category_info":"<a href=\"https:\/\/opinionpublica.com.ar\/index\/category\/rio-grande\/\" rel=\"category tag\">Rio Grande<\/a>","tag_info":"Rio Grande","comment_count":"0","_links":{"self":[{"href":"https:\/\/opinionpublica.com.ar\/index\/wp-json\/wp\/v2\/posts\/12357","targetHints":{"allow":["GET"]}}],"collection":[{"href":"https:\/\/opinionpublica.com.ar\/index\/wp-json\/wp\/v2\/posts"}],"about":[{"href":"https:\/\/opinionpublica.com.ar\/index\/wp-json\/wp\/v2\/types\/post"}],"author":[{"embeddable":true,"href":"https:\/\/opinionpublica.com.ar\/index\/wp-json\/wp\/v2\/users\/5"}],"replies":[{"embeddable":true,"href":"https:\/\/opinionpublica.com.ar\/index\/wp-json\/wp\/v2\/comments?post=12357"}],"version-history":[{"count":2,"href":"https:\/\/opinionpublica.com.ar\/index\/wp-json\/wp\/v2\/posts\/12357\/revisions"}],"predecessor-version":[{"id":12376,"href":"https:\/\/opinionpublica.com.ar\/index\/wp-json\/wp\/v2\/posts\/12357\/revisions\/12376"}],"wp:featuredmedia":[{"embeddable":true,"href":"https:\/\/opinionpublica.com.ar\/index\/wp-json\/wp\/v2\/media\/5900"}],"wp:attachment":[{"href":"https:\/\/opinionpublica.com.ar\/index\/wp-json\/wp\/v2\/media?parent=12357"}],"wp:term":[{"taxonomy":"category","embeddable":true,"href":"https:\/\/opinionpublica.com.ar\/index\/wp-json\/wp\/v2\/categories?post=12357"},{"taxonomy":"post_tag","embeddable":true,"href":"https:\/\/opinionpublica.com.ar\/index\/wp-json\/wp\/v2\/tags?post=12357"}],"curies":[{"name":"wp","href":"https:\/\/api.w.org\/{rel}","templated":true}]}}