{"id":12361,"date":"2026-02-26T09:30:52","date_gmt":"2026-02-26T12:30:52","guid":{"rendered":"https:\/\/opinionpublica.com.ar\/index\/?p=12361"},"modified":"2026-02-26T09:30:52","modified_gmt":"2026-02-26T12:30:52","slug":"conflicto-en-fabrica-aires-del-sur-evidencia-ajuste-economico","status":"publish","type":"post","link":"https:\/\/opinionpublica.com.ar\/index\/conflicto-en-fabrica-aires-del-sur-evidencia-ajuste-economico\/","title":{"rendered":"Conflicto en f\u00e1brica Aires del Sur evidencia ajuste econ\u00f3mico"},"content":{"rendered":"<h3>Conflicto en f\u00e1brica Aires del Sur evidencia ajuste econ\u00f3mico<\/h3>\n<p><a href=\"https:\/\/opinionpublica.com.ar\/index\/wp-content\/uploads\/2026\/02\/20190625104010_0036753469.jpg\"><img fetchpriority=\"high\" decoding=\"async\" class=\"alignnone size-full wp-image-12379\" src=\"https:\/\/opinionpublica.com.ar\/index\/wp-content\/uploads\/2026\/02\/20190625104010_0036753469.jpg\" alt=\"\" width=\"880\" height=\"586\" srcset=\"https:\/\/opinionpublica.com.ar\/index\/wp-content\/uploads\/2026\/02\/20190625104010_0036753469.jpg 880w, https:\/\/opinionpublica.com.ar\/index\/wp-content\/uploads\/2026\/02\/20190625104010_0036753469-300x200.jpg 300w, https:\/\/opinionpublica.com.ar\/index\/wp-content\/uploads\/2026\/02\/20190625104010_0036753469-768x511.jpg 768w\" sizes=\"(max-width: 880px) 100vw, 880px\" \/><\/a><\/p>\n<p>La empresa de aires acondicionados Aires del Sur en R\u00edo Grande fue tomada por sus trabajadores tras la declaraci\u00f3n de quiebra formalizada recientemente, en medio de reclamos por salarios impagos y temor a despidos masivos. Gremios como la UOM y ASIMRA anunciaron la ocupaci\u00f3n de la planta en respaldo a los empleados, calificando la crisis industrial como consecuencia directa de las pol\u00edticas econ\u00f3micas del Gobierno nacional que favorecen la apertura de importaciones y debilitan la producci\u00f3n local. El conflicto se da en un contexto en el que otras firmas industriales ya hab\u00edan mostrado se\u00f1ales de estr\u00e9s por la ca\u00edda del consumo y por medidas que no protegen la producci\u00f3n nacional. Desde sectores cr\u00edticos al oficialismo califican la situaci\u00f3n como \u201cuna tapa del ajuste en Tierra del Fuego\u201d, donde cada planta que cierra es un s\u00edntoma del deterioro econ\u00f3mico y la falta de respuestas de las autoridades provinciales.<\/p>\n<p>&nbsp;<\/p>\n","protected":false},"excerpt":{"rendered":"<p>Conflicto en f\u00e1brica Aires del Sur evidencia ajuste econ\u00f3mico La empresa de aires acondicionados Aires del Sur en<\/p>\n","protected":false},"author":5,"featured_media":12379,"comment_status":"open","ping_status":"open","sticky":false,"template":"","format":"standard","meta":{"footnotes":""},"categories":[25],"tags":[],"class_list":["post-12361","post","type-post","status-publish","format-standard","has-post-thumbnail","hentry","category-rio-grande"],"featured_image_urls":{"full":["https:\/\/opinionpublica.com.ar\/index\/wp-content\/uploads\/2026\/02\/20190625104010_0036753469.jpg",880,586,false],"thumbnail":["https:\/\/opinionpublica.com.ar\/index\/wp-content\/uploads\/2026\/02\/20190625104010_0036753469-150x150.jpg",150,150,true],"medium":["https:\/\/opinionpublica.com.ar\/index\/wp-content\/uploads\/2026\/02\/20190625104010_0036753469-300x200.jpg",300,200,true],"medium_large":["https:\/\/opinionpublica.com.ar\/index\/wp-content\/uploads\/2026\/02\/20190625104010_0036753469-768x511.jpg",640,426,true],"large":["https:\/\/opinionpublica.com.ar\/index\/wp-content\/uploads\/2026\/02\/20190625104010_0036753469.jpg",640,426,false],"1536x1536":["https:\/\/opinionpublica.com.ar\/index\/wp-content\/uploads\/2026\/02\/20190625104010_0036753469.jpg",880,586,false],"2048x2048":["https:\/\/opinionpublica.com.ar\/index\/wp-content\/uploads\/2026\/02\/20190625104010_0036753469.jpg",880,586,false],"morenews-large":["https:\/\/opinionpublica.com.ar\/index\/wp-content\/uploads\/2026\/02\/20190625104010_0036753469-825x575.jpg",825,575,true],"morenews-medium":["https:\/\/opinionpublica.com.ar\/index\/wp-content\/uploads\/2026\/02\/20190625104010_0036753469-590x410.jpg",590,410,true]},"author_info":{"display_name":"Hal","author_link":"https:\/\/opinionpublica.com.ar\/index\/author\/hal\/"},"category_info":"<a href=\"https:\/\/opinionpublica.com.ar\/index\/category\/rio-grande\/\" rel=\"category tag\">Rio Grande<\/a>","tag_info":"Rio Grande","comment_count":"0","_links":{"self":[{"href":"https:\/\/opinionpublica.com.ar\/index\/wp-json\/wp\/v2\/posts\/12361","targetHints":{"allow":["GET"]}}],"collection":[{"href":"https:\/\/opinionpublica.com.ar\/index\/wp-json\/wp\/v2\/posts"}],"about":[{"href":"https:\/\/opinionpublica.com.ar\/index\/wp-json\/wp\/v2\/types\/post"}],"author":[{"embeddable":true,"href":"https:\/\/opinionpublica.com.ar\/index\/wp-json\/wp\/v2\/users\/5"}],"replies":[{"embeddable":true,"href":"https:\/\/opinionpublica.com.ar\/index\/wp-json\/wp\/v2\/comments?post=12361"}],"version-history":[{"count":2,"href":"https:\/\/opinionpublica.com.ar\/index\/wp-json\/wp\/v2\/posts\/12361\/revisions"}],"predecessor-version":[{"id":12380,"href":"https:\/\/opinionpublica.com.ar\/index\/wp-json\/wp\/v2\/posts\/12361\/revisions\/12380"}],"wp:featuredmedia":[{"embeddable":true,"href":"https:\/\/opinionpublica.com.ar\/index\/wp-json\/wp\/v2\/media\/12379"}],"wp:attachment":[{"href":"https:\/\/opinionpublica.com.ar\/index\/wp-json\/wp\/v2\/media?parent=12361"}],"wp:term":[{"taxonomy":"category","embeddable":true,"href":"https:\/\/opinionpublica.com.ar\/index\/wp-json\/wp\/v2\/categories?post=12361"},{"taxonomy":"post_tag","embeddable":true,"href":"https:\/\/opinionpublica.com.ar\/index\/wp-json\/wp\/v2\/tags?post=12361"}],"curies":[{"name":"wp","href":"https:\/\/api.w.org\/{rel}","templated":true}]}}