{"id":12363,"date":"2026-02-26T09:34:39","date_gmt":"2026-02-26T12:34:39","guid":{"rendered":"https:\/\/opinionpublica.com.ar\/index\/?p=12363"},"modified":"2026-02-26T09:34:39","modified_gmt":"2026-02-26T12:34:39","slug":"presupuesto-2026-en-ushuaia-oposicion-denuncia-improvisacion","status":"publish","type":"post","link":"https:\/\/opinionpublica.com.ar\/index\/presupuesto-2026-en-ushuaia-oposicion-denuncia-improvisacion\/","title":{"rendered":"Presupuesto 2026 en Ushuaia: oposici\u00f3n denuncia improvisaci\u00f3n"},"content":{"rendered":"<h3>Presupuesto 2026 en Ushuaia: oposici\u00f3n denuncia improvisaci\u00f3n<\/h3>\n<p><a href=\"https:\/\/opinionpublica.com.ar\/index\/wp-content\/uploads\/2024\/05\/belen-montes-de-oca.jpg\"><img fetchpriority=\"high\" decoding=\"async\" class=\"alignnone size-full wp-image-3128\" src=\"https:\/\/opinionpublica.com.ar\/index\/wp-content\/uploads\/2024\/05\/belen-montes-de-oca.jpg\" alt=\"\" width=\"880\" height=\"506\" srcset=\"https:\/\/opinionpublica.com.ar\/index\/wp-content\/uploads\/2024\/05\/belen-montes-de-oca.jpg 880w, https:\/\/opinionpublica.com.ar\/index\/wp-content\/uploads\/2024\/05\/belen-montes-de-oca-300x173.jpg 300w, https:\/\/opinionpublica.com.ar\/index\/wp-content\/uploads\/2024\/05\/belen-montes-de-oca-768x442.jpg 768w\" sizes=\"(max-width: 880px) 100vw, 880px\" \/><\/a><\/p>\n<p>La concejal Bel\u00e9n Montes de Oca (La Libertad Avanza) cruz\u00f3 duramente al oficialismo de Ushuaia durante el debate del Presupuesto 2026, acusando a la gesti\u00f3n local de usar la herramienta fiscal m\u00e1s importante del a\u00f1o como plataforma pol\u00edtica en lugar de rendir cuentas claras sobre la inflaci\u00f3n de gastos, falta de metas de desarrollo y ausencia de prioridades para la reactivaci\u00f3n econ\u00f3mica municipal. Montes de Oca sostuvo que la ciudad \u201cest\u00e1 cada d\u00eda m\u00e1s desconectada de la realidad productiva de los vecinos\u201d, y que el presupuesto no responde a la crisis de empleo ni a la ca\u00edda del consumo.<\/p>\n<p>&nbsp;<\/p>\n","protected":false},"excerpt":{"rendered":"<p>Presupuesto 2026 en Ushuaia: oposici\u00f3n denuncia improvisaci\u00f3n La concejal Bel\u00e9n Montes de Oca (La Libertad Avanza) cruz\u00f3 duramente<\/p>\n","protected":false},"author":5,"featured_media":3128,"comment_status":"open","ping_status":"open","sticky":false,"template":"","format":"standard","meta":{"footnotes":""},"categories":[2],"tags":[],"class_list":["post-12363","post","type-post","status-publish","format-standard","has-post-thumbnail","hentry","category-tierra-del-fuego"],"featured_image_urls":{"full":["https:\/\/opinionpublica.com.ar\/index\/wp-content\/uploads\/2024\/05\/belen-montes-de-oca.jpg",880,506,false],"thumbnail":["https:\/\/opinionpublica.com.ar\/index\/wp-content\/uploads\/2024\/05\/belen-montes-de-oca-150x150.jpg",150,150,true],"medium":["https:\/\/opinionpublica.com.ar\/index\/wp-content\/uploads\/2024\/05\/belen-montes-de-oca-300x173.jpg",300,173,true],"medium_large":["https:\/\/opinionpublica.com.ar\/index\/wp-content\/uploads\/2024\/05\/belen-montes-de-oca-768x442.jpg",640,368,true],"large":["https:\/\/opinionpublica.com.ar\/index\/wp-content\/uploads\/2024\/05\/belen-montes-de-oca.jpg",640,368,false],"1536x1536":["https:\/\/opinionpublica.com.ar\/index\/wp-content\/uploads\/2024\/05\/belen-montes-de-oca.jpg",880,506,false],"2048x2048":["https:\/\/opinionpublica.com.ar\/index\/wp-content\/uploads\/2024\/05\/belen-montes-de-oca.jpg",880,506,false],"morenews-large":["https:\/\/opinionpublica.com.ar\/index\/wp-content\/uploads\/2024\/05\/belen-montes-de-oca-825x506.jpg",825,506,true],"morenews-medium":["https:\/\/opinionpublica.com.ar\/index\/wp-content\/uploads\/2024\/05\/belen-montes-de-oca-590x410.jpg",590,410,true]},"author_info":{"display_name":"Hal","author_link":"https:\/\/opinionpublica.com.ar\/index\/author\/hal\/"},"category_info":"<a href=\"https:\/\/opinionpublica.com.ar\/index\/category\/tierra-del-fuego\/\" rel=\"category tag\">Tierra del Fuego<\/a>","tag_info":"Tierra del Fuego","comment_count":"0","_links":{"self":[{"href":"https:\/\/opinionpublica.com.ar\/index\/wp-json\/wp\/v2\/posts\/12363","targetHints":{"allow":["GET"]}}],"collection":[{"href":"https:\/\/opinionpublica.com.ar\/index\/wp-json\/wp\/v2\/posts"}],"about":[{"href":"https:\/\/opinionpublica.com.ar\/index\/wp-json\/wp\/v2\/types\/post"}],"author":[{"embeddable":true,"href":"https:\/\/opinionpublica.com.ar\/index\/wp-json\/wp\/v2\/users\/5"}],"replies":[{"embeddable":true,"href":"https:\/\/opinionpublica.com.ar\/index\/wp-json\/wp\/v2\/comments?post=12363"}],"version-history":[{"count":3,"href":"https:\/\/opinionpublica.com.ar\/index\/wp-json\/wp\/v2\/posts\/12363\/revisions"}],"predecessor-version":[{"id":12381,"href":"https:\/\/opinionpublica.com.ar\/index\/wp-json\/wp\/v2\/posts\/12363\/revisions\/12381"}],"wp:featuredmedia":[{"embeddable":true,"href":"https:\/\/opinionpublica.com.ar\/index\/wp-json\/wp\/v2\/media\/3128"}],"wp:attachment":[{"href":"https:\/\/opinionpublica.com.ar\/index\/wp-json\/wp\/v2\/media?parent=12363"}],"wp:term":[{"taxonomy":"category","embeddable":true,"href":"https:\/\/opinionpublica.com.ar\/index\/wp-json\/wp\/v2\/categories?post=12363"},{"taxonomy":"post_tag","embeddable":true,"href":"https:\/\/opinionpublica.com.ar\/index\/wp-json\/wp\/v2\/tags?post=12363"}],"curies":[{"name":"wp","href":"https:\/\/api.w.org\/{rel}","templated":true}]}}