{"id":12366,"date":"2026-02-26T09:43:16","date_gmt":"2026-02-26T12:43:16","guid":{"rendered":"https:\/\/opinionpublica.com.ar\/index\/?p=12366"},"modified":"2026-02-26T09:43:16","modified_gmt":"2026-02-26T12:43:16","slug":"plan-de-alivio-fiscal-en-rio-grande-parche-insuficiente","status":"publish","type":"post","link":"https:\/\/opinionpublica.com.ar\/index\/plan-de-alivio-fiscal-en-rio-grande-parche-insuficiente\/","title":{"rendered":"Plan de Alivio Fiscal en R\u00edo Grande: \u00bfparche insuficiente?"},"content":{"rendered":"<h3>Plan de Alivio Fiscal en R\u00edo Grande: \u00bfparche insuficiente?<\/h3>\n<p><a href=\"https:\/\/opinionpublica.com.ar\/index\/wp-content\/uploads\/2024\/12\/20211202163727_ciudad_rg-rio-grande.jpg\"><img fetchpriority=\"high\" decoding=\"async\" class=\"alignnone size-full wp-image-7748\" src=\"https:\/\/opinionpublica.com.ar\/index\/wp-content\/uploads\/2024\/12\/20211202163727_ciudad_rg-rio-grande.jpg\" alt=\"\" width=\"880\" height=\"586\" srcset=\"https:\/\/opinionpublica.com.ar\/index\/wp-content\/uploads\/2024\/12\/20211202163727_ciudad_rg-rio-grande.jpg 880w, https:\/\/opinionpublica.com.ar\/index\/wp-content\/uploads\/2024\/12\/20211202163727_ciudad_rg-rio-grande-300x200.jpg 300w, https:\/\/opinionpublica.com.ar\/index\/wp-content\/uploads\/2024\/12\/20211202163727_ciudad_rg-rio-grande-768x511.jpg 768w\" sizes=\"(max-width: 880px) 100vw, 880px\" \/><\/a><\/p>\n<p>El municipio de R\u00edo Grande present\u00f3 un \u201cPlan de Alivio Fiscal 2026\u201d con descuentos en impuestos municipales y opciones de pago en cuotas sin inter\u00e9s como supuesta ayuda a los contribuyentes. Sin embargo, analistas cr\u00edticos se\u00f1alan que se trata de gestos fiscales menores que no compensan el impacto de la recesi\u00f3n econ\u00f3mica y la ca\u00edda de la capacidad de compra. Adem\u00e1s, la falta de medidas estructurales de est\u00edmulo productivo deja la iniciativa como un paliativo insuficiente ante la falta de trabajo y la retracci\u00f3n de la actividad comercial local.<\/p>\n<p>&nbsp;<\/p>\n","protected":false},"excerpt":{"rendered":"<p>Plan de Alivio Fiscal en R\u00edo Grande: \u00bfparche insuficiente? El municipio de R\u00edo Grande present\u00f3 un \u201cPlan de<\/p>\n","protected":false},"author":5,"featured_media":7748,"comment_status":"open","ping_status":"open","sticky":false,"template":"","format":"standard","meta":{"footnotes":""},"categories":[25],"tags":[],"class_list":["post-12366","post","type-post","status-publish","format-standard","has-post-thumbnail","hentry","category-rio-grande"],"featured_image_urls":{"full":["https:\/\/opinionpublica.com.ar\/index\/wp-content\/uploads\/2024\/12\/20211202163727_ciudad_rg-rio-grande.jpg",880,586,false],"thumbnail":["https:\/\/opinionpublica.com.ar\/index\/wp-content\/uploads\/2024\/12\/20211202163727_ciudad_rg-rio-grande-150x150.jpg",150,150,true],"medium":["https:\/\/opinionpublica.com.ar\/index\/wp-content\/uploads\/2024\/12\/20211202163727_ciudad_rg-rio-grande-300x200.jpg",300,200,true],"medium_large":["https:\/\/opinionpublica.com.ar\/index\/wp-content\/uploads\/2024\/12\/20211202163727_ciudad_rg-rio-grande-768x511.jpg",640,426,true],"large":["https:\/\/opinionpublica.com.ar\/index\/wp-content\/uploads\/2024\/12\/20211202163727_ciudad_rg-rio-grande.jpg",640,426,false],"1536x1536":["https:\/\/opinionpublica.com.ar\/index\/wp-content\/uploads\/2024\/12\/20211202163727_ciudad_rg-rio-grande.jpg",880,586,false],"2048x2048":["https:\/\/opinionpublica.com.ar\/index\/wp-content\/uploads\/2024\/12\/20211202163727_ciudad_rg-rio-grande.jpg",880,586,false],"morenews-large":["https:\/\/opinionpublica.com.ar\/index\/wp-content\/uploads\/2024\/12\/20211202163727_ciudad_rg-rio-grande-825x575.jpg",825,575,true],"morenews-medium":["https:\/\/opinionpublica.com.ar\/index\/wp-content\/uploads\/2024\/12\/20211202163727_ciudad_rg-rio-grande-590x410.jpg",590,410,true]},"author_info":{"display_name":"Hal","author_link":"https:\/\/opinionpublica.com.ar\/index\/author\/hal\/"},"category_info":"<a href=\"https:\/\/opinionpublica.com.ar\/index\/category\/rio-grande\/\" rel=\"category tag\">Rio Grande<\/a>","tag_info":"Rio Grande","comment_count":"0","_links":{"self":[{"href":"https:\/\/opinionpublica.com.ar\/index\/wp-json\/wp\/v2\/posts\/12366","targetHints":{"allow":["GET"]}}],"collection":[{"href":"https:\/\/opinionpublica.com.ar\/index\/wp-json\/wp\/v2\/posts"}],"about":[{"href":"https:\/\/opinionpublica.com.ar\/index\/wp-json\/wp\/v2\/types\/post"}],"author":[{"embeddable":true,"href":"https:\/\/opinionpublica.com.ar\/index\/wp-json\/wp\/v2\/users\/5"}],"replies":[{"embeddable":true,"href":"https:\/\/opinionpublica.com.ar\/index\/wp-json\/wp\/v2\/comments?post=12366"}],"version-history":[{"count":2,"href":"https:\/\/opinionpublica.com.ar\/index\/wp-json\/wp\/v2\/posts\/12366\/revisions"}],"predecessor-version":[{"id":12383,"href":"https:\/\/opinionpublica.com.ar\/index\/wp-json\/wp\/v2\/posts\/12366\/revisions\/12383"}],"wp:featuredmedia":[{"embeddable":true,"href":"https:\/\/opinionpublica.com.ar\/index\/wp-json\/wp\/v2\/media\/7748"}],"wp:attachment":[{"href":"https:\/\/opinionpublica.com.ar\/index\/wp-json\/wp\/v2\/media?parent=12366"}],"wp:term":[{"taxonomy":"category","embeddable":true,"href":"https:\/\/opinionpublica.com.ar\/index\/wp-json\/wp\/v2\/categories?post=12366"},{"taxonomy":"post_tag","embeddable":true,"href":"https:\/\/opinionpublica.com.ar\/index\/wp-json\/wp\/v2\/tags?post=12366"}],"curies":[{"name":"wp","href":"https:\/\/api.w.org\/{rel}","templated":true}]}}