{"id":12368,"date":"2026-02-26T09:38:18","date_gmt":"2026-02-26T12:38:18","guid":{"rendered":"https:\/\/opinionpublica.com.ar\/index\/?p=12368"},"modified":"2026-02-26T09:38:18","modified_gmt":"2026-02-26T12:38:18","slug":"precios-de-combustibles-en-tierra-del-fuego-un-nuevo-golpe-al-bolsillo","status":"publish","type":"post","link":"https:\/\/opinionpublica.com.ar\/index\/precios-de-combustibles-en-tierra-del-fuego-un-nuevo-golpe-al-bolsillo\/","title":{"rendered":"Precios de combustibles en Tierra del Fuego: un nuevo golpe al bolsillo"},"content":{"rendered":"<h3>Precios de combustibles en Tierra del Fuego: un nuevo golpe al bolsillo<\/h3>\n<p><a href=\"https:\/\/opinionpublica.com.ar\/index\/wp-content\/uploads\/2024\/09\/nafta-20211220-1286971-carga-de-naftas-ypf.jpg\"><img fetchpriority=\"high\" decoding=\"async\" class=\"alignnone size-full wp-image-5969\" src=\"https:\/\/opinionpublica.com.ar\/index\/wp-content\/uploads\/2024\/09\/nafta-20211220-1286971-carga-de-naftas-ypf.jpg\" alt=\"\" width=\"987\" height=\"555\" srcset=\"https:\/\/opinionpublica.com.ar\/index\/wp-content\/uploads\/2024\/09\/nafta-20211220-1286971-carga-de-naftas-ypf.jpg 987w, https:\/\/opinionpublica.com.ar\/index\/wp-content\/uploads\/2024\/09\/nafta-20211220-1286971-carga-de-naftas-ypf-300x169.jpg 300w, https:\/\/opinionpublica.com.ar\/index\/wp-content\/uploads\/2024\/09\/nafta-20211220-1286971-carga-de-naftas-ypf-768x432.jpg 768w\" sizes=\"(max-width: 987px) 100vw, 987px\" \/><\/a><\/p>\n<p>Los precios de combustibles en Tierra del Fuego siguen siendo un factor de presi\u00f3n econ\u00f3mica para familias y empresas. Hoy, la nafta com\u00fan ronda m\u00e1s de $1 000 por litro y el gasoil supera ese umbral, consolidando un escenario de costos altos que impacta en el transporte, la log\u00edstica y la canasta b\u00e1sica. Este contexto complica a\u00fan m\u00e1s la competitividad de la industria local y la econom\u00eda familiar, con escasas respuestas del gobierno provincial para mitigar estos efectos.<\/p>\n<p>&nbsp;<\/p>\n","protected":false},"excerpt":{"rendered":"<p>Precios de combustibles en Tierra del Fuego: un nuevo golpe al bolsillo Los precios de combustibles en Tierra<\/p>\n","protected":false},"author":5,"featured_media":5969,"comment_status":"open","ping_status":"open","sticky":false,"template":"","format":"standard","meta":{"footnotes":""},"categories":[29],"tags":[],"class_list":["post-12368","post","type-post","status-publish","format-standard","has-post-thumbnail","hentry","category-interes-general"],"featured_image_urls":{"full":["https:\/\/opinionpublica.com.ar\/index\/wp-content\/uploads\/2024\/09\/nafta-20211220-1286971-carga-de-naftas-ypf.jpg",987,555,false],"thumbnail":["https:\/\/opinionpublica.com.ar\/index\/wp-content\/uploads\/2024\/09\/nafta-20211220-1286971-carga-de-naftas-ypf-150x150.jpg",150,150,true],"medium":["https:\/\/opinionpublica.com.ar\/index\/wp-content\/uploads\/2024\/09\/nafta-20211220-1286971-carga-de-naftas-ypf-300x169.jpg",300,169,true],"medium_large":["https:\/\/opinionpublica.com.ar\/index\/wp-content\/uploads\/2024\/09\/nafta-20211220-1286971-carga-de-naftas-ypf-768x432.jpg",640,360,true],"large":["https:\/\/opinionpublica.com.ar\/index\/wp-content\/uploads\/2024\/09\/nafta-20211220-1286971-carga-de-naftas-ypf.jpg",640,360,false],"1536x1536":["https:\/\/opinionpublica.com.ar\/index\/wp-content\/uploads\/2024\/09\/nafta-20211220-1286971-carga-de-naftas-ypf.jpg",987,555,false],"2048x2048":["https:\/\/opinionpublica.com.ar\/index\/wp-content\/uploads\/2024\/09\/nafta-20211220-1286971-carga-de-naftas-ypf.jpg",987,555,false],"morenews-large":["https:\/\/opinionpublica.com.ar\/index\/wp-content\/uploads\/2024\/09\/nafta-20211220-1286971-carga-de-naftas-ypf-825x555.jpg",825,555,true],"morenews-medium":["https:\/\/opinionpublica.com.ar\/index\/wp-content\/uploads\/2024\/09\/nafta-20211220-1286971-carga-de-naftas-ypf-590x410.jpg",590,410,true]},"author_info":{"display_name":"Hal","author_link":"https:\/\/opinionpublica.com.ar\/index\/author\/hal\/"},"category_info":"<a href=\"https:\/\/opinionpublica.com.ar\/index\/category\/interes-general\/\" rel=\"category tag\">Interes General<\/a>","tag_info":"Interes General","comment_count":"0","_links":{"self":[{"href":"https:\/\/opinionpublica.com.ar\/index\/wp-json\/wp\/v2\/posts\/12368","targetHints":{"allow":["GET"]}}],"collection":[{"href":"https:\/\/opinionpublica.com.ar\/index\/wp-json\/wp\/v2\/posts"}],"about":[{"href":"https:\/\/opinionpublica.com.ar\/index\/wp-json\/wp\/v2\/types\/post"}],"author":[{"embeddable":true,"href":"https:\/\/opinionpublica.com.ar\/index\/wp-json\/wp\/v2\/users\/5"}],"replies":[{"embeddable":true,"href":"https:\/\/opinionpublica.com.ar\/index\/wp-json\/wp\/v2\/comments?post=12368"}],"version-history":[{"count":2,"href":"https:\/\/opinionpublica.com.ar\/index\/wp-json\/wp\/v2\/posts\/12368\/revisions"}],"predecessor-version":[{"id":12382,"href":"https:\/\/opinionpublica.com.ar\/index\/wp-json\/wp\/v2\/posts\/12368\/revisions\/12382"}],"wp:featuredmedia":[{"embeddable":true,"href":"https:\/\/opinionpublica.com.ar\/index\/wp-json\/wp\/v2\/media\/5969"}],"wp:attachment":[{"href":"https:\/\/opinionpublica.com.ar\/index\/wp-json\/wp\/v2\/media?parent=12368"}],"wp:term":[{"taxonomy":"category","embeddable":true,"href":"https:\/\/opinionpublica.com.ar\/index\/wp-json\/wp\/v2\/categories?post=12368"},{"taxonomy":"post_tag","embeddable":true,"href":"https:\/\/opinionpublica.com.ar\/index\/wp-json\/wp\/v2\/tags?post=12368"}],"curies":[{"name":"wp","href":"https:\/\/api.w.org\/{rel}","templated":true}]}}