{"id":12372,"date":"2026-02-26T10:32:01","date_gmt":"2026-02-26T13:32:01","guid":{"rendered":"https:\/\/opinionpublica.com.ar\/index\/?p=12372"},"modified":"2026-02-26T10:32:01","modified_gmt":"2026-02-26T13:32:01","slug":"reclamo-por-desfinanciamiento-del-famp-y-futuro-productivo","status":"publish","type":"post","link":"https:\/\/opinionpublica.com.ar\/index\/reclamo-por-desfinanciamiento-del-famp-y-futuro-productivo\/","title":{"rendered":"Reclamo por desfinanciamiento del FAMP y futuro productivo"},"content":{"rendered":"<h3>Reclamo por desfinanciamiento del FAMP y futuro productivo<\/h3>\n<p><a href=\"https:\/\/opinionpublica.com.ar\/index\/wp-content\/uploads\/2024\/06\/plataforma-fenix-scaled.jpg\"><img fetchpriority=\"high\" decoding=\"async\" class=\"alignnone size-full wp-image-3742\" src=\"https:\/\/opinionpublica.com.ar\/index\/wp-content\/uploads\/2024\/06\/plataforma-fenix-scaled.jpg\" alt=\"\" width=\"2560\" height=\"1440\" srcset=\"https:\/\/opinionpublica.com.ar\/index\/wp-content\/uploads\/2024\/06\/plataforma-fenix-scaled.jpg 2560w, https:\/\/opinionpublica.com.ar\/index\/wp-content\/uploads\/2024\/06\/plataforma-fenix-300x169.jpg 300w, https:\/\/opinionpublica.com.ar\/index\/wp-content\/uploads\/2024\/06\/plataforma-fenix-1024x576.jpg 1024w, https:\/\/opinionpublica.com.ar\/index\/wp-content\/uploads\/2024\/06\/plataforma-fenix-768x432.jpg 768w, https:\/\/opinionpublica.com.ar\/index\/wp-content\/uploads\/2024\/06\/plataforma-fenix-1536x864.jpg 1536w, https:\/\/opinionpublica.com.ar\/index\/wp-content\/uploads\/2024\/06\/plataforma-fenix-2048x1152.jpg 2048w\" sizes=\"(max-width: 2560px) 100vw, 2560px\" \/><\/a><\/p>\n<p>Representantes pol\u00edticos y sociales denunciaron que la eliminaci\u00f3n de aportes al Fondo para la Ampliaci\u00f3n de la Matriz Productiva Fueguina (FAMP) por parte de resoluciones nacionales deja en duda la continuidad del financiamiento para proyectos productivos locales. Cr\u00edticos afirman que esto perjudica cualquier perspectiva de diversificaci\u00f3n econ\u00f3mica y deja a la provincia sin herramientas para sostener empleo y desarrollo tecnol\u00f3gico.<\/p>\n","protected":false},"excerpt":{"rendered":"<p>Reclamo por desfinanciamiento del FAMP y futuro productivo Representantes pol\u00edticos y sociales denunciaron que la eliminaci\u00f3n de aportes<\/p>\n","protected":false},"author":5,"featured_media":3742,"comment_status":"open","ping_status":"open","sticky":false,"template":"","format":"standard","meta":{"footnotes":""},"categories":[29,2],"tags":[],"class_list":["post-12372","post","type-post","status-publish","format-standard","has-post-thumbnail","hentry","category-interes-general","category-tierra-del-fuego"],"featured_image_urls":{"full":["https:\/\/opinionpublica.com.ar\/index\/wp-content\/uploads\/2024\/06\/plataforma-fenix-scaled.jpg",2560,1440,false],"thumbnail":["https:\/\/opinionpublica.com.ar\/index\/wp-content\/uploads\/2024\/06\/plataforma-fenix-150x150.jpg",150,150,true],"medium":["https:\/\/opinionpublica.com.ar\/index\/wp-content\/uploads\/2024\/06\/plataforma-fenix-300x169.jpg",300,169,true],"medium_large":["https:\/\/opinionpublica.com.ar\/index\/wp-content\/uploads\/2024\/06\/plataforma-fenix-768x432.jpg",640,360,true],"large":["https:\/\/opinionpublica.com.ar\/index\/wp-content\/uploads\/2024\/06\/plataforma-fenix-1024x576.jpg",640,360,true],"1536x1536":["https:\/\/opinionpublica.com.ar\/index\/wp-content\/uploads\/2024\/06\/plataforma-fenix-1536x864.jpg",1536,864,true],"2048x2048":["https:\/\/opinionpublica.com.ar\/index\/wp-content\/uploads\/2024\/06\/plataforma-fenix-2048x1152.jpg",2048,1152,true],"morenews-large":["https:\/\/opinionpublica.com.ar\/index\/wp-content\/uploads\/2024\/06\/plataforma-fenix-825x575.jpg",825,575,true],"morenews-medium":["https:\/\/opinionpublica.com.ar\/index\/wp-content\/uploads\/2024\/06\/plataforma-fenix-590x410.jpg",590,410,true]},"author_info":{"display_name":"Hal","author_link":"https:\/\/opinionpublica.com.ar\/index\/author\/hal\/"},"category_info":"<a href=\"https:\/\/opinionpublica.com.ar\/index\/category\/interes-general\/\" rel=\"category tag\">Interes General<\/a> <a href=\"https:\/\/opinionpublica.com.ar\/index\/category\/tierra-del-fuego\/\" rel=\"category tag\">Tierra del Fuego<\/a>","tag_info":"Tierra del Fuego","comment_count":"0","_links":{"self":[{"href":"https:\/\/opinionpublica.com.ar\/index\/wp-json\/wp\/v2\/posts\/12372","targetHints":{"allow":["GET"]}}],"collection":[{"href":"https:\/\/opinionpublica.com.ar\/index\/wp-json\/wp\/v2\/posts"}],"about":[{"href":"https:\/\/opinionpublica.com.ar\/index\/wp-json\/wp\/v2\/types\/post"}],"author":[{"embeddable":true,"href":"https:\/\/opinionpublica.com.ar\/index\/wp-json\/wp\/v2\/users\/5"}],"replies":[{"embeddable":true,"href":"https:\/\/opinionpublica.com.ar\/index\/wp-json\/wp\/v2\/comments?post=12372"}],"version-history":[{"count":2,"href":"https:\/\/opinionpublica.com.ar\/index\/wp-json\/wp\/v2\/posts\/12372\/revisions"}],"predecessor-version":[{"id":12385,"href":"https:\/\/opinionpublica.com.ar\/index\/wp-json\/wp\/v2\/posts\/12372\/revisions\/12385"}],"wp:featuredmedia":[{"embeddable":true,"href":"https:\/\/opinionpublica.com.ar\/index\/wp-json\/wp\/v2\/media\/3742"}],"wp:attachment":[{"href":"https:\/\/opinionpublica.com.ar\/index\/wp-json\/wp\/v2\/media?parent=12372"}],"wp:term":[{"taxonomy":"category","embeddable":true,"href":"https:\/\/opinionpublica.com.ar\/index\/wp-json\/wp\/v2\/categories?post=12372"},{"taxonomy":"post_tag","embeddable":true,"href":"https:\/\/opinionpublica.com.ar\/index\/wp-json\/wp\/v2\/tags?post=12372"}],"curies":[{"name":"wp","href":"https:\/\/api.w.org\/{rel}","templated":true}]}}