{"id":12374,"date":"2026-02-26T10:39:13","date_gmt":"2026-02-26T13:39:13","guid":{"rendered":"https:\/\/opinionpublica.com.ar\/index\/?p=12374"},"modified":"2026-02-26T10:39:13","modified_gmt":"2026-02-26T13:39:13","slug":"toma-de-fabrica-y-tension-laboral-el-rostro-humano-de-la-crisis","status":"publish","type":"post","link":"https:\/\/opinionpublica.com.ar\/index\/toma-de-fabrica-y-tension-laboral-el-rostro-humano-de-la-crisis\/","title":{"rendered":"Toma de f\u00e1brica y tensi\u00f3n laboral: el rostro humano de la crisis"},"content":{"rendered":"<h3>Toma de f\u00e1brica y tensi\u00f3n laboral: el rostro humano de la crisis<\/h3>\n<p><a href=\"https:\/\/opinionpublica.com.ar\/index\/wp-content\/uploads\/2026\/02\/aires-del-sur.jpg\"><img fetchpriority=\"high\" decoding=\"async\" class=\"alignnone size-full wp-image-12387\" src=\"https:\/\/opinionpublica.com.ar\/index\/wp-content\/uploads\/2026\/02\/aires-del-sur.jpg\" alt=\"\" width=\"940\" height=\"529\" srcset=\"https:\/\/opinionpublica.com.ar\/index\/wp-content\/uploads\/2026\/02\/aires-del-sur.jpg 940w, https:\/\/opinionpublica.com.ar\/index\/wp-content\/uploads\/2026\/02\/aires-del-sur-300x169.jpg 300w, https:\/\/opinionpublica.com.ar\/index\/wp-content\/uploads\/2026\/02\/aires-del-sur-768x432.jpg 768w\" sizes=\"(max-width: 940px) 100vw, 940px\" \/><\/a><\/p>\n<p>Un conflicto laboral se intensifica en la provincia con la ocupaci\u00f3n de una f\u00e1brica de aires acondicionados por parte de trabajadores que reclaman salarios y condiciones laborales. La movilizaci\u00f3n sindical fue convocada como respuesta a la par\u00e1lisis productiva y la falta de avances en las negociaciones, mostrando la profunda tensi\u00f3n social y econ\u00f3mica que atraviesa la isla. Este hecho no solo es un conflicto sectorial sino un reflejo de la fragilidad del mercado laboral local.<\/p>\n<p>&nbsp;<\/p>\n","protected":false},"excerpt":{"rendered":"<p>Toma de f\u00e1brica y tensi\u00f3n laboral: el rostro humano de la crisis Un conflicto laboral se intensifica en<\/p>\n","protected":false},"author":5,"featured_media":12387,"comment_status":"open","ping_status":"open","sticky":false,"template":"","format":"standard","meta":{"footnotes":""},"categories":[25,2],"tags":[],"class_list":["post-12374","post","type-post","status-publish","format-standard","has-post-thumbnail","hentry","category-rio-grande","category-tierra-del-fuego"],"featured_image_urls":{"full":["https:\/\/opinionpublica.com.ar\/index\/wp-content\/uploads\/2026\/02\/aires-del-sur.jpg",940,529,false],"thumbnail":["https:\/\/opinionpublica.com.ar\/index\/wp-content\/uploads\/2026\/02\/aires-del-sur-150x150.jpg",150,150,true],"medium":["https:\/\/opinionpublica.com.ar\/index\/wp-content\/uploads\/2026\/02\/aires-del-sur-300x169.jpg",300,169,true],"medium_large":["https:\/\/opinionpublica.com.ar\/index\/wp-content\/uploads\/2026\/02\/aires-del-sur-768x432.jpg",640,360,true],"large":["https:\/\/opinionpublica.com.ar\/index\/wp-content\/uploads\/2026\/02\/aires-del-sur.jpg",640,360,false],"1536x1536":["https:\/\/opinionpublica.com.ar\/index\/wp-content\/uploads\/2026\/02\/aires-del-sur.jpg",940,529,false],"2048x2048":["https:\/\/opinionpublica.com.ar\/index\/wp-content\/uploads\/2026\/02\/aires-del-sur.jpg",940,529,false],"morenews-large":["https:\/\/opinionpublica.com.ar\/index\/wp-content\/uploads\/2026\/02\/aires-del-sur-825x529.jpg",825,529,true],"morenews-medium":["https:\/\/opinionpublica.com.ar\/index\/wp-content\/uploads\/2026\/02\/aires-del-sur-590x410.jpg",590,410,true]},"author_info":{"display_name":"Hal","author_link":"https:\/\/opinionpublica.com.ar\/index\/author\/hal\/"},"category_info":"<a href=\"https:\/\/opinionpublica.com.ar\/index\/category\/rio-grande\/\" rel=\"category tag\">Rio Grande<\/a> <a href=\"https:\/\/opinionpublica.com.ar\/index\/category\/tierra-del-fuego\/\" rel=\"category tag\">Tierra del Fuego<\/a>","tag_info":"Tierra del Fuego","comment_count":"0","_links":{"self":[{"href":"https:\/\/opinionpublica.com.ar\/index\/wp-json\/wp\/v2\/posts\/12374","targetHints":{"allow":["GET"]}}],"collection":[{"href":"https:\/\/opinionpublica.com.ar\/index\/wp-json\/wp\/v2\/posts"}],"about":[{"href":"https:\/\/opinionpublica.com.ar\/index\/wp-json\/wp\/v2\/types\/post"}],"author":[{"embeddable":true,"href":"https:\/\/opinionpublica.com.ar\/index\/wp-json\/wp\/v2\/users\/5"}],"replies":[{"embeddable":true,"href":"https:\/\/opinionpublica.com.ar\/index\/wp-json\/wp\/v2\/comments?post=12374"}],"version-history":[{"count":2,"href":"https:\/\/opinionpublica.com.ar\/index\/wp-json\/wp\/v2\/posts\/12374\/revisions"}],"predecessor-version":[{"id":12388,"href":"https:\/\/opinionpublica.com.ar\/index\/wp-json\/wp\/v2\/posts\/12374\/revisions\/12388"}],"wp:featuredmedia":[{"embeddable":true,"href":"https:\/\/opinionpublica.com.ar\/index\/wp-json\/wp\/v2\/media\/12387"}],"wp:attachment":[{"href":"https:\/\/opinionpublica.com.ar\/index\/wp-json\/wp\/v2\/media?parent=12374"}],"wp:term":[{"taxonomy":"category","embeddable":true,"href":"https:\/\/opinionpublica.com.ar\/index\/wp-json\/wp\/v2\/categories?post=12374"},{"taxonomy":"post_tag","embeddable":true,"href":"https:\/\/opinionpublica.com.ar\/index\/wp-json\/wp\/v2\/tags?post=12374"}],"curies":[{"name":"wp","href":"https:\/\/api.w.org\/{rel}","templated":true}]}}