{"id":12389,"date":"2026-02-27T09:10:37","date_gmt":"2026-02-27T12:10:37","guid":{"rendered":"https:\/\/opinionpublica.com.ar\/index\/?p=12389"},"modified":"2026-02-27T09:10:37","modified_gmt":"2026-02-27T12:10:37","slug":"paro-y-movilizacion-en-toda-la-provincia-por-reforma-laboral-y-salarios","status":"publish","type":"post","link":"https:\/\/opinionpublica.com.ar\/index\/paro-y-movilizacion-en-toda-la-provincia-por-reforma-laboral-y-salarios\/","title":{"rendered":"Paro y movilizaci\u00f3n en toda la provincia por reforma laboral y salarios"},"content":{"rendered":"<h3>Paro y movilizaci\u00f3n en toda la provincia por reforma laboral y salarios<\/h3>\n<p><a href=\"https:\/\/opinionpublica.com.ar\/index\/wp-content\/uploads\/2024\/05\/paro-general-ushuaia.jpg\"><img fetchpriority=\"high\" decoding=\"async\" class=\"alignnone size-full wp-image-2977\" src=\"https:\/\/opinionpublica.com.ar\/index\/wp-content\/uploads\/2024\/05\/paro-general-ushuaia.jpg\" alt=\"\" width=\"820\" height=\"360\" srcset=\"https:\/\/opinionpublica.com.ar\/index\/wp-content\/uploads\/2024\/05\/paro-general-ushuaia.jpg 820w, https:\/\/opinionpublica.com.ar\/index\/wp-content\/uploads\/2024\/05\/paro-general-ushuaia-300x132.jpg 300w, https:\/\/opinionpublica.com.ar\/index\/wp-content\/uploads\/2024\/05\/paro-general-ushuaia-768x337.jpg 768w\" sizes=\"(max-width: 820px) 100vw, 820px\" \/><\/a><\/p>\n<p>En el marco del paro nacional del 27 de febrero, gremios estatales y docentes confirmaron la adhesi\u00f3n masiva a la huelga en toda Tierra del Fuego en rechazo a la reforma laboral impulsada por el gobierno nacional y en reclamo de mejoras salariales urgentes.<\/p>\n<p>La Asociaci\u00f3n Trabajadores del Estado (ATE) y el Sindicato Unificado de Trabajadoras y Trabajadores de la Educaci\u00f3n Fueguina (SUTEF) convocaron movilizaciones en Ushuaia, R\u00edo Grande y Tolhuin, advirtiendo que esta medida afectar\u00e1 el normal funcionamiento de la administraci\u00f3n p\u00fablica y la educaci\u00f3n.<\/p>\n<p>Los sindicatos rechazaron lo que califican como un \u201cataque regresivo a los derechos laborales\u201d, se\u00f1alando que la propuesta salarial provincial \u2014por debajo de la inflaci\u00f3n real\u2014 no representa una recomposici\u00f3n del poder adquisitivo. Adem\u00e1s, anticiparon nueva agenda de protestas en marzo, incluyendo acciones durante la apertura del per\u00edodo de sesiones legislativas provinciales.<\/p>\n<p>Especialistas en educaci\u00f3n advirtieron que el ciclo lectivo comienza con un escenario de conflictividad y reclamos no resueltos, lo que podr\u00eda generar prolongadas interrupciones escolares y mayores tensiones sociales.<\/p>\n<p>&nbsp;<\/p>\n","protected":false},"excerpt":{"rendered":"<p>Paro y movilizaci\u00f3n en toda la provincia por reforma laboral y salarios En el marco del paro nacional<\/p>\n","protected":false},"author":5,"featured_media":2977,"comment_status":"open","ping_status":"open","sticky":false,"template":"","format":"standard","meta":{"footnotes":""},"categories":[2],"tags":[1333,523],"class_list":["post-12389","post","type-post","status-publish","format-standard","has-post-thumbnail","hentry","category-tierra-del-fuego","tag-movilizacion","tag-paro-general"],"featured_image_urls":{"full":["https:\/\/opinionpublica.com.ar\/index\/wp-content\/uploads\/2024\/05\/paro-general-ushuaia.jpg",820,360,false],"thumbnail":["https:\/\/opinionpublica.com.ar\/index\/wp-content\/uploads\/2024\/05\/paro-general-ushuaia-150x150.jpg",150,150,true],"medium":["https:\/\/opinionpublica.com.ar\/index\/wp-content\/uploads\/2024\/05\/paro-general-ushuaia-300x132.jpg",300,132,true],"medium_large":["https:\/\/opinionpublica.com.ar\/index\/wp-content\/uploads\/2024\/05\/paro-general-ushuaia-768x337.jpg",640,281,true],"large":["https:\/\/opinionpublica.com.ar\/index\/wp-content\/uploads\/2024\/05\/paro-general-ushuaia.jpg",640,281,false],"1536x1536":["https:\/\/opinionpublica.com.ar\/index\/wp-content\/uploads\/2024\/05\/paro-general-ushuaia.jpg",820,360,false],"2048x2048":["https:\/\/opinionpublica.com.ar\/index\/wp-content\/uploads\/2024\/05\/paro-general-ushuaia.jpg",820,360,false],"morenews-large":["https:\/\/opinionpublica.com.ar\/index\/wp-content\/uploads\/2024\/05\/paro-general-ushuaia.jpg",820,360,false],"morenews-medium":["https:\/\/opinionpublica.com.ar\/index\/wp-content\/uploads\/2024\/05\/paro-general-ushuaia-590x360.jpg",590,360,true]},"author_info":{"display_name":"Hal","author_link":"https:\/\/opinionpublica.com.ar\/index\/author\/hal\/"},"category_info":"<a href=\"https:\/\/opinionpublica.com.ar\/index\/category\/tierra-del-fuego\/\" rel=\"category tag\">Tierra del Fuego<\/a>","tag_info":"Tierra del Fuego","comment_count":"0","_links":{"self":[{"href":"https:\/\/opinionpublica.com.ar\/index\/wp-json\/wp\/v2\/posts\/12389","targetHints":{"allow":["GET"]}}],"collection":[{"href":"https:\/\/opinionpublica.com.ar\/index\/wp-json\/wp\/v2\/posts"}],"about":[{"href":"https:\/\/opinionpublica.com.ar\/index\/wp-json\/wp\/v2\/types\/post"}],"author":[{"embeddable":true,"href":"https:\/\/opinionpublica.com.ar\/index\/wp-json\/wp\/v2\/users\/5"}],"replies":[{"embeddable":true,"href":"https:\/\/opinionpublica.com.ar\/index\/wp-json\/wp\/v2\/comments?post=12389"}],"version-history":[{"count":2,"href":"https:\/\/opinionpublica.com.ar\/index\/wp-json\/wp\/v2\/posts\/12389\/revisions"}],"predecessor-version":[{"id":12407,"href":"https:\/\/opinionpublica.com.ar\/index\/wp-json\/wp\/v2\/posts\/12389\/revisions\/12407"}],"wp:featuredmedia":[{"embeddable":true,"href":"https:\/\/opinionpublica.com.ar\/index\/wp-json\/wp\/v2\/media\/2977"}],"wp:attachment":[{"href":"https:\/\/opinionpublica.com.ar\/index\/wp-json\/wp\/v2\/media?parent=12389"}],"wp:term":[{"taxonomy":"category","embeddable":true,"href":"https:\/\/opinionpublica.com.ar\/index\/wp-json\/wp\/v2\/categories?post=12389"},{"taxonomy":"post_tag","embeddable":true,"href":"https:\/\/opinionpublica.com.ar\/index\/wp-json\/wp\/v2\/tags?post=12389"}],"curies":[{"name":"wp","href":"https:\/\/api.w.org\/{rel}","templated":true}]}}