{"id":12391,"date":"2026-02-27T09:20:32","date_gmt":"2026-02-27T12:20:32","guid":{"rendered":"https:\/\/opinionpublica.com.ar\/index\/?p=12391"},"modified":"2026-02-27T09:20:32","modified_gmt":"2026-02-27T12:20:32","slug":"sutef-endurece-reclamos-rechazo-a-propuesta-salarial-del-1","status":"publish","type":"post","link":"https:\/\/opinionpublica.com.ar\/index\/sutef-endurece-reclamos-rechazo-a-propuesta-salarial-del-1\/","title":{"rendered":"SUTEF endurece reclamos: rechazo a propuesta salarial del 1%"},"content":{"rendered":"<h3>SUTEF endurece reclamos: rechazo a propuesta salarial del 1%<\/h3>\n<p><a href=\"https:\/\/opinionpublica.com.ar\/index\/wp-content\/uploads\/2024\/08\/20240608195153_20240520121728-sutef.jpg\"><img fetchpriority=\"high\" decoding=\"async\" class=\"alignnone size-full wp-image-4769\" src=\"https:\/\/opinionpublica.com.ar\/index\/wp-content\/uploads\/2024\/08\/20240608195153_20240520121728-sutef.jpg\" alt=\"\" width=\"880\" height=\"512\" srcset=\"https:\/\/opinionpublica.com.ar\/index\/wp-content\/uploads\/2024\/08\/20240608195153_20240520121728-sutef.jpg 880w, https:\/\/opinionpublica.com.ar\/index\/wp-content\/uploads\/2024\/08\/20240608195153_20240520121728-sutef-300x175.jpg 300w, https:\/\/opinionpublica.com.ar\/index\/wp-content\/uploads\/2024\/08\/20240608195153_20240520121728-sutef-768x447.jpg 768w\" sizes=\"(max-width: 880px) 100vw, 880px\" \/><\/a><\/p>\n<p>El SUTEF anunci\u00f3 que profundiza el plan de lucha docente tras rechazar de plano la reciente propuesta salarial del gobierno provincial, que ofrece un incremento mensual del 1%, calific\u00e1ndolo como insuficiente frente a la acelerada inflaci\u00f3n que erosiona el poder de compra de los trabajadores.<\/p>\n<p>&nbsp;<\/p>\n<p>La medida fue interpretada por los sindicatos como una \u201coferta humillante\u201d, que no cubre las necesidades b\u00e1sicas ni respeta los desaf\u00edos del contexto econ\u00f3mico actual. En respuesta, SUTEF adelant\u00f3 una agenda de protesta que incluye nuevas movilizaciones y deliberaciones en los pr\u00f3ximos d\u00edas para intensificar las medidas, en un comienzo serio de conflicto en el ciclo lectivo 2026.<\/p>\n<p>&nbsp;<\/p>\n<p>Representantes gremiales se\u00f1alaron que de no haber avances concretos, la situaci\u00f3n educativa de la provincia podr\u00eda sufrir una paralizaci\u00f3n prolongada. Las tensiones se suman a un clima social que ya enfrenta dificultades econ\u00f3micas y una ca\u00edda del empleo industrial local.<\/p>\n<p>&nbsp;<\/p>\n<p>&nbsp;<\/p>\n","protected":false},"excerpt":{"rendered":"<p>SUTEF endurece reclamos: rechazo a propuesta salarial del 1% El SUTEF anunci\u00f3 que profundiza el plan de lucha<\/p>\n","protected":false},"author":5,"featured_media":6547,"comment_status":"open","ping_status":"open","sticky":false,"template":"","format":"standard","meta":{"footnotes":""},"categories":[2],"tags":[4017,805],"class_list":["post-12391","post","type-post","status-publish","format-standard","has-post-thumbnail","hentry","category-tierra-del-fuego","tag-incremento-salarial","tag-sutef"],"featured_image_urls":{"full":["https:\/\/opinionpublica.com.ar\/index\/wp-content\/uploads\/2024\/10\/sutef-tdf.webp",800,533,false],"thumbnail":["https:\/\/opinionpublica.com.ar\/index\/wp-content\/uploads\/2024\/10\/sutef-tdf-150x150.webp",150,150,true],"medium":["https:\/\/opinionpublica.com.ar\/index\/wp-content\/uploads\/2024\/10\/sutef-tdf-300x200.webp",300,200,true],"medium_large":["https:\/\/opinionpublica.com.ar\/index\/wp-content\/uploads\/2024\/10\/sutef-tdf-768x512.webp",640,427,true],"large":["https:\/\/opinionpublica.com.ar\/index\/wp-content\/uploads\/2024\/10\/sutef-tdf.webp",640,426,false],"1536x1536":["https:\/\/opinionpublica.com.ar\/index\/wp-content\/uploads\/2024\/10\/sutef-tdf.webp",800,533,false],"2048x2048":["https:\/\/opinionpublica.com.ar\/index\/wp-content\/uploads\/2024\/10\/sutef-tdf.webp",800,533,false],"morenews-large":["https:\/\/opinionpublica.com.ar\/index\/wp-content\/uploads\/2024\/10\/sutef-tdf.webp",800,533,false],"morenews-medium":["https:\/\/opinionpublica.com.ar\/index\/wp-content\/uploads\/2024\/10\/sutef-tdf-590x410.webp",590,410,true]},"author_info":{"display_name":"Hal","author_link":"https:\/\/opinionpublica.com.ar\/index\/author\/hal\/"},"category_info":"<a href=\"https:\/\/opinionpublica.com.ar\/index\/category\/tierra-del-fuego\/\" rel=\"category tag\">Tierra del Fuego<\/a>","tag_info":"Tierra del Fuego","comment_count":"0","_links":{"self":[{"href":"https:\/\/opinionpublica.com.ar\/index\/wp-json\/wp\/v2\/posts\/12391","targetHints":{"allow":["GET"]}}],"collection":[{"href":"https:\/\/opinionpublica.com.ar\/index\/wp-json\/wp\/v2\/posts"}],"about":[{"href":"https:\/\/opinionpublica.com.ar\/index\/wp-json\/wp\/v2\/types\/post"}],"author":[{"embeddable":true,"href":"https:\/\/opinionpublica.com.ar\/index\/wp-json\/wp\/v2\/users\/5"}],"replies":[{"embeddable":true,"href":"https:\/\/opinionpublica.com.ar\/index\/wp-json\/wp\/v2\/comments?post=12391"}],"version-history":[{"count":2,"href":"https:\/\/opinionpublica.com.ar\/index\/wp-json\/wp\/v2\/posts\/12391\/revisions"}],"predecessor-version":[{"id":12408,"href":"https:\/\/opinionpublica.com.ar\/index\/wp-json\/wp\/v2\/posts\/12391\/revisions\/12408"}],"wp:featuredmedia":[{"embeddable":true,"href":"https:\/\/opinionpublica.com.ar\/index\/wp-json\/wp\/v2\/media\/6547"}],"wp:attachment":[{"href":"https:\/\/opinionpublica.com.ar\/index\/wp-json\/wp\/v2\/media?parent=12391"}],"wp:term":[{"taxonomy":"category","embeddable":true,"href":"https:\/\/opinionpublica.com.ar\/index\/wp-json\/wp\/v2\/categories?post=12391"},{"taxonomy":"post_tag","embeddable":true,"href":"https:\/\/opinionpublica.com.ar\/index\/wp-json\/wp\/v2\/tags?post=12391"}],"curies":[{"name":"wp","href":"https:\/\/api.w.org\/{rel}","templated":true}]}}