{"id":12395,"date":"2026-02-27T09:30:17","date_gmt":"2026-02-27T12:30:17","guid":{"rendered":"https:\/\/opinionpublica.com.ar\/index\/?p=12395"},"modified":"2026-02-27T09:30:17","modified_gmt":"2026-02-27T12:30:17","slug":"el-ciclo-educativo-comienza-con-conflictividad-y-paro-docente-en-toda-la-provincia","status":"publish","type":"post","link":"https:\/\/opinionpublica.com.ar\/index\/el-ciclo-educativo-comienza-con-conflictividad-y-paro-docente-en-toda-la-provincia\/","title":{"rendered":"El ciclo educativo comienza con conflictividad y paro docente en toda la provincia"},"content":{"rendered":"<h3 style=\"text-align: left;\">El ciclo educativo comienza con conflictividad y paro docente en toda la provincia<\/h3>\n<p><a href=\"https:\/\/opinionpublica.com.ar\/index\/wp-content\/uploads\/2026\/02\/2-paro.jpg\"><img fetchpriority=\"high\" decoding=\"async\" class=\"alignnone size-full wp-image-12322\" src=\"https:\/\/opinionpublica.com.ar\/index\/wp-content\/uploads\/2026\/02\/2-paro.jpg\" alt=\"\" width=\"1280\" height=\"960\" srcset=\"https:\/\/opinionpublica.com.ar\/index\/wp-content\/uploads\/2026\/02\/2-paro.jpg 1280w, https:\/\/opinionpublica.com.ar\/index\/wp-content\/uploads\/2026\/02\/2-paro-300x225.jpg 300w, https:\/\/opinionpublica.com.ar\/index\/wp-content\/uploads\/2026\/02\/2-paro-1024x768.jpg 1024w, https:\/\/opinionpublica.com.ar\/index\/wp-content\/uploads\/2026\/02\/2-paro-768x576.jpg 768w\" sizes=\"(max-width: 1280px) 100vw, 1280px\" \/><\/a><\/p>\n<p>Con el inicio del ciclo lectivo 2026, Tierra del Fuego enfrenta una paralizaci\u00f3n educativa significativa debido a la adhesi\u00f3n de los gremios al paro nacional y provincial, lo cual deja muchas aulas vac\u00edas y dificulta el comienzo de clases.<\/p>\n<p>&nbsp;<\/p>\n<p>Los docentes protestan no solo contra la reforma laboral, sino tambi\u00e9n por la falta de paritarias provinciales y la ausencia de una real pol\u00edtica de recomposici\u00f3n salarial, en un contexto donde los salarios son devorados por la inflaci\u00f3n.<\/p>\n<p>&nbsp;<\/p>\n<p>Padres y madres expresan su frustraci\u00f3n por la falta de previsibilidad para las familias y advierten que el conflicto podr\u00eda extenderse si no hay una respuesta clara de las autoridades.<\/p>\n<p>&nbsp;<\/p>\n","protected":false},"excerpt":{"rendered":"<p>El ciclo educativo comienza con conflictividad y paro docente en toda la provincia Con el inicio del ciclo<\/p>\n","protected":false},"author":5,"featured_media":12322,"comment_status":"open","ping_status":"open","sticky":false,"template":"","format":"standard","meta":{"footnotes":""},"categories":[2],"tags":[4132,2808],"class_list":["post-12395","post","type-post","status-publish","format-standard","has-post-thumbnail","hentry","category-tierra-del-fuego","tag-ciclo-lectivo-2026","tag-paro-docente"],"featured_image_urls":{"full":["https:\/\/opinionpublica.com.ar\/index\/wp-content\/uploads\/2026\/02\/2-paro.jpg",1280,960,false],"thumbnail":["https:\/\/opinionpublica.com.ar\/index\/wp-content\/uploads\/2026\/02\/2-paro-150x150.jpg",150,150,true],"medium":["https:\/\/opinionpublica.com.ar\/index\/wp-content\/uploads\/2026\/02\/2-paro-300x225.jpg",300,225,true],"medium_large":["https:\/\/opinionpublica.com.ar\/index\/wp-content\/uploads\/2026\/02\/2-paro-768x576.jpg",640,480,true],"large":["https:\/\/opinionpublica.com.ar\/index\/wp-content\/uploads\/2026\/02\/2-paro-1024x768.jpg",640,480,true],"1536x1536":["https:\/\/opinionpublica.com.ar\/index\/wp-content\/uploads\/2026\/02\/2-paro.jpg",1280,960,false],"2048x2048":["https:\/\/opinionpublica.com.ar\/index\/wp-content\/uploads\/2026\/02\/2-paro.jpg",1280,960,false],"morenews-large":["https:\/\/opinionpublica.com.ar\/index\/wp-content\/uploads\/2026\/02\/2-paro-825x575.jpg",825,575,true],"morenews-medium":["https:\/\/opinionpublica.com.ar\/index\/wp-content\/uploads\/2026\/02\/2-paro-590x410.jpg",590,410,true]},"author_info":{"display_name":"Hal","author_link":"https:\/\/opinionpublica.com.ar\/index\/author\/hal\/"},"category_info":"<a href=\"https:\/\/opinionpublica.com.ar\/index\/category\/tierra-del-fuego\/\" rel=\"category tag\">Tierra del Fuego<\/a>","tag_info":"Tierra del Fuego","comment_count":"0","_links":{"self":[{"href":"https:\/\/opinionpublica.com.ar\/index\/wp-json\/wp\/v2\/posts\/12395","targetHints":{"allow":["GET"]}}],"collection":[{"href":"https:\/\/opinionpublica.com.ar\/index\/wp-json\/wp\/v2\/posts"}],"about":[{"href":"https:\/\/opinionpublica.com.ar\/index\/wp-json\/wp\/v2\/types\/post"}],"author":[{"embeddable":true,"href":"https:\/\/opinionpublica.com.ar\/index\/wp-json\/wp\/v2\/users\/5"}],"replies":[{"embeddable":true,"href":"https:\/\/opinionpublica.com.ar\/index\/wp-json\/wp\/v2\/comments?post=12395"}],"version-history":[{"count":2,"href":"https:\/\/opinionpublica.com.ar\/index\/wp-json\/wp\/v2\/posts\/12395\/revisions"}],"predecessor-version":[{"id":12410,"href":"https:\/\/opinionpublica.com.ar\/index\/wp-json\/wp\/v2\/posts\/12395\/revisions\/12410"}],"wp:featuredmedia":[{"embeddable":true,"href":"https:\/\/opinionpublica.com.ar\/index\/wp-json\/wp\/v2\/media\/12322"}],"wp:attachment":[{"href":"https:\/\/opinionpublica.com.ar\/index\/wp-json\/wp\/v2\/media?parent=12395"}],"wp:term":[{"taxonomy":"category","embeddable":true,"href":"https:\/\/opinionpublica.com.ar\/index\/wp-json\/wp\/v2\/categories?post=12395"},{"taxonomy":"post_tag","embeddable":true,"href":"https:\/\/opinionpublica.com.ar\/index\/wp-json\/wp\/v2\/tags?post=12395"}],"curies":[{"name":"wp","href":"https:\/\/api.w.org\/{rel}","templated":true}]}}