{"id":12397,"date":"2026-02-27T09:35:34","date_gmt":"2026-02-27T12:35:34","guid":{"rendered":"https:\/\/opinionpublica.com.ar\/index\/?p=12397"},"modified":"2026-02-27T09:35:34","modified_gmt":"2026-02-27T12:35:34","slug":"debate-politico-puerto-de-ushuaia-y-autonomia-provincial-en-discusion-judicial","status":"publish","type":"post","link":"https:\/\/opinionpublica.com.ar\/index\/debate-politico-puerto-de-ushuaia-y-autonomia-provincial-en-discusion-judicial\/","title":{"rendered":"Debate pol\u00edtico: Puerto de Ushuaia y autonom\u00eda provincial en discusi\u00f3n judicial"},"content":{"rendered":"<h3>Debate pol\u00edtico: Puerto de Ushuaia y autonom\u00eda provincial en discusi\u00f3n judicial<\/h3>\n<p><a href=\"https:\/\/opinionpublica.com.ar\/index\/wp-content\/uploads\/2024\/05\/cruceros-ushuaia.jpg\"><img fetchpriority=\"high\" decoding=\"async\" class=\"alignnone size-full wp-image-2930\" src=\"https:\/\/opinionpublica.com.ar\/index\/wp-content\/uploads\/2024\/05\/cruceros-ushuaia.jpg\" alt=\"\" width=\"1024\" height=\"682\" srcset=\"https:\/\/opinionpublica.com.ar\/index\/wp-content\/uploads\/2024\/05\/cruceros-ushuaia.jpg 1024w, https:\/\/opinionpublica.com.ar\/index\/wp-content\/uploads\/2024\/05\/cruceros-ushuaia-300x200.jpg 300w, https:\/\/opinionpublica.com.ar\/index\/wp-content\/uploads\/2024\/05\/cruceros-ushuaia-768x512.jpg 768w\" sizes=\"(max-width: 1024px) 100vw, 1024px\" \/><\/a><\/p>\n<p>Aunque no corresponde estrictamente a hoy, sigue vigente el conflicto pol\u00edtico alrededor de la intervenci\u00f3n del Puerto de Ushuaia, ahora con la causa en manos de la Corte Suprema de Justicia, tras la declaraci\u00f3n de incompetencia del juez federal para intervenir en el caso.<\/p>\n<p>&nbsp;<\/p>\n<p>La medida, que busca frenar la intervenci\u00f3n ordenada por la Agencia Nacional de Puertos, pone en evidencia un choque entre el gobierno provincial y el nacional por la autonom\u00eda sobre infraestructuras clave. La medida en discusi\u00f3n \u2014y su traslado al m\u00e1ximo tribunal\u2014 expone tensiones federales que podr\u00edan tener impacto econ\u00f3mico directo en el desarrollo portuario y las inversiones locales.<\/p>\n<p>&nbsp;<\/p>\n<p>&nbsp;<\/p>\n","protected":false},"excerpt":{"rendered":"<p>Debate pol\u00edtico: Puerto de Ushuaia y autonom\u00eda provincial en discusi\u00f3n judicial Aunque no corresponde estrictamente a hoy, sigue<\/p>\n","protected":false},"author":5,"featured_media":2930,"comment_status":"open","ping_status":"open","sticky":false,"template":"","format":"standard","meta":{"footnotes":""},"categories":[21],"tags":[4110,3931],"class_list":["post-12397","post","type-post","status-publish","format-standard","has-post-thumbnail","hentry","category-ushuaia","tag-intervencion-puerto","tag-puerto-ushuaia"],"featured_image_urls":{"full":["https:\/\/opinionpublica.com.ar\/index\/wp-content\/uploads\/2024\/05\/cruceros-ushuaia.jpg",1024,682,false],"thumbnail":["https:\/\/opinionpublica.com.ar\/index\/wp-content\/uploads\/2024\/05\/cruceros-ushuaia-150x150.jpg",150,150,true],"medium":["https:\/\/opinionpublica.com.ar\/index\/wp-content\/uploads\/2024\/05\/cruceros-ushuaia-300x200.jpg",300,200,true],"medium_large":["https:\/\/opinionpublica.com.ar\/index\/wp-content\/uploads\/2024\/05\/cruceros-ushuaia-768x512.jpg",640,427,true],"large":["https:\/\/opinionpublica.com.ar\/index\/wp-content\/uploads\/2024\/05\/cruceros-ushuaia.jpg",640,426,false],"1536x1536":["https:\/\/opinionpublica.com.ar\/index\/wp-content\/uploads\/2024\/05\/cruceros-ushuaia.jpg",1024,682,false],"2048x2048":["https:\/\/opinionpublica.com.ar\/index\/wp-content\/uploads\/2024\/05\/cruceros-ushuaia.jpg",1024,682,false],"morenews-large":["https:\/\/opinionpublica.com.ar\/index\/wp-content\/uploads\/2024\/05\/cruceros-ushuaia-825x575.jpg",825,575,true],"morenews-medium":["https:\/\/opinionpublica.com.ar\/index\/wp-content\/uploads\/2024\/05\/cruceros-ushuaia-590x410.jpg",590,410,true]},"author_info":{"display_name":"Hal","author_link":"https:\/\/opinionpublica.com.ar\/index\/author\/hal\/"},"category_info":"<a href=\"https:\/\/opinionpublica.com.ar\/index\/category\/ushuaia\/\" rel=\"category tag\">Ushuaia<\/a>","tag_info":"Ushuaia","comment_count":"0","_links":{"self":[{"href":"https:\/\/opinionpublica.com.ar\/index\/wp-json\/wp\/v2\/posts\/12397","targetHints":{"allow":["GET"]}}],"collection":[{"href":"https:\/\/opinionpublica.com.ar\/index\/wp-json\/wp\/v2\/posts"}],"about":[{"href":"https:\/\/opinionpublica.com.ar\/index\/wp-json\/wp\/v2\/types\/post"}],"author":[{"embeddable":true,"href":"https:\/\/opinionpublica.com.ar\/index\/wp-json\/wp\/v2\/users\/5"}],"replies":[{"embeddable":true,"href":"https:\/\/opinionpublica.com.ar\/index\/wp-json\/wp\/v2\/comments?post=12397"}],"version-history":[{"count":2,"href":"https:\/\/opinionpublica.com.ar\/index\/wp-json\/wp\/v2\/posts\/12397\/revisions"}],"predecessor-version":[{"id":12411,"href":"https:\/\/opinionpublica.com.ar\/index\/wp-json\/wp\/v2\/posts\/12397\/revisions\/12411"}],"wp:featuredmedia":[{"embeddable":true,"href":"https:\/\/opinionpublica.com.ar\/index\/wp-json\/wp\/v2\/media\/2930"}],"wp:attachment":[{"href":"https:\/\/opinionpublica.com.ar\/index\/wp-json\/wp\/v2\/media?parent=12397"}],"wp:term":[{"taxonomy":"category","embeddable":true,"href":"https:\/\/opinionpublica.com.ar\/index\/wp-json\/wp\/v2\/categories?post=12397"},{"taxonomy":"post_tag","embeddable":true,"href":"https:\/\/opinionpublica.com.ar\/index\/wp-json\/wp\/v2\/tags?post=12397"}],"curies":[{"name":"wp","href":"https:\/\/api.w.org\/{rel}","templated":true}]}}