{"id":12399,"date":"2026-02-27T09:41:25","date_gmt":"2026-02-27T12:41:25","guid":{"rendered":"https:\/\/opinionpublica.com.ar\/index\/?p=12399"},"modified":"2026-02-27T09:41:25","modified_gmt":"2026-02-27T12:41:25","slug":"impactos-economicos-precio-de-combustibles-en-alza-complica-a-familias-fueguinas","status":"publish","type":"post","link":"https:\/\/opinionpublica.com.ar\/index\/impactos-economicos-precio-de-combustibles-en-alza-complica-a-familias-fueguinas\/","title":{"rendered":"Impactos econ\u00f3micos: precio de combustibles en alza complica a familias fueguinas"},"content":{"rendered":"<h3>Impactos econ\u00f3micos: precio de combustibles en alza complica a familias fueguinas<\/h3>\n<p><a href=\"https:\/\/opinionpublica.com.ar\/index\/wp-content\/uploads\/2024\/12\/hRj52Qb-f_600x600__1-ypf-shell.jpg\"><img fetchpriority=\"high\" decoding=\"async\" class=\"alignnone size-full wp-image-7908\" src=\"https:\/\/opinionpublica.com.ar\/index\/wp-content\/uploads\/2024\/12\/hRj52Qb-f_600x600__1-ypf-shell.jpg\" alt=\"\" width=\"600\" height=\"600\" srcset=\"https:\/\/opinionpublica.com.ar\/index\/wp-content\/uploads\/2024\/12\/hRj52Qb-f_600x600__1-ypf-shell.jpg 600w, https:\/\/opinionpublica.com.ar\/index\/wp-content\/uploads\/2024\/12\/hRj52Qb-f_600x600__1-ypf-shell-300x300.jpg 300w, https:\/\/opinionpublica.com.ar\/index\/wp-content\/uploads\/2024\/12\/hRj52Qb-f_600x600__1-ypf-shell-150x150.jpg 150w\" sizes=\"(max-width: 600px) 100vw, 600px\" \/><\/a><\/p>\n<p>Los \u00faltimos valores de combustibles en Tierra del Fuego muestran precios elevados, con la nafta com\u00fan rozando los $1.000 por litro y el gasoil premium superando ampliamente ese umbral, lo que presiona fuertemente el presupuesto de las familias y las actividades productivas que dependen del transporte.<\/p>\n<p>&nbsp;<\/p>\n<p>Estos costos energ\u00e9ticos elevados profundizan la crisis de sectores como el transporte local, el comercio y las econom\u00edas regionales. La combinaci\u00f3n de alta inflaci\u00f3n y precios de combustibles persistentes castiga el consumo interno, lo cual incrementa la desventaja competitiva de la producci\u00f3n local frente a bienes importados.<\/p>\n<p>&nbsp;<\/p>\n<p>&nbsp;<\/p>\n","protected":false},"excerpt":{"rendered":"<p>Impactos econ\u00f3micos: precio de combustibles en alza complica a familias fueguinas Los \u00faltimos valores de combustibles en Tierra<\/p>\n","protected":false},"author":5,"featured_media":7908,"comment_status":"open","ping_status":"open","sticky":false,"template":"","format":"standard","meta":{"footnotes":""},"categories":[29],"tags":[420,1338],"class_list":["post-12399","post","type-post","status-publish","format-standard","has-post-thumbnail","hentry","category-interes-general","tag-combustibles","tag-inflacion-y-precios"],"featured_image_urls":{"full":["https:\/\/opinionpublica.com.ar\/index\/wp-content\/uploads\/2024\/12\/hRj52Qb-f_600x600__1-ypf-shell.jpg",600,600,false],"thumbnail":["https:\/\/opinionpublica.com.ar\/index\/wp-content\/uploads\/2024\/12\/hRj52Qb-f_600x600__1-ypf-shell-150x150.jpg",150,150,true],"medium":["https:\/\/opinionpublica.com.ar\/index\/wp-content\/uploads\/2024\/12\/hRj52Qb-f_600x600__1-ypf-shell-300x300.jpg",300,300,true],"medium_large":["https:\/\/opinionpublica.com.ar\/index\/wp-content\/uploads\/2024\/12\/hRj52Qb-f_600x600__1-ypf-shell.jpg",600,600,false],"large":["https:\/\/opinionpublica.com.ar\/index\/wp-content\/uploads\/2024\/12\/hRj52Qb-f_600x600__1-ypf-shell.jpg",600,600,false],"1536x1536":["https:\/\/opinionpublica.com.ar\/index\/wp-content\/uploads\/2024\/12\/hRj52Qb-f_600x600__1-ypf-shell.jpg",600,600,false],"2048x2048":["https:\/\/opinionpublica.com.ar\/index\/wp-content\/uploads\/2024\/12\/hRj52Qb-f_600x600__1-ypf-shell.jpg",600,600,false],"morenews-large":["https:\/\/opinionpublica.com.ar\/index\/wp-content\/uploads\/2024\/12\/hRj52Qb-f_600x600__1-ypf-shell-600x575.jpg",600,575,true],"morenews-medium":["https:\/\/opinionpublica.com.ar\/index\/wp-content\/uploads\/2024\/12\/hRj52Qb-f_600x600__1-ypf-shell-590x410.jpg",590,410,true]},"author_info":{"display_name":"Hal","author_link":"https:\/\/opinionpublica.com.ar\/index\/author\/hal\/"},"category_info":"<a href=\"https:\/\/opinionpublica.com.ar\/index\/category\/interes-general\/\" rel=\"category tag\">Interes General<\/a>","tag_info":"Interes General","comment_count":"0","_links":{"self":[{"href":"https:\/\/opinionpublica.com.ar\/index\/wp-json\/wp\/v2\/posts\/12399","targetHints":{"allow":["GET"]}}],"collection":[{"href":"https:\/\/opinionpublica.com.ar\/index\/wp-json\/wp\/v2\/posts"}],"about":[{"href":"https:\/\/opinionpublica.com.ar\/index\/wp-json\/wp\/v2\/types\/post"}],"author":[{"embeddable":true,"href":"https:\/\/opinionpublica.com.ar\/index\/wp-json\/wp\/v2\/users\/5"}],"replies":[{"embeddable":true,"href":"https:\/\/opinionpublica.com.ar\/index\/wp-json\/wp\/v2\/comments?post=12399"}],"version-history":[{"count":2,"href":"https:\/\/opinionpublica.com.ar\/index\/wp-json\/wp\/v2\/posts\/12399\/revisions"}],"predecessor-version":[{"id":12412,"href":"https:\/\/opinionpublica.com.ar\/index\/wp-json\/wp\/v2\/posts\/12399\/revisions\/12412"}],"wp:featuredmedia":[{"embeddable":true,"href":"https:\/\/opinionpublica.com.ar\/index\/wp-json\/wp\/v2\/media\/7908"}],"wp:attachment":[{"href":"https:\/\/opinionpublica.com.ar\/index\/wp-json\/wp\/v2\/media?parent=12399"}],"wp:term":[{"taxonomy":"category","embeddable":true,"href":"https:\/\/opinionpublica.com.ar\/index\/wp-json\/wp\/v2\/categories?post=12399"},{"taxonomy":"post_tag","embeddable":true,"href":"https:\/\/opinionpublica.com.ar\/index\/wp-json\/wp\/v2\/tags?post=12399"}],"curies":[{"name":"wp","href":"https:\/\/api.w.org\/{rel}","templated":true}]}}