{"id":12401,"date":"2026-02-27T09:45:42","date_gmt":"2026-02-27T12:45:42","guid":{"rendered":"https:\/\/opinionpublica.com.ar\/index\/?p=12401"},"modified":"2026-02-27T09:45:42","modified_gmt":"2026-02-27T12:45:42","slug":"retroceso-ambiental-glaciar-alvear-reduce-80-de-su-superficie","status":"publish","type":"post","link":"https:\/\/opinionpublica.com.ar\/index\/retroceso-ambiental-glaciar-alvear-reduce-80-de-su-superficie\/","title":{"rendered":"Retroceso ambiental: glaciar Alvear reduce 80% de su superficie"},"content":{"rendered":"<h3>Retroceso ambiental: glaciar Alvear reduce 80% de su superficie<\/h3>\n<p style=\"text-align: left;\"><a href=\"https:\/\/opinionpublica.com.ar\/index\/wp-content\/uploads\/2026\/02\/glaciares-cuevas-c.jpg\"><img fetchpriority=\"high\" decoding=\"async\" class=\"alignnone size-full wp-image-12413\" src=\"https:\/\/opinionpublica.com.ar\/index\/wp-content\/uploads\/2026\/02\/glaciares-cuevas-c.jpg\" alt=\"\" width=\"1200\" height=\"800\" srcset=\"https:\/\/opinionpublica.com.ar\/index\/wp-content\/uploads\/2026\/02\/glaciares-cuevas-c.jpg 1200w, https:\/\/opinionpublica.com.ar\/index\/wp-content\/uploads\/2026\/02\/glaciares-cuevas-c-300x200.jpg 300w, https:\/\/opinionpublica.com.ar\/index\/wp-content\/uploads\/2026\/02\/glaciares-cuevas-c-1024x683.jpg 1024w, https:\/\/opinionpublica.com.ar\/index\/wp-content\/uploads\/2026\/02\/glaciares-cuevas-c-768x512.jpg 768w\" sizes=\"(max-width: 1200px) 100vw, 1200px\" \/><\/a><\/p>\n<p>Un reciente estudio revel\u00f3 que el Glaciar Alvear, en Tierra del Fuego, perdi\u00f3 el 80% de su superficie hist\u00f3rica, en un fen\u00f3meno acelerado en las \u00faltimas d\u00e9cadas por el cambio clim\u00e1tico.<\/p>\n<p>&nbsp;<\/p>\n<p>Aunque es un tema ambiental, la p\u00e9rdida de glaciares tiene impactos directos en disponibilidades de recursos h\u00eddricos, turismo y calidad de vida, factores que se suman al panorama econ\u00f3mico ya complejo de la provincia. La crisis clim\u00e1tica se percibe como otro desaf\u00edo estructural que exige m\u00e1s pol\u00edticas p\u00fablicas y atenci\u00f3n gubernamental.<\/p>\n<p>&nbsp;<\/p>\n<p>&nbsp;<\/p>\n","protected":false},"excerpt":{"rendered":"<p>Retroceso ambiental: glaciar Alvear reduce 80% de su superficie Un reciente estudio revel\u00f3 que el Glaciar Alvear, en<\/p>\n","protected":false},"author":5,"featured_media":12413,"comment_status":"open","ping_status":"open","sticky":false,"template":"","format":"standard","meta":{"footnotes":""},"categories":[29,2],"tags":[4133],"class_list":["post-12401","post","type-post","status-publish","format-standard","has-post-thumbnail","hentry","category-interes-general","category-tierra-del-fuego","tag-glaciar-alvear"],"featured_image_urls":{"full":["https:\/\/opinionpublica.com.ar\/index\/wp-content\/uploads\/2026\/02\/glaciares-cuevas-c.jpg",1200,800,false],"thumbnail":["https:\/\/opinionpublica.com.ar\/index\/wp-content\/uploads\/2026\/02\/glaciares-cuevas-c-150x150.jpg",150,150,true],"medium":["https:\/\/opinionpublica.com.ar\/index\/wp-content\/uploads\/2026\/02\/glaciares-cuevas-c-300x200.jpg",300,200,true],"medium_large":["https:\/\/opinionpublica.com.ar\/index\/wp-content\/uploads\/2026\/02\/glaciares-cuevas-c-768x512.jpg",640,427,true],"large":["https:\/\/opinionpublica.com.ar\/index\/wp-content\/uploads\/2026\/02\/glaciares-cuevas-c-1024x683.jpg",640,427,true],"1536x1536":["https:\/\/opinionpublica.com.ar\/index\/wp-content\/uploads\/2026\/02\/glaciares-cuevas-c.jpg",1200,800,false],"2048x2048":["https:\/\/opinionpublica.com.ar\/index\/wp-content\/uploads\/2026\/02\/glaciares-cuevas-c.jpg",1200,800,false],"morenews-large":["https:\/\/opinionpublica.com.ar\/index\/wp-content\/uploads\/2026\/02\/glaciares-cuevas-c-825x575.jpg",825,575,true],"morenews-medium":["https:\/\/opinionpublica.com.ar\/index\/wp-content\/uploads\/2026\/02\/glaciares-cuevas-c-590x410.jpg",590,410,true]},"author_info":{"display_name":"Hal","author_link":"https:\/\/opinionpublica.com.ar\/index\/author\/hal\/"},"category_info":"<a href=\"https:\/\/opinionpublica.com.ar\/index\/category\/interes-general\/\" rel=\"category tag\">Interes General<\/a> <a href=\"https:\/\/opinionpublica.com.ar\/index\/category\/tierra-del-fuego\/\" rel=\"category tag\">Tierra del Fuego<\/a>","tag_info":"Tierra del Fuego","comment_count":"0","_links":{"self":[{"href":"https:\/\/opinionpublica.com.ar\/index\/wp-json\/wp\/v2\/posts\/12401","targetHints":{"allow":["GET"]}}],"collection":[{"href":"https:\/\/opinionpublica.com.ar\/index\/wp-json\/wp\/v2\/posts"}],"about":[{"href":"https:\/\/opinionpublica.com.ar\/index\/wp-json\/wp\/v2\/types\/post"}],"author":[{"embeddable":true,"href":"https:\/\/opinionpublica.com.ar\/index\/wp-json\/wp\/v2\/users\/5"}],"replies":[{"embeddable":true,"href":"https:\/\/opinionpublica.com.ar\/index\/wp-json\/wp\/v2\/comments?post=12401"}],"version-history":[{"count":2,"href":"https:\/\/opinionpublica.com.ar\/index\/wp-json\/wp\/v2\/posts\/12401\/revisions"}],"predecessor-version":[{"id":12414,"href":"https:\/\/opinionpublica.com.ar\/index\/wp-json\/wp\/v2\/posts\/12401\/revisions\/12414"}],"wp:featuredmedia":[{"embeddable":true,"href":"https:\/\/opinionpublica.com.ar\/index\/wp-json\/wp\/v2\/media\/12413"}],"wp:attachment":[{"href":"https:\/\/opinionpublica.com.ar\/index\/wp-json\/wp\/v2\/media?parent=12401"}],"wp:term":[{"taxonomy":"category","embeddable":true,"href":"https:\/\/opinionpublica.com.ar\/index\/wp-json\/wp\/v2\/categories?post=12401"},{"taxonomy":"post_tag","embeddable":true,"href":"https:\/\/opinionpublica.com.ar\/index\/wp-json\/wp\/v2\/tags?post=12401"}],"curies":[{"name":"wp","href":"https:\/\/api.w.org\/{rel}","templated":true}]}}