{"id":12403,"date":"2026-02-27T09:50:12","date_gmt":"2026-02-27T12:50:12","guid":{"rendered":"https:\/\/opinionpublica.com.ar\/index\/?p=12403"},"modified":"2026-02-27T09:50:12","modified_gmt":"2026-02-27T12:50:12","slug":"industria-electronica-emergente-recibe-debate-critico-realidad-o-relato","status":"publish","type":"post","link":"https:\/\/opinionpublica.com.ar\/index\/industria-electronica-emergente-recibe-debate-critico-realidad-o-relato\/","title":{"rendered":"Industria electr\u00f3nica \u201cemergente\u201d recibe debate cr\u00edtico: \u00bfrealidad o relato?"},"content":{"rendered":"<h3>Industria electr\u00f3nica \u201cemergente\u201d recibe debate cr\u00edtico: \u00bfrealidad o relato?<\/h3>\n<p><a href=\"https:\/\/opinionpublica.com.ar\/index\/wp-content\/uploads\/2024\/05\/fabrica-electronica.jpg\"><img fetchpriority=\"high\" decoding=\"async\" class=\"alignnone size-full wp-image-3106\" src=\"https:\/\/opinionpublica.com.ar\/index\/wp-content\/uploads\/2024\/05\/fabrica-electronica.jpg\" alt=\"\" width=\"1024\" height=\"576\" srcset=\"https:\/\/opinionpublica.com.ar\/index\/wp-content\/uploads\/2024\/05\/fabrica-electronica.jpg 1024w, https:\/\/opinionpublica.com.ar\/index\/wp-content\/uploads\/2024\/05\/fabrica-electronica-300x169.jpg 300w, https:\/\/opinionpublica.com.ar\/index\/wp-content\/uploads\/2024\/05\/fabrica-electronica-768x432.jpg 768w\" sizes=\"(max-width: 1024px) 100vw, 1024px\" \/><\/a><\/p>\n<p>Un art\u00edculo reciente destaca la instalaci\u00f3n de nuevas l\u00edneas de producci\u00f3n electr\u00f3nica en Tierra del Fuego, impulsadas por algunas empresas, como se\u00f1al positiva para la diversificaci\u00f3n productiva.<\/p>\n<p>Sin embargo, desde un enfoque cr\u00edtico opositor, este relato contrasta con la realidad palpable de cierre de f\u00e1bricas, despidos y par\u00e1lisis productiva frente a la apertura de importaciones y pol\u00edticas nacionales que erosionan el r\u00e9gimen promocional. La tensi\u00f3n entre promesas de reactivaci\u00f3n y la crisis real del empleo industrial fueguino contin\u00faa siendo un tema central para el an\u00e1lisis pol\u00edtico y econ\u00f3mico.<\/p>\n<p>&nbsp;<\/p>\n<p>&nbsp;<\/p>\n","protected":false},"excerpt":{"rendered":"<p>Industria electr\u00f3nica \u201cemergente\u201d recibe debate cr\u00edtico: \u00bfrealidad o relato? Un art\u00edculo reciente destaca la instalaci\u00f3n de nuevas l\u00edneas<\/p>\n","protected":false},"author":5,"featured_media":3106,"comment_status":"open","ping_status":"open","sticky":false,"template":"","format":"standard","meta":{"footnotes":""},"categories":[24,2],"tags":[2148,3738],"class_list":["post-12403","post","type-post","status-publish","format-standard","has-post-thumbnail","hentry","category-tecnologia","category-tierra-del-fuego","tag-crisis-del-sector","tag-industria-electronica"],"featured_image_urls":{"full":["https:\/\/opinionpublica.com.ar\/index\/wp-content\/uploads\/2024\/05\/fabrica-electronica.jpg",1024,576,false],"thumbnail":["https:\/\/opinionpublica.com.ar\/index\/wp-content\/uploads\/2024\/05\/fabrica-electronica-150x150.jpg",150,150,true],"medium":["https:\/\/opinionpublica.com.ar\/index\/wp-content\/uploads\/2024\/05\/fabrica-electronica-300x169.jpg",300,169,true],"medium_large":["https:\/\/opinionpublica.com.ar\/index\/wp-content\/uploads\/2024\/05\/fabrica-electronica-768x432.jpg",640,360,true],"large":["https:\/\/opinionpublica.com.ar\/index\/wp-content\/uploads\/2024\/05\/fabrica-electronica.jpg",640,360,false],"1536x1536":["https:\/\/opinionpublica.com.ar\/index\/wp-content\/uploads\/2024\/05\/fabrica-electronica.jpg",1024,576,false],"2048x2048":["https:\/\/opinionpublica.com.ar\/index\/wp-content\/uploads\/2024\/05\/fabrica-electronica.jpg",1024,576,false],"morenews-large":["https:\/\/opinionpublica.com.ar\/index\/wp-content\/uploads\/2024\/05\/fabrica-electronica-825x575.jpg",825,575,true],"morenews-medium":["https:\/\/opinionpublica.com.ar\/index\/wp-content\/uploads\/2024\/05\/fabrica-electronica-590x410.jpg",590,410,true]},"author_info":{"display_name":"Hal","author_link":"https:\/\/opinionpublica.com.ar\/index\/author\/hal\/"},"category_info":"<a href=\"https:\/\/opinionpublica.com.ar\/index\/category\/tecnologia\/\" rel=\"category tag\">Tecnologia<\/a> <a href=\"https:\/\/opinionpublica.com.ar\/index\/category\/tierra-del-fuego\/\" rel=\"category tag\">Tierra del Fuego<\/a>","tag_info":"Tierra del Fuego","comment_count":"0","_links":{"self":[{"href":"https:\/\/opinionpublica.com.ar\/index\/wp-json\/wp\/v2\/posts\/12403","targetHints":{"allow":["GET"]}}],"collection":[{"href":"https:\/\/opinionpublica.com.ar\/index\/wp-json\/wp\/v2\/posts"}],"about":[{"href":"https:\/\/opinionpublica.com.ar\/index\/wp-json\/wp\/v2\/types\/post"}],"author":[{"embeddable":true,"href":"https:\/\/opinionpublica.com.ar\/index\/wp-json\/wp\/v2\/users\/5"}],"replies":[{"embeddable":true,"href":"https:\/\/opinionpublica.com.ar\/index\/wp-json\/wp\/v2\/comments?post=12403"}],"version-history":[{"count":2,"href":"https:\/\/opinionpublica.com.ar\/index\/wp-json\/wp\/v2\/posts\/12403\/revisions"}],"predecessor-version":[{"id":12415,"href":"https:\/\/opinionpublica.com.ar\/index\/wp-json\/wp\/v2\/posts\/12403\/revisions\/12415"}],"wp:featuredmedia":[{"embeddable":true,"href":"https:\/\/opinionpublica.com.ar\/index\/wp-json\/wp\/v2\/media\/3106"}],"wp:attachment":[{"href":"https:\/\/opinionpublica.com.ar\/index\/wp-json\/wp\/v2\/media?parent=12403"}],"wp:term":[{"taxonomy":"category","embeddable":true,"href":"https:\/\/opinionpublica.com.ar\/index\/wp-json\/wp\/v2\/categories?post=12403"},{"taxonomy":"post_tag","embeddable":true,"href":"https:\/\/opinionpublica.com.ar\/index\/wp-json\/wp\/v2\/tags?post=12403"}],"curies":[{"name":"wp","href":"https:\/\/api.w.org\/{rel}","templated":true}]}}