{"id":12405,"date":"2026-02-27T10:00:26","date_gmt":"2026-02-27T13:00:26","guid":{"rendered":"https:\/\/opinionpublica.com.ar\/index\/?p=12405"},"modified":"2026-02-27T10:00:26","modified_gmt":"2026-02-27T13:00:26","slug":"senado-aprueba-mercosur-ue-y-media-sancion-a-cambios-en-ley-de-glaciares","status":"publish","type":"post","link":"https:\/\/opinionpublica.com.ar\/index\/senado-aprueba-mercosur-ue-y-media-sancion-a-cambios-en-ley-de-glaciares\/","title":{"rendered":"Senado aprueba Mercosur-UE y media sanci\u00f3n a cambios en Ley de Glaciares"},"content":{"rendered":"<h3>Senado aprueba Mercosur-UE y media sanci\u00f3n a cambios en Ley de Glaciares<\/h3>\n<p><a href=\"https:\/\/opinionpublica.com.ar\/index\/wp-content\/uploads\/2024\/12\/mercosur-union-europea-1919435.jpg\"><img fetchpriority=\"high\" decoding=\"async\" class=\"alignnone size-full wp-image-7673\" src=\"https:\/\/opinionpublica.com.ar\/index\/wp-content\/uploads\/2024\/12\/mercosur-union-europea-1919435.jpg\" alt=\"\" width=\"900\" height=\"900\" srcset=\"https:\/\/opinionpublica.com.ar\/index\/wp-content\/uploads\/2024\/12\/mercosur-union-europea-1919435.jpg 900w, https:\/\/opinionpublica.com.ar\/index\/wp-content\/uploads\/2024\/12\/mercosur-union-europea-1919435-300x300.jpg 300w, https:\/\/opinionpublica.com.ar\/index\/wp-content\/uploads\/2024\/12\/mercosur-union-europea-1919435-150x150.jpg 150w, https:\/\/opinionpublica.com.ar\/index\/wp-content\/uploads\/2024\/12\/mercosur-union-europea-1919435-768x768.jpg 768w\" sizes=\"(max-width: 900px) 100vw, 900px\" \/><\/a><\/p>\n<p>A nivel nacional, la C\u00e1mara de Senadores aprob\u00f3 el acuerdo comercial Mercosur-Uni\u00f3n Europea y otorg\u00f3 media sanci\u00f3n a modificaciones en la Ley de Glaciares, lo que abre la puerta a inversiones mineras y exportaciones.<\/p>\n<p>&nbsp;<\/p>\n<p>Aunque el Gobierno nacional presenta esto como progreso econ\u00f3mico, opositores y grupos ambientalistas advierten que estos cambios pueden debilitar la protecci\u00f3n ambiental y priorizar intereses empresariales por sobre comunidades locales, a la vez que benefician a grandes corporaciones m\u00e1s que a PyMEs regionales.<\/p>\n<p>&nbsp;<\/p>\n","protected":false},"excerpt":{"rendered":"<p>Senado aprueba Mercosur-UE y media sanci\u00f3n a cambios en Ley de Glaciares A nivel nacional, la C\u00e1mara de<\/p>\n","protected":false},"author":5,"featured_media":7673,"comment_status":"open","ping_status":"open","sticky":false,"template":"","format":"standard","meta":{"footnotes":""},"categories":[3],"tags":[2201,2149,166,2906],"class_list":["post-12405","post","type-post","status-publish","format-standard","has-post-thumbnail","hentry","category-nacionales","tag-mercosur","tag-proyecto-aprobado","tag-senado","tag-union-europea"],"featured_image_urls":{"full":["https:\/\/opinionpublica.com.ar\/index\/wp-content\/uploads\/2024\/12\/mercosur-union-europea-1919435.jpg",900,900,false],"thumbnail":["https:\/\/opinionpublica.com.ar\/index\/wp-content\/uploads\/2024\/12\/mercosur-union-europea-1919435-150x150.jpg",150,150,true],"medium":["https:\/\/opinionpublica.com.ar\/index\/wp-content\/uploads\/2024\/12\/mercosur-union-europea-1919435-300x300.jpg",300,300,true],"medium_large":["https:\/\/opinionpublica.com.ar\/index\/wp-content\/uploads\/2024\/12\/mercosur-union-europea-1919435-768x768.jpg",640,640,true],"large":["https:\/\/opinionpublica.com.ar\/index\/wp-content\/uploads\/2024\/12\/mercosur-union-europea-1919435.jpg",640,640,false],"1536x1536":["https:\/\/opinionpublica.com.ar\/index\/wp-content\/uploads\/2024\/12\/mercosur-union-europea-1919435.jpg",900,900,false],"2048x2048":["https:\/\/opinionpublica.com.ar\/index\/wp-content\/uploads\/2024\/12\/mercosur-union-europea-1919435.jpg",900,900,false],"morenews-large":["https:\/\/opinionpublica.com.ar\/index\/wp-content\/uploads\/2024\/12\/mercosur-union-europea-1919435-825x575.jpg",825,575,true],"morenews-medium":["https:\/\/opinionpublica.com.ar\/index\/wp-content\/uploads\/2024\/12\/mercosur-union-europea-1919435-590x410.jpg",590,410,true]},"author_info":{"display_name":"Hal","author_link":"https:\/\/opinionpublica.com.ar\/index\/author\/hal\/"},"category_info":"<a href=\"https:\/\/opinionpublica.com.ar\/index\/category\/nacionales\/\" rel=\"category tag\">Nacionales<\/a>","tag_info":"Nacionales","comment_count":"0","_links":{"self":[{"href":"https:\/\/opinionpublica.com.ar\/index\/wp-json\/wp\/v2\/posts\/12405","targetHints":{"allow":["GET"]}}],"collection":[{"href":"https:\/\/opinionpublica.com.ar\/index\/wp-json\/wp\/v2\/posts"}],"about":[{"href":"https:\/\/opinionpublica.com.ar\/index\/wp-json\/wp\/v2\/types\/post"}],"author":[{"embeddable":true,"href":"https:\/\/opinionpublica.com.ar\/index\/wp-json\/wp\/v2\/users\/5"}],"replies":[{"embeddable":true,"href":"https:\/\/opinionpublica.com.ar\/index\/wp-json\/wp\/v2\/comments?post=12405"}],"version-history":[{"count":2,"href":"https:\/\/opinionpublica.com.ar\/index\/wp-json\/wp\/v2\/posts\/12405\/revisions"}],"predecessor-version":[{"id":12416,"href":"https:\/\/opinionpublica.com.ar\/index\/wp-json\/wp\/v2\/posts\/12405\/revisions\/12416"}],"wp:featuredmedia":[{"embeddable":true,"href":"https:\/\/opinionpublica.com.ar\/index\/wp-json\/wp\/v2\/media\/7673"}],"wp:attachment":[{"href":"https:\/\/opinionpublica.com.ar\/index\/wp-json\/wp\/v2\/media?parent=12405"}],"wp:term":[{"taxonomy":"category","embeddable":true,"href":"https:\/\/opinionpublica.com.ar\/index\/wp-json\/wp\/v2\/categories?post=12405"},{"taxonomy":"post_tag","embeddable":true,"href":"https:\/\/opinionpublica.com.ar\/index\/wp-json\/wp\/v2\/tags?post=12405"}],"curies":[{"name":"wp","href":"https:\/\/api.w.org\/{rel}","templated":true}]}}