{"id":12419,"date":"2026-03-02T09:40:39","date_gmt":"2026-03-02T12:40:39","guid":{"rendered":"https:\/\/opinionpublica.com.ar\/index\/?p=12419"},"modified":"2026-03-02T09:40:39","modified_gmt":"2026-03-02T12:40:39","slug":"crisis-industrial-trabajadores-toman-fabrica-con-140-empleados-sin-sueldo-y-riesgo-de-cierre","status":"publish","type":"post","link":"https:\/\/opinionpublica.com.ar\/index\/crisis-industrial-trabajadores-toman-fabrica-con-140-empleados-sin-sueldo-y-riesgo-de-cierre\/","title":{"rendered":"Crisis industrial: trabajadores toman f\u00e1brica con 140 empleados sin sueldo y riesgo de cierre"},"content":{"rendered":"<h3>Crisis industrial: trabajadores toman f\u00e1brica con 140 empleados sin sueldo y riesgo de cierre<\/h3>\n<p><a href=\"https:\/\/opinionpublica.com.ar\/index\/wp-content\/uploads\/2026\/02\/7d2dff73-6f3d-4f74-9df5-68da669fd29f.jpg\"><img fetchpriority=\"high\" decoding=\"async\" class=\"alignnone size-full wp-image-12344\" src=\"https:\/\/opinionpublica.com.ar\/index\/wp-content\/uploads\/2026\/02\/7d2dff73-6f3d-4f74-9df5-68da669fd29f.jpg\" alt=\"\" width=\"1200\" height=\"740\" srcset=\"https:\/\/opinionpublica.com.ar\/index\/wp-content\/uploads\/2026\/02\/7d2dff73-6f3d-4f74-9df5-68da669fd29f.jpg 1200w, https:\/\/opinionpublica.com.ar\/index\/wp-content\/uploads\/2026\/02\/7d2dff73-6f3d-4f74-9df5-68da669fd29f-300x185.jpg 300w, https:\/\/opinionpublica.com.ar\/index\/wp-content\/uploads\/2026\/02\/7d2dff73-6f3d-4f74-9df5-68da669fd29f-1024x631.jpg 1024w, https:\/\/opinionpublica.com.ar\/index\/wp-content\/uploads\/2026\/02\/7d2dff73-6f3d-4f74-9df5-68da669fd29f-768x474.jpg 768w\" sizes=\"(max-width: 1200px) 100vw, 1200px\" \/><\/a><\/p>\n<p>Un nuevo foco de conflicto social y econ\u00f3mico golpea a Tierra del Fuego: los trabajadores de la f\u00e1brica de aires acondicionados Aires del Sur ocuparon la planta de R\u00edo Grande ante dos meses de salarios impagos y el pedido de quiebra de la empresa, que no garantiza continuidad laboral ni producci\u00f3n. La Uni\u00f3n Obrera Metal\u00fargica denuncia que la planta est\u00e1 parada desde diciembre y que la falta de respuesta de los due\u00f1os deja a 140 familias en riesgo de perderlo todo, mientras la recesi\u00f3n y la apertura de importaciones profundizan la crisis industrial local. El conflicto se da en un contexto donde la producci\u00f3n fueguina enfrenta duras condiciones por la apertura comercial del gobierno nacional que presiona a la industria y a las pymes locales.<\/p>\n<p>&nbsp;<\/p>\n","protected":false},"excerpt":{"rendered":"<p>Crisis industrial: trabajadores toman f\u00e1brica con 140 empleados sin sueldo y riesgo de cierre Un nuevo foco de<\/p>\n","protected":false},"author":5,"featured_media":12344,"comment_status":"open","ping_status":"open","sticky":false,"template":"","format":"standard","meta":{"footnotes":""},"categories":[25],"tags":[],"class_list":["post-12419","post","type-post","status-publish","format-standard","has-post-thumbnail","hentry","category-rio-grande"],"featured_image_urls":{"full":["https:\/\/opinionpublica.com.ar\/index\/wp-content\/uploads\/2026\/02\/7d2dff73-6f3d-4f74-9df5-68da669fd29f.jpg",1200,740,false],"thumbnail":["https:\/\/opinionpublica.com.ar\/index\/wp-content\/uploads\/2026\/02\/7d2dff73-6f3d-4f74-9df5-68da669fd29f-150x150.jpg",150,150,true],"medium":["https:\/\/opinionpublica.com.ar\/index\/wp-content\/uploads\/2026\/02\/7d2dff73-6f3d-4f74-9df5-68da669fd29f-300x185.jpg",300,185,true],"medium_large":["https:\/\/opinionpublica.com.ar\/index\/wp-content\/uploads\/2026\/02\/7d2dff73-6f3d-4f74-9df5-68da669fd29f-768x474.jpg",640,395,true],"large":["https:\/\/opinionpublica.com.ar\/index\/wp-content\/uploads\/2026\/02\/7d2dff73-6f3d-4f74-9df5-68da669fd29f-1024x631.jpg",640,394,true],"1536x1536":["https:\/\/opinionpublica.com.ar\/index\/wp-content\/uploads\/2026\/02\/7d2dff73-6f3d-4f74-9df5-68da669fd29f.jpg",1200,740,false],"2048x2048":["https:\/\/opinionpublica.com.ar\/index\/wp-content\/uploads\/2026\/02\/7d2dff73-6f3d-4f74-9df5-68da669fd29f.jpg",1200,740,false],"morenews-large":["https:\/\/opinionpublica.com.ar\/index\/wp-content\/uploads\/2026\/02\/7d2dff73-6f3d-4f74-9df5-68da669fd29f-825x575.jpg",825,575,true],"morenews-medium":["https:\/\/opinionpublica.com.ar\/index\/wp-content\/uploads\/2026\/02\/7d2dff73-6f3d-4f74-9df5-68da669fd29f-590x410.jpg",590,410,true]},"author_info":{"display_name":"Hal","author_link":"https:\/\/opinionpublica.com.ar\/index\/author\/hal\/"},"category_info":"<a href=\"https:\/\/opinionpublica.com.ar\/index\/category\/rio-grande\/\" rel=\"category tag\">Rio Grande<\/a>","tag_info":"Rio Grande","comment_count":"0","_links":{"self":[{"href":"https:\/\/opinionpublica.com.ar\/index\/wp-json\/wp\/v2\/posts\/12419","targetHints":{"allow":["GET"]}}],"collection":[{"href":"https:\/\/opinionpublica.com.ar\/index\/wp-json\/wp\/v2\/posts"}],"about":[{"href":"https:\/\/opinionpublica.com.ar\/index\/wp-json\/wp\/v2\/types\/post"}],"author":[{"embeddable":true,"href":"https:\/\/opinionpublica.com.ar\/index\/wp-json\/wp\/v2\/users\/5"}],"replies":[{"embeddable":true,"href":"https:\/\/opinionpublica.com.ar\/index\/wp-json\/wp\/v2\/comments?post=12419"}],"version-history":[{"count":2,"href":"https:\/\/opinionpublica.com.ar\/index\/wp-json\/wp\/v2\/posts\/12419\/revisions"}],"predecessor-version":[{"id":12444,"href":"https:\/\/opinionpublica.com.ar\/index\/wp-json\/wp\/v2\/posts\/12419\/revisions\/12444"}],"wp:featuredmedia":[{"embeddable":true,"href":"https:\/\/opinionpublica.com.ar\/index\/wp-json\/wp\/v2\/media\/12344"}],"wp:attachment":[{"href":"https:\/\/opinionpublica.com.ar\/index\/wp-json\/wp\/v2\/media?parent=12419"}],"wp:term":[{"taxonomy":"category","embeddable":true,"href":"https:\/\/opinionpublica.com.ar\/index\/wp-json\/wp\/v2\/categories?post=12419"},{"taxonomy":"post_tag","embeddable":true,"href":"https:\/\/opinionpublica.com.ar\/index\/wp-json\/wp\/v2\/tags?post=12419"}],"curies":[{"name":"wp","href":"https:\/\/api.w.org\/{rel}","templated":true}]}}