{"id":12421,"date":"2026-03-02T09:46:21","date_gmt":"2026-03-02T12:46:21","guid":{"rendered":"https:\/\/opinionpublica.com.ar\/index\/?p=12421"},"modified":"2026-03-02T09:46:21","modified_gmt":"2026-03-02T12:46:21","slug":"apertura-de-sesiones-con-discurso-de-melella-entre-defensas-y-contradicciones","status":"publish","type":"post","link":"https:\/\/opinionpublica.com.ar\/index\/apertura-de-sesiones-con-discurso-de-melella-entre-defensas-y-contradicciones\/","title":{"rendered":"Apertura de sesiones con discurso de Melella: entre defensas y contradicciones"},"content":{"rendered":"<h3>Apertura de sesiones con discurso de Melella: entre defensas y contradicciones<\/h3>\n<p><img fetchpriority=\"high\" decoding=\"async\" class=\"alignnone size-full wp-image-4716\" src=\"https:\/\/opinionpublica.com.ar\/index\/wp-content\/uploads\/2024\/08\/melella-legislatura.jpg\" alt=\"\" width=\"1310\" height=\"875\" srcset=\"https:\/\/opinionpublica.com.ar\/index\/wp-content\/uploads\/2024\/08\/melella-legislatura.jpg 1310w, https:\/\/opinionpublica.com.ar\/index\/wp-content\/uploads\/2024\/08\/melella-legislatura-300x200.jpg 300w, https:\/\/opinionpublica.com.ar\/index\/wp-content\/uploads\/2024\/08\/melella-legislatura-1024x684.jpg 1024w, https:\/\/opinionpublica.com.ar\/index\/wp-content\/uploads\/2024\/08\/melella-legislatura-768x513.jpg 768w\" sizes=\"(max-width: 1310px) 100vw, 1310px\" \/><\/p>\n<p>En la apertura del XLIII Per\u00edodo de Sesiones Ordinarias, el gobernador Gustavo Melella asegur\u00f3 que Tierra del Fuego necesita \u201ctransformarse\u201d, pero evit\u00f3 reconocer que las pol\u00edticas provinciales y la falta de estrategia clara est\u00e1n agravando la recesi\u00f3n y el desempleo. Aunque propuso leyes para simplificar tr\u00e1mites, generar vivienda y atraer inversiones, su discurso estuvo marcado por cr\u00edticas al gobierno nacional incluso cuando anunci\u00f3 herramientas (como el RIGI) impulsadas por el oficialismo en Buenos Aires para paliar la crisis local.<\/p>\n<p>&nbsp;<\/p>\n","protected":false},"excerpt":{"rendered":"<p>Apertura de sesiones con discurso de Melella: entre defensas y contradicciones En la apertura del XLIII Per\u00edodo de<\/p>\n","protected":false},"author":5,"featured_media":8958,"comment_status":"open","ping_status":"open","sticky":false,"template":"","format":"standard","meta":{"footnotes":""},"categories":[27,2],"tags":[],"class_list":["post-12421","post","type-post","status-publish","format-standard","has-post-thumbnail","hentry","category-politica","category-tierra-del-fuego"],"featured_image_urls":{"full":["https:\/\/opinionpublica.com.ar\/index\/wp-content\/uploads\/2025\/03\/gk9fhciw8aaas-gjpg-melella.webp",790,527,false],"thumbnail":["https:\/\/opinionpublica.com.ar\/index\/wp-content\/uploads\/2025\/03\/gk9fhciw8aaas-gjpg-melella-150x150.webp",150,150,true],"medium":["https:\/\/opinionpublica.com.ar\/index\/wp-content\/uploads\/2025\/03\/gk9fhciw8aaas-gjpg-melella-300x200.webp",300,200,true],"medium_large":["https:\/\/opinionpublica.com.ar\/index\/wp-content\/uploads\/2025\/03\/gk9fhciw8aaas-gjpg-melella-768x512.webp",640,427,true],"large":["https:\/\/opinionpublica.com.ar\/index\/wp-content\/uploads\/2025\/03\/gk9fhciw8aaas-gjpg-melella.webp",640,427,false],"1536x1536":["https:\/\/opinionpublica.com.ar\/index\/wp-content\/uploads\/2025\/03\/gk9fhciw8aaas-gjpg-melella.webp",790,527,false],"2048x2048":["https:\/\/opinionpublica.com.ar\/index\/wp-content\/uploads\/2025\/03\/gk9fhciw8aaas-gjpg-melella.webp",790,527,false],"morenews-large":["https:\/\/opinionpublica.com.ar\/index\/wp-content\/uploads\/2025\/03\/gk9fhciw8aaas-gjpg-melella.webp",790,527,false],"morenews-medium":["https:\/\/opinionpublica.com.ar\/index\/wp-content\/uploads\/2025\/03\/gk9fhciw8aaas-gjpg-melella-590x410.webp",590,410,true]},"author_info":{"display_name":"Hal","author_link":"https:\/\/opinionpublica.com.ar\/index\/author\/hal\/"},"category_info":"<a href=\"https:\/\/opinionpublica.com.ar\/index\/category\/politica\/\" rel=\"category tag\">Politica<\/a> <a href=\"https:\/\/opinionpublica.com.ar\/index\/category\/tierra-del-fuego\/\" rel=\"category tag\">Tierra del Fuego<\/a>","tag_info":"Tierra del Fuego","comment_count":"0","_links":{"self":[{"href":"https:\/\/opinionpublica.com.ar\/index\/wp-json\/wp\/v2\/posts\/12421","targetHints":{"allow":["GET"]}}],"collection":[{"href":"https:\/\/opinionpublica.com.ar\/index\/wp-json\/wp\/v2\/posts"}],"about":[{"href":"https:\/\/opinionpublica.com.ar\/index\/wp-json\/wp\/v2\/types\/post"}],"author":[{"embeddable":true,"href":"https:\/\/opinionpublica.com.ar\/index\/wp-json\/wp\/v2\/users\/5"}],"replies":[{"embeddable":true,"href":"https:\/\/opinionpublica.com.ar\/index\/wp-json\/wp\/v2\/comments?post=12421"}],"version-history":[{"count":2,"href":"https:\/\/opinionpublica.com.ar\/index\/wp-json\/wp\/v2\/posts\/12421\/revisions"}],"predecessor-version":[{"id":12446,"href":"https:\/\/opinionpublica.com.ar\/index\/wp-json\/wp\/v2\/posts\/12421\/revisions\/12446"}],"wp:featuredmedia":[{"embeddable":true,"href":"https:\/\/opinionpublica.com.ar\/index\/wp-json\/wp\/v2\/media\/8958"}],"wp:attachment":[{"href":"https:\/\/opinionpublica.com.ar\/index\/wp-json\/wp\/v2\/media?parent=12421"}],"wp:term":[{"taxonomy":"category","embeddable":true,"href":"https:\/\/opinionpublica.com.ar\/index\/wp-json\/wp\/v2\/categories?post=12421"},{"taxonomy":"post_tag","embeddable":true,"href":"https:\/\/opinionpublica.com.ar\/index\/wp-json\/wp\/v2\/tags?post=12421"}],"curies":[{"name":"wp","href":"https:\/\/api.w.org\/{rel}","templated":true}]}}