{"id":1243,"date":"2024-03-29T10:00:45","date_gmt":"2024-03-29T13:00:45","guid":{"rendered":"https:\/\/opinionpublica.com.ar\/index\/?p=1243"},"modified":"2024-03-29T10:00:45","modified_gmt":"2024-03-29T13:00:45","slug":"en-tierra-del-fuego-la-pobreza-aumento-segun-el-indec","status":"publish","type":"post","link":"https:\/\/opinionpublica.com.ar\/index\/en-tierra-del-fuego-la-pobreza-aumento-segun-el-indec\/","title":{"rendered":"En Tierra del Fuego la pobreza aument\u00f3 seg\u00fan el INDEC"},"content":{"rendered":"<p>Seg\u00fan las cifras del INDEC dadas a conocer en las \u00faltimas horas, el conglomerado Ushuaia-R\u00edo Grande tiene 47.247 habitantes bajo la l\u00ednea de pobreza; a nivel nacional se ubica detr\u00e1s de la Ciudad de Buenos Aires.<\/p>\n<p><a href=\"https:\/\/opinionpublica.com.ar\/index\/wp-content\/uploads\/2024\/03\/pobreza-ushuaia.jpg\"><img fetchpriority=\"high\" decoding=\"async\" class=\"alignnone  wp-image-1244\" src=\"https:\/\/opinionpublica.com.ar\/index\/wp-content\/uploads\/2024\/03\/pobreza-ushuaia-300x185.jpg\" alt=\"\" width=\"446\" height=\"275\" srcset=\"https:\/\/opinionpublica.com.ar\/index\/wp-content\/uploads\/2024\/03\/pobreza-ushuaia-300x185.jpg 300w, https:\/\/opinionpublica.com.ar\/index\/wp-content\/uploads\/2024\/03\/pobreza-ushuaia.jpg 720w\" sizes=\"(max-width: 446px) 100vw, 446px\" \/><\/a><\/p>\n<p>El\u00a0Instituto Nacional de Estad\u00edsticas y Censo\u00a0(INDEC)\u00a0public\u00f3 el informe de Pobreza e Indigencia -correspondiente al segundo semestre de 2023-, el cual arroj\u00f3 que el 26,8% de las personas que residen en Tierra del Fuego se encuentra en situaci\u00f3n de pobreza.<\/p>\n<article>\n<aside><\/aside>\n<p>Los datos provienen del aglomerado Ushuaia-R\u00edo Grande, y\u00a0en comparaci\u00f3n con el primer semestre del a\u00f1o pasado la pobreza aument\u00f3 un 1,4%\u00a0lo cual equivale a\u00a047.247 habitantes.<\/p>\n<p>Con respecto a los\u00a0hogares se registr\u00f3 que el 19,5% est\u00e1n bajo la l\u00ednea de pobreza\u00a0y representa a\u00a013.160 viviendas.<\/p>\n<p>Tambi\u00e9n indic\u00f3 que\u00a07454 personas se encuentran en situaci\u00f3n de indigencia (4,2%), mientras que en\u00a0hogares es de un 3,6% y equivale a 2.455 viviendas.<\/p>\n<p>Es necesario mencionar que los datos de pobreza e indigencia de Tierra del Fuego representan los dos m\u00e1s bajos del pa\u00eds, por detr\u00e1s de la Ciudad Aut\u00f3noma de Buenos Aires que registr\u00f3 un 21,5% y un 15% respectivamente.<\/p>\n<p>A nivel nacional la pobreza en el segundo semestre de 2023 fue del 41,7%\u00a0(12,3 millones de personas), mientras que la indigencia fue de un 11,9%.<\/p>\n<h4><\/h4>\n<\/article>\n","protected":false},"excerpt":{"rendered":"<p>Seg\u00fan las cifras del INDEC dadas a conocer en las \u00faltimas horas, el conglomerado Ushuaia-R\u00edo Grande tiene 47.247<\/p>\n","protected":false},"author":8,"featured_media":1244,"comment_status":"open","ping_status":"open","sticky":false,"template":"","format":"standard","meta":{"footnotes":""},"categories":[2],"tags":[123,122,5],"class_list":["post-1243","post","type-post","status-publish","format-standard","has-post-thumbnail","hentry","category-tierra-del-fuego","tag-indec","tag-pobreza","tag-tierra-del-fuego"],"featured_image_urls":{"full":["https:\/\/opinionpublica.com.ar\/index\/wp-content\/uploads\/2024\/03\/pobreza-ushuaia.jpg",720,443,false],"thumbnail":["https:\/\/opinionpublica.com.ar\/index\/wp-content\/uploads\/2024\/03\/pobreza-ushuaia-150x150.jpg",150,150,true],"medium":["https:\/\/opinionpublica.com.ar\/index\/wp-content\/uploads\/2024\/03\/pobreza-ushuaia-300x185.jpg",300,185,true],"medium_large":["https:\/\/opinionpublica.com.ar\/index\/wp-content\/uploads\/2024\/03\/pobreza-ushuaia.jpg",640,394,false],"large":["https:\/\/opinionpublica.com.ar\/index\/wp-content\/uploads\/2024\/03\/pobreza-ushuaia.jpg",640,394,false],"1536x1536":["https:\/\/opinionpublica.com.ar\/index\/wp-content\/uploads\/2024\/03\/pobreza-ushuaia.jpg",720,443,false],"2048x2048":["https:\/\/opinionpublica.com.ar\/index\/wp-content\/uploads\/2024\/03\/pobreza-ushuaia.jpg",720,443,false],"morenews-large":["https:\/\/opinionpublica.com.ar\/index\/wp-content\/uploads\/2024\/03\/pobreza-ushuaia.jpg",720,443,false],"morenews-medium":["https:\/\/opinionpublica.com.ar\/index\/wp-content\/uploads\/2024\/03\/pobreza-ushuaia-590x410.jpg",590,410,true]},"author_info":{"display_name":"RKing","author_link":"https:\/\/opinionpublica.com.ar\/index\/author\/rking\/"},"category_info":"<a href=\"https:\/\/opinionpublica.com.ar\/index\/category\/tierra-del-fuego\/\" rel=\"category tag\">Tierra del Fuego<\/a>","tag_info":"Tierra del Fuego","comment_count":"0","_links":{"self":[{"href":"https:\/\/opinionpublica.com.ar\/index\/wp-json\/wp\/v2\/posts\/1243","targetHints":{"allow":["GET"]}}],"collection":[{"href":"https:\/\/opinionpublica.com.ar\/index\/wp-json\/wp\/v2\/posts"}],"about":[{"href":"https:\/\/opinionpublica.com.ar\/index\/wp-json\/wp\/v2\/types\/post"}],"author":[{"embeddable":true,"href":"https:\/\/opinionpublica.com.ar\/index\/wp-json\/wp\/v2\/users\/8"}],"replies":[{"embeddable":true,"href":"https:\/\/opinionpublica.com.ar\/index\/wp-json\/wp\/v2\/comments?post=1243"}],"version-history":[{"count":1,"href":"https:\/\/opinionpublica.com.ar\/index\/wp-json\/wp\/v2\/posts\/1243\/revisions"}],"predecessor-version":[{"id":1245,"href":"https:\/\/opinionpublica.com.ar\/index\/wp-json\/wp\/v2\/posts\/1243\/revisions\/1245"}],"wp:featuredmedia":[{"embeddable":true,"href":"https:\/\/opinionpublica.com.ar\/index\/wp-json\/wp\/v2\/media\/1244"}],"wp:attachment":[{"href":"https:\/\/opinionpublica.com.ar\/index\/wp-json\/wp\/v2\/media?parent=1243"}],"wp:term":[{"taxonomy":"category","embeddable":true,"href":"https:\/\/opinionpublica.com.ar\/index\/wp-json\/wp\/v2\/categories?post=1243"},{"taxonomy":"post_tag","embeddable":true,"href":"https:\/\/opinionpublica.com.ar\/index\/wp-json\/wp\/v2\/tags?post=1243"}],"curies":[{"name":"wp","href":"https:\/\/api.w.org\/{rel}","templated":true}]}}