{"id":12432,"date":"2026-03-02T10:15:38","date_gmt":"2026-03-02T13:15:38","guid":{"rendered":"https:\/\/opinionpublica.com.ar\/index\/?p=12432"},"modified":"2026-03-02T10:15:38","modified_gmt":"2026-03-02T13:15:38","slug":"empleo-en-picada-tierra-del-fuego-una-de-las-provincias-mas-afectadas","status":"publish","type":"post","link":"https:\/\/opinionpublica.com.ar\/index\/empleo-en-picada-tierra-del-fuego-una-de-las-provincias-mas-afectadas\/","title":{"rendered":"Empleo en picada: Tierra del Fuego, una de las provincias m\u00e1s afectadas"},"content":{"rendered":"<h3>Empleo en picada: Tierra del Fuego, una de las provincias m\u00e1s afectadas<\/h3>\n<p><a href=\"https:\/\/opinionpublica.com.ar\/index\/wp-content\/uploads\/2024\/07\/textil-1024x716-1.jpg\"><img fetchpriority=\"high\" decoding=\"async\" class=\"alignnone size-full wp-image-4386\" src=\"https:\/\/opinionpublica.com.ar\/index\/wp-content\/uploads\/2024\/07\/textil-1024x716-1.jpg\" alt=\"\" width=\"1024\" height=\"716\" srcset=\"https:\/\/opinionpublica.com.ar\/index\/wp-content\/uploads\/2024\/07\/textil-1024x716-1.jpg 1024w, https:\/\/opinionpublica.com.ar\/index\/wp-content\/uploads\/2024\/07\/textil-1024x716-1-300x210.jpg 300w, https:\/\/opinionpublica.com.ar\/index\/wp-content\/uploads\/2024\/07\/textil-1024x716-1-768x537.jpg 768w\" sizes=\"(max-width: 1024px) 100vw, 1024px\" \/><\/a><\/p>\n<p>Informes econ\u00f3micos muestran que desde la asunci\u00f3n del presidente Javier Milei, Tierra del Fuego se ubica entre las provincias con mayor p\u00e9rdida de empleo en Argentina, con ca\u00eddas superiores al 5 % en el sector privado. La ca\u00edda de obra p\u00fablica y la retracci\u00f3n de la actividad productiva comprometen a\u00fan m\u00e1s las perspectivas laborales, especialmente en una provincia donde las pymes constituyen el coraz\u00f3n del tejido econ\u00f3mico.<\/p>\n<p>&nbsp;<\/p>\n","protected":false},"excerpt":{"rendered":"<p>Empleo en picada: Tierra del Fuego, una de las provincias m\u00e1s afectadas Informes econ\u00f3micos muestran que desde la<\/p>\n","protected":false},"author":5,"featured_media":4386,"comment_status":"open","ping_status":"open","sticky":false,"template":"","format":"standard","meta":{"footnotes":""},"categories":[2],"tags":[],"class_list":["post-12432","post","type-post","status-publish","format-standard","has-post-thumbnail","hentry","category-tierra-del-fuego"],"featured_image_urls":{"full":["https:\/\/opinionpublica.com.ar\/index\/wp-content\/uploads\/2024\/07\/textil-1024x716-1.jpg",1024,716,false],"thumbnail":["https:\/\/opinionpublica.com.ar\/index\/wp-content\/uploads\/2024\/07\/textil-1024x716-1-150x150.jpg",150,150,true],"medium":["https:\/\/opinionpublica.com.ar\/index\/wp-content\/uploads\/2024\/07\/textil-1024x716-1-300x210.jpg",300,210,true],"medium_large":["https:\/\/opinionpublica.com.ar\/index\/wp-content\/uploads\/2024\/07\/textil-1024x716-1-768x537.jpg",640,448,true],"large":["https:\/\/opinionpublica.com.ar\/index\/wp-content\/uploads\/2024\/07\/textil-1024x716-1.jpg",640,448,false],"1536x1536":["https:\/\/opinionpublica.com.ar\/index\/wp-content\/uploads\/2024\/07\/textil-1024x716-1.jpg",1024,716,false],"2048x2048":["https:\/\/opinionpublica.com.ar\/index\/wp-content\/uploads\/2024\/07\/textil-1024x716-1.jpg",1024,716,false],"morenews-large":["https:\/\/opinionpublica.com.ar\/index\/wp-content\/uploads\/2024\/07\/textil-1024x716-1-825x575.jpg",825,575,true],"morenews-medium":["https:\/\/opinionpublica.com.ar\/index\/wp-content\/uploads\/2024\/07\/textil-1024x716-1-590x410.jpg",590,410,true]},"author_info":{"display_name":"Hal","author_link":"https:\/\/opinionpublica.com.ar\/index\/author\/hal\/"},"category_info":"<a href=\"https:\/\/opinionpublica.com.ar\/index\/category\/tierra-del-fuego\/\" rel=\"category tag\">Tierra del Fuego<\/a>","tag_info":"Tierra del Fuego","comment_count":"0","_links":{"self":[{"href":"https:\/\/opinionpublica.com.ar\/index\/wp-json\/wp\/v2\/posts\/12432","targetHints":{"allow":["GET"]}}],"collection":[{"href":"https:\/\/opinionpublica.com.ar\/index\/wp-json\/wp\/v2\/posts"}],"about":[{"href":"https:\/\/opinionpublica.com.ar\/index\/wp-json\/wp\/v2\/types\/post"}],"author":[{"embeddable":true,"href":"https:\/\/opinionpublica.com.ar\/index\/wp-json\/wp\/v2\/users\/5"}],"replies":[{"embeddable":true,"href":"https:\/\/opinionpublica.com.ar\/index\/wp-json\/wp\/v2\/comments?post=12432"}],"version-history":[{"count":2,"href":"https:\/\/opinionpublica.com.ar\/index\/wp-json\/wp\/v2\/posts\/12432\/revisions"}],"predecessor-version":[{"id":12450,"href":"https:\/\/opinionpublica.com.ar\/index\/wp-json\/wp\/v2\/posts\/12432\/revisions\/12450"}],"wp:featuredmedia":[{"embeddable":true,"href":"https:\/\/opinionpublica.com.ar\/index\/wp-json\/wp\/v2\/media\/4386"}],"wp:attachment":[{"href":"https:\/\/opinionpublica.com.ar\/index\/wp-json\/wp\/v2\/media?parent=12432"}],"wp:term":[{"taxonomy":"category","embeddable":true,"href":"https:\/\/opinionpublica.com.ar\/index\/wp-json\/wp\/v2\/categories?post=12432"},{"taxonomy":"post_tag","embeddable":true,"href":"https:\/\/opinionpublica.com.ar\/index\/wp-json\/wp\/v2\/tags?post=12432"}],"curies":[{"name":"wp","href":"https:\/\/api.w.org\/{rel}","templated":true}]}}