{"id":12438,"date":"2026-03-02T10:26:28","date_gmt":"2026-03-02T13:26:28","guid":{"rendered":"https:\/\/opinionpublica.com.ar\/index\/?p=12438"},"modified":"2026-03-02T10:26:28","modified_gmt":"2026-03-02T13:26:28","slug":"economia-argentina-sigue-en-contraccion-y-presiona-a-las-provincias","status":"publish","type":"post","link":"https:\/\/opinionpublica.com.ar\/index\/economia-argentina-sigue-en-contraccion-y-presiona-a-las-provincias\/","title":{"rendered":"Econom\u00eda argentina sigue en contracci\u00f3n y presiona a las provincias"},"content":{"rendered":"<h3>Econom\u00eda argentina sigue en contracci\u00f3n y presiona a las provincias<\/h3>\n<p><a href=\"https:\/\/opinionpublica.com.ar\/index\/wp-content\/uploads\/2026\/03\/caida-economia-argentina.jpg\"><img fetchpriority=\"high\" decoding=\"async\" class=\"alignnone size-full wp-image-12452\" src=\"https:\/\/opinionpublica.com.ar\/index\/wp-content\/uploads\/2026\/03\/caida-economia-argentina.jpg\" alt=\"\" width=\"1806\" height=\"950\" srcset=\"https:\/\/opinionpublica.com.ar\/index\/wp-content\/uploads\/2026\/03\/caida-economia-argentina.jpg 1806w, https:\/\/opinionpublica.com.ar\/index\/wp-content\/uploads\/2026\/03\/caida-economia-argentina-300x158.jpg 300w, https:\/\/opinionpublica.com.ar\/index\/wp-content\/uploads\/2026\/03\/caida-economia-argentina-1024x539.jpg 1024w, https:\/\/opinionpublica.com.ar\/index\/wp-content\/uploads\/2026\/03\/caida-economia-argentina-768x404.jpg 768w, https:\/\/opinionpublica.com.ar\/index\/wp-content\/uploads\/2026\/03\/caida-economia-argentina-1536x808.jpg 1536w\" sizes=\"(max-width: 1806px) 100vw, 1806px\" \/><\/a><\/p>\n<p>Seg\u00fan datos recientes, la econom\u00eda nacional se contrajo por segundo mes consecutivo, afectando el consumo y la inversi\u00f3n en todo el pa\u00eds. Esta tendencia de retroceso econ\u00f3mico incrementa la presi\u00f3n sobre provincias como Tierra del Fuego, con sectores productivos ya debilitados y escaso margen fiscal para sostener est\u00edmulos internos.<\/p>\n<p>&nbsp;<\/p>\n","protected":false},"excerpt":{"rendered":"<p>Econom\u00eda argentina sigue en contracci\u00f3n y presiona a las provincias Seg\u00fan datos recientes, la econom\u00eda nacional se contrajo<\/p>\n","protected":false},"author":5,"featured_media":12452,"comment_status":"open","ping_status":"open","sticky":false,"template":"","format":"standard","meta":{"footnotes":""},"categories":[3],"tags":[],"class_list":["post-12438","post","type-post","status-publish","format-standard","has-post-thumbnail","hentry","category-nacionales"],"featured_image_urls":{"full":["https:\/\/opinionpublica.com.ar\/index\/wp-content\/uploads\/2026\/03\/caida-economia-argentina.jpg",1806,950,false],"thumbnail":["https:\/\/opinionpublica.com.ar\/index\/wp-content\/uploads\/2026\/03\/caida-economia-argentina-150x150.jpg",150,150,true],"medium":["https:\/\/opinionpublica.com.ar\/index\/wp-content\/uploads\/2026\/03\/caida-economia-argentina-300x158.jpg",300,158,true],"medium_large":["https:\/\/opinionpublica.com.ar\/index\/wp-content\/uploads\/2026\/03\/caida-economia-argentina-768x404.jpg",640,337,true],"large":["https:\/\/opinionpublica.com.ar\/index\/wp-content\/uploads\/2026\/03\/caida-economia-argentina-1024x539.jpg",640,337,true],"1536x1536":["https:\/\/opinionpublica.com.ar\/index\/wp-content\/uploads\/2026\/03\/caida-economia-argentina-1536x808.jpg",1536,808,true],"2048x2048":["https:\/\/opinionpublica.com.ar\/index\/wp-content\/uploads\/2026\/03\/caida-economia-argentina.jpg",1806,950,false],"morenews-large":["https:\/\/opinionpublica.com.ar\/index\/wp-content\/uploads\/2026\/03\/caida-economia-argentina-825x575.jpg",825,575,true],"morenews-medium":["https:\/\/opinionpublica.com.ar\/index\/wp-content\/uploads\/2026\/03\/caida-economia-argentina-590x410.jpg",590,410,true]},"author_info":{"display_name":"Hal","author_link":"https:\/\/opinionpublica.com.ar\/index\/author\/hal\/"},"category_info":"<a href=\"https:\/\/opinionpublica.com.ar\/index\/category\/nacionales\/\" rel=\"category tag\">Nacionales<\/a>","tag_info":"Nacionales","comment_count":"0","_links":{"self":[{"href":"https:\/\/opinionpublica.com.ar\/index\/wp-json\/wp\/v2\/posts\/12438","targetHints":{"allow":["GET"]}}],"collection":[{"href":"https:\/\/opinionpublica.com.ar\/index\/wp-json\/wp\/v2\/posts"}],"about":[{"href":"https:\/\/opinionpublica.com.ar\/index\/wp-json\/wp\/v2\/types\/post"}],"author":[{"embeddable":true,"href":"https:\/\/opinionpublica.com.ar\/index\/wp-json\/wp\/v2\/users\/5"}],"replies":[{"embeddable":true,"href":"https:\/\/opinionpublica.com.ar\/index\/wp-json\/wp\/v2\/comments?post=12438"}],"version-history":[{"count":2,"href":"https:\/\/opinionpublica.com.ar\/index\/wp-json\/wp\/v2\/posts\/12438\/revisions"}],"predecessor-version":[{"id":12453,"href":"https:\/\/opinionpublica.com.ar\/index\/wp-json\/wp\/v2\/posts\/12438\/revisions\/12453"}],"wp:featuredmedia":[{"embeddable":true,"href":"https:\/\/opinionpublica.com.ar\/index\/wp-json\/wp\/v2\/media\/12452"}],"wp:attachment":[{"href":"https:\/\/opinionpublica.com.ar\/index\/wp-json\/wp\/v2\/media?parent=12438"}],"wp:term":[{"taxonomy":"category","embeddable":true,"href":"https:\/\/opinionpublica.com.ar\/index\/wp-json\/wp\/v2\/categories?post=12438"},{"taxonomy":"post_tag","embeddable":true,"href":"https:\/\/opinionpublica.com.ar\/index\/wp-json\/wp\/v2\/tags?post=12438"}],"curies":[{"name":"wp","href":"https:\/\/api.w.org\/{rel}","templated":true}]}}