{"id":12440,"date":"2026-03-02T10:32:07","date_gmt":"2026-03-02T13:32:07","guid":{"rendered":"https:\/\/opinionpublica.com.ar\/index\/?p=12440"},"modified":"2026-03-02T10:32:07","modified_gmt":"2026-03-02T13:32:07","slug":"industria-local-sin-respiro-pymes-en-alerta-ante-politicas-de-apertura","status":"publish","type":"post","link":"https:\/\/opinionpublica.com.ar\/index\/industria-local-sin-respiro-pymes-en-alerta-ante-politicas-de-apertura\/","title":{"rendered":"Industria local sin respiro: pymes en alerta ante pol\u00edticas de apertura"},"content":{"rendered":"<h3>Industria local sin respiro: pymes en alerta ante pol\u00edticas de apertura<\/h3>\n<p><a href=\"https:\/\/opinionpublica.com.ar\/index\/wp-content\/uploads\/2024\/11\/martin-gunter-20221208-105-dsc-8880-editada-ushuaia.jpg\"><img fetchpriority=\"high\" decoding=\"async\" class=\"alignnone size-full wp-image-7389\" src=\"https:\/\/opinionpublica.com.ar\/index\/wp-content\/uploads\/2024\/11\/martin-gunter-20221208-105-dsc-8880-editada-ushuaia.jpg\" alt=\"\" width=\"1503\" height=\"1000\" srcset=\"https:\/\/opinionpublica.com.ar\/index\/wp-content\/uploads\/2024\/11\/martin-gunter-20221208-105-dsc-8880-editada-ushuaia.jpg 1503w, https:\/\/opinionpublica.com.ar\/index\/wp-content\/uploads\/2024\/11\/martin-gunter-20221208-105-dsc-8880-editada-ushuaia-300x200.jpg 300w, https:\/\/opinionpublica.com.ar\/index\/wp-content\/uploads\/2024\/11\/martin-gunter-20221208-105-dsc-8880-editada-ushuaia-1024x681.jpg 1024w, https:\/\/opinionpublica.com.ar\/index\/wp-content\/uploads\/2024\/11\/martin-gunter-20221208-105-dsc-8880-editada-ushuaia-768x511.jpg 768w\" sizes=\"(max-width: 1503px) 100vw, 1503px\" \/><\/a><\/p>\n<p>La matriz productiva de Tierra del Fuego est\u00e1 compuesta en m\u00e1s de un 99 % por pymes, que enfrentan presiones crecientes por la apertura de importaciones y la falta de pol\u00edticas provinciales robustas de apoyo. Analistas advierten que sin medidas concretas para fortalecer este tejido productivo, la econom\u00eda regional seguir\u00e1 debilit\u00e1ndose, con el riesgo de p\u00e9rdida de empresas y empleos.<\/p>\n<p>&nbsp;<\/p>\n","protected":false},"excerpt":{"rendered":"<p>Industria local sin respiro: pymes en alerta ante pol\u00edticas de apertura La matriz productiva de Tierra del Fuego<\/p>\n","protected":false},"author":5,"featured_media":7389,"comment_status":"open","ping_status":"open","sticky":false,"template":"","format":"standard","meta":{"footnotes":""},"categories":[2],"tags":[],"class_list":["post-12440","post","type-post","status-publish","format-standard","has-post-thumbnail","hentry","category-tierra-del-fuego"],"featured_image_urls":{"full":["https:\/\/opinionpublica.com.ar\/index\/wp-content\/uploads\/2024\/11\/martin-gunter-20221208-105-dsc-8880-editada-ushuaia.jpg",1503,1000,false],"thumbnail":["https:\/\/opinionpublica.com.ar\/index\/wp-content\/uploads\/2024\/11\/martin-gunter-20221208-105-dsc-8880-editada-ushuaia-150x150.jpg",150,150,true],"medium":["https:\/\/opinionpublica.com.ar\/index\/wp-content\/uploads\/2024\/11\/martin-gunter-20221208-105-dsc-8880-editada-ushuaia-300x200.jpg",300,200,true],"medium_large":["https:\/\/opinionpublica.com.ar\/index\/wp-content\/uploads\/2024\/11\/martin-gunter-20221208-105-dsc-8880-editada-ushuaia-768x511.jpg",640,426,true],"large":["https:\/\/opinionpublica.com.ar\/index\/wp-content\/uploads\/2024\/11\/martin-gunter-20221208-105-dsc-8880-editada-ushuaia-1024x681.jpg",640,426,true],"1536x1536":["https:\/\/opinionpublica.com.ar\/index\/wp-content\/uploads\/2024\/11\/martin-gunter-20221208-105-dsc-8880-editada-ushuaia.jpg",1503,1000,false],"2048x2048":["https:\/\/opinionpublica.com.ar\/index\/wp-content\/uploads\/2024\/11\/martin-gunter-20221208-105-dsc-8880-editada-ushuaia.jpg",1503,1000,false],"morenews-large":["https:\/\/opinionpublica.com.ar\/index\/wp-content\/uploads\/2024\/11\/martin-gunter-20221208-105-dsc-8880-editada-ushuaia-825x575.jpg",825,575,true],"morenews-medium":["https:\/\/opinionpublica.com.ar\/index\/wp-content\/uploads\/2024\/11\/martin-gunter-20221208-105-dsc-8880-editada-ushuaia-590x410.jpg",590,410,true]},"author_info":{"display_name":"Hal","author_link":"https:\/\/opinionpublica.com.ar\/index\/author\/hal\/"},"category_info":"<a href=\"https:\/\/opinionpublica.com.ar\/index\/category\/tierra-del-fuego\/\" rel=\"category tag\">Tierra del Fuego<\/a>","tag_info":"Tierra del Fuego","comment_count":"0","_links":{"self":[{"href":"https:\/\/opinionpublica.com.ar\/index\/wp-json\/wp\/v2\/posts\/12440","targetHints":{"allow":["GET"]}}],"collection":[{"href":"https:\/\/opinionpublica.com.ar\/index\/wp-json\/wp\/v2\/posts"}],"about":[{"href":"https:\/\/opinionpublica.com.ar\/index\/wp-json\/wp\/v2\/types\/post"}],"author":[{"embeddable":true,"href":"https:\/\/opinionpublica.com.ar\/index\/wp-json\/wp\/v2\/users\/5"}],"replies":[{"embeddable":true,"href":"https:\/\/opinionpublica.com.ar\/index\/wp-json\/wp\/v2\/comments?post=12440"}],"version-history":[{"count":2,"href":"https:\/\/opinionpublica.com.ar\/index\/wp-json\/wp\/v2\/posts\/12440\/revisions"}],"predecessor-version":[{"id":12454,"href":"https:\/\/opinionpublica.com.ar\/index\/wp-json\/wp\/v2\/posts\/12440\/revisions\/12454"}],"wp:featuredmedia":[{"embeddable":true,"href":"https:\/\/opinionpublica.com.ar\/index\/wp-json\/wp\/v2\/media\/7389"}],"wp:attachment":[{"href":"https:\/\/opinionpublica.com.ar\/index\/wp-json\/wp\/v2\/media?parent=12440"}],"wp:term":[{"taxonomy":"category","embeddable":true,"href":"https:\/\/opinionpublica.com.ar\/index\/wp-json\/wp\/v2\/categories?post=12440"},{"taxonomy":"post_tag","embeddable":true,"href":"https:\/\/opinionpublica.com.ar\/index\/wp-json\/wp\/v2\/tags?post=12440"}],"curies":[{"name":"wp","href":"https:\/\/api.w.org\/{rel}","templated":true}]}}