{"id":12456,"date":"2026-03-03T14:36:38","date_gmt":"2026-03-03T17:36:38","guid":{"rendered":"https:\/\/opinionpublica.com.ar\/index\/?p=12456"},"modified":"2026-03-03T14:36:38","modified_gmt":"2026-03-03T17:36:38","slug":"crisis-industrial-suspension-de-empleados-y-agravamiento-de-la-incertidumbre","status":"publish","type":"post","link":"https:\/\/opinionpublica.com.ar\/index\/crisis-industrial-suspension-de-empleados-y-agravamiento-de-la-incertidumbre\/","title":{"rendered":"Crisis industrial: suspensi\u00f3n de empleados y agravamiento de la incertidumbre"},"content":{"rendered":"<h3>Crisis industrial: suspensi\u00f3n de empleados y agravamiento de la incertidumbre<\/h3>\n<p><a href=\"https:\/\/opinionpublica.com.ar\/index\/wp-content\/uploads\/2026\/02\/aires-del-sur.jpg\"><img fetchpriority=\"high\" decoding=\"async\" class=\"alignnone size-full wp-image-12387\" src=\"https:\/\/opinionpublica.com.ar\/index\/wp-content\/uploads\/2026\/02\/aires-del-sur.jpg\" alt=\"\" width=\"940\" height=\"529\" srcset=\"https:\/\/opinionpublica.com.ar\/index\/wp-content\/uploads\/2026\/02\/aires-del-sur.jpg 940w, https:\/\/opinionpublica.com.ar\/index\/wp-content\/uploads\/2026\/02\/aires-del-sur-300x169.jpg 300w, https:\/\/opinionpublica.com.ar\/index\/wp-content\/uploads\/2026\/02\/aires-del-sur-768x432.jpg 768w\" sizes=\"(max-width: 940px) 100vw, 940px\" \/><\/a><\/p>\n<p>En Tierra del Fuego la industria electr\u00f3nica sigue en crisis: fuentes del sector reportan que la empresa Sue\u00f1o Fueguino suspendi\u00f3 a 71 trabajadores en los \u00faltimos d\u00edas, mientras se extiende la falta de definiciones frente a atrasos salariales y problemas financieros. La situaci\u00f3n se agrava en el marco de la ca\u00edda de la actividad fabril que viene golpeando a la provincia desde hace a\u00f1os, con incertidumbre sobre el futuro de plantas y empleos claves para la producci\u00f3n local. La medida encendi\u00f3 las alertas sindicales y evidencia la debilidad de la pol\u00edtica econ\u00f3mica provincial para sostener fuentes laborales en plena recesi\u00f3n nacional. La falta de soluciones estructurales por parte del Gobierno dej\u00f3 a trabajadores sin respuestas claras y a la comunidad muy preocupada por m\u00e1s despidos en el corto plazo.<\/p>\n<p>&nbsp;<\/p>\n","protected":false},"excerpt":{"rendered":"<p>Crisis industrial: suspensi\u00f3n de empleados y agravamiento de la incertidumbre En Tierra del Fuego la industria electr\u00f3nica sigue<\/p>\n","protected":false},"author":5,"featured_media":12387,"comment_status":"open","ping_status":"open","sticky":false,"template":"","format":"standard","meta":{"footnotes":""},"categories":[2],"tags":[4126,4134],"class_list":["post-12456","post","type-post","status-publish","format-standard","has-post-thumbnail","hentry","category-tierra-del-fuego","tag-crisis-industrial","tag-suspenciones"],"featured_image_urls":{"full":["https:\/\/opinionpublica.com.ar\/index\/wp-content\/uploads\/2026\/02\/aires-del-sur.jpg",940,529,false],"thumbnail":["https:\/\/opinionpublica.com.ar\/index\/wp-content\/uploads\/2026\/02\/aires-del-sur-150x150.jpg",150,150,true],"medium":["https:\/\/opinionpublica.com.ar\/index\/wp-content\/uploads\/2026\/02\/aires-del-sur-300x169.jpg",300,169,true],"medium_large":["https:\/\/opinionpublica.com.ar\/index\/wp-content\/uploads\/2026\/02\/aires-del-sur-768x432.jpg",640,360,true],"large":["https:\/\/opinionpublica.com.ar\/index\/wp-content\/uploads\/2026\/02\/aires-del-sur.jpg",640,360,false],"1536x1536":["https:\/\/opinionpublica.com.ar\/index\/wp-content\/uploads\/2026\/02\/aires-del-sur.jpg",940,529,false],"2048x2048":["https:\/\/opinionpublica.com.ar\/index\/wp-content\/uploads\/2026\/02\/aires-del-sur.jpg",940,529,false],"morenews-large":["https:\/\/opinionpublica.com.ar\/index\/wp-content\/uploads\/2026\/02\/aires-del-sur-825x529.jpg",825,529,true],"morenews-medium":["https:\/\/opinionpublica.com.ar\/index\/wp-content\/uploads\/2026\/02\/aires-del-sur-590x410.jpg",590,410,true]},"author_info":{"display_name":"Hal","author_link":"https:\/\/opinionpublica.com.ar\/index\/author\/hal\/"},"category_info":"<a href=\"https:\/\/opinionpublica.com.ar\/index\/category\/tierra-del-fuego\/\" rel=\"category tag\">Tierra del Fuego<\/a>","tag_info":"Tierra del Fuego","comment_count":"0","_links":{"self":[{"href":"https:\/\/opinionpublica.com.ar\/index\/wp-json\/wp\/v2\/posts\/12456","targetHints":{"allow":["GET"]}}],"collection":[{"href":"https:\/\/opinionpublica.com.ar\/index\/wp-json\/wp\/v2\/posts"}],"about":[{"href":"https:\/\/opinionpublica.com.ar\/index\/wp-json\/wp\/v2\/types\/post"}],"author":[{"embeddable":true,"href":"https:\/\/opinionpublica.com.ar\/index\/wp-json\/wp\/v2\/users\/5"}],"replies":[{"embeddable":true,"href":"https:\/\/opinionpublica.com.ar\/index\/wp-json\/wp\/v2\/comments?post=12456"}],"version-history":[{"count":4,"href":"https:\/\/opinionpublica.com.ar\/index\/wp-json\/wp\/v2\/posts\/12456\/revisions"}],"predecessor-version":[{"id":12477,"href":"https:\/\/opinionpublica.com.ar\/index\/wp-json\/wp\/v2\/posts\/12456\/revisions\/12477"}],"wp:featuredmedia":[{"embeddable":true,"href":"https:\/\/opinionpublica.com.ar\/index\/wp-json\/wp\/v2\/media\/12387"}],"wp:attachment":[{"href":"https:\/\/opinionpublica.com.ar\/index\/wp-json\/wp\/v2\/media?parent=12456"}],"wp:term":[{"taxonomy":"category","embeddable":true,"href":"https:\/\/opinionpublica.com.ar\/index\/wp-json\/wp\/v2\/categories?post=12456"},{"taxonomy":"post_tag","embeddable":true,"href":"https:\/\/opinionpublica.com.ar\/index\/wp-json\/wp\/v2\/tags?post=12456"}],"curies":[{"name":"wp","href":"https:\/\/api.w.org\/{rel}","templated":true}]}}