{"id":12458,"date":"2026-03-03T14:28:10","date_gmt":"2026-03-03T17:28:10","guid":{"rendered":"https:\/\/opinionpublica.com.ar\/index\/?p=12458"},"modified":"2026-03-03T14:28:10","modified_gmt":"2026-03-03T17:28:10","slug":"melella-inaugura-sesiones-con-duras-criticas-a-la-gestion-nacional","status":"publish","type":"post","link":"https:\/\/opinionpublica.com.ar\/index\/melella-inaugura-sesiones-con-duras-criticas-a-la-gestion-nacional\/","title":{"rendered":"Melella inaugura sesiones con duras cr\u00edticas a la gesti\u00f3n nacional"},"content":{"rendered":"<h3>Melella inaugura sesiones con duras cr\u00edticas a la gesti\u00f3n nacional<\/h3>\n<p><a href=\"https:\/\/opinionpublica.com.ar\/index\/wp-content\/uploads\/2024\/04\/legislatura-provincial-tdf.jpg\"><img fetchpriority=\"high\" decoding=\"async\" class=\"alignnone size-full wp-image-2478\" src=\"https:\/\/opinionpublica.com.ar\/index\/wp-content\/uploads\/2024\/04\/legislatura-provincial-tdf.jpg\" alt=\"\" width=\"750\" height=\"500\" srcset=\"https:\/\/opinionpublica.com.ar\/index\/wp-content\/uploads\/2024\/04\/legislatura-provincial-tdf.jpg 750w, https:\/\/opinionpublica.com.ar\/index\/wp-content\/uploads\/2024\/04\/legislatura-provincial-tdf-300x200.jpg 300w\" sizes=\"(max-width: 750px) 100vw, 750px\" \/><\/a><\/p>\n<p>El gobernador de Tierra del Fuego, Gustavo Melella, inaugur\u00f3 el per\u00edodo legislativo con un discurso de fuerte contenido pol\u00edtico contra el Gobierno nacional. Melella calific\u00f3 al programa econ\u00f3mico actual como un \u201cfracaso absoluto\u201d que perjudica al empleo, cierra empresas y deteriora la infraestructura provincial. Seg\u00fan el mandatario, la provincia perdi\u00f3 en coparticipaci\u00f3n real hasta 60.000 millones de pesos, dinero que podr\u00eda haber financiado escuelas, hospitales y equipamiento policial. El discurso tambi\u00e9n sirvi\u00f3 para anunciar reformas estatales internas bajo la marca del supuesto \u201cnuevo impulso\u201d, pero sin detallar c\u00f3mo revertir\u00e1 la ca\u00edda de la actividad econ\u00f3mica ni el desfinanciamiento real que enfrenta la provincia.<\/p>\n<p>&nbsp;<\/p>\n","protected":false},"excerpt":{"rendered":"<p>Melella inaugura sesiones con duras cr\u00edticas a la gesti\u00f3n nacional El gobernador de Tierra del Fuego, Gustavo Melella,<\/p>\n","protected":false},"author":5,"featured_media":1031,"comment_status":"open","ping_status":"open","sticky":false,"template":"","format":"standard","meta":{"footnotes":""},"categories":[2],"tags":[134,2275],"class_list":["post-12458","post","type-post","status-publish","format-standard","has-post-thumbnail","hentry","category-tierra-del-fuego","tag-gustavo-melella","tag-legislatura-fueguina"],"featured_image_urls":{"full":["https:\/\/opinionpublica.com.ar\/index\/wp-content\/uploads\/2024\/03\/legislatura-provincial.jpg",1800,1200,false],"thumbnail":["https:\/\/opinionpublica.com.ar\/index\/wp-content\/uploads\/2024\/03\/legislatura-provincial-150x150.jpg",150,150,true],"medium":["https:\/\/opinionpublica.com.ar\/index\/wp-content\/uploads\/2024\/03\/legislatura-provincial-300x200.jpg",300,200,true],"medium_large":["https:\/\/opinionpublica.com.ar\/index\/wp-content\/uploads\/2024\/03\/legislatura-provincial-768x512.jpg",640,427,true],"large":["https:\/\/opinionpublica.com.ar\/index\/wp-content\/uploads\/2024\/03\/legislatura-provincial-1024x683.jpg",640,427,true],"1536x1536":["https:\/\/opinionpublica.com.ar\/index\/wp-content\/uploads\/2024\/03\/legislatura-provincial-1536x1024.jpg",1536,1024,true],"2048x2048":["https:\/\/opinionpublica.com.ar\/index\/wp-content\/uploads\/2024\/03\/legislatura-provincial.jpg",1800,1200,false],"morenews-large":["https:\/\/opinionpublica.com.ar\/index\/wp-content\/uploads\/2024\/03\/legislatura-provincial-825x575.jpg",825,575,true],"morenews-medium":["https:\/\/opinionpublica.com.ar\/index\/wp-content\/uploads\/2024\/03\/legislatura-provincial-590x410.jpg",590,410,true]},"author_info":{"display_name":"Hal","author_link":"https:\/\/opinionpublica.com.ar\/index\/author\/hal\/"},"category_info":"<a href=\"https:\/\/opinionpublica.com.ar\/index\/category\/tierra-del-fuego\/\" rel=\"category tag\">Tierra del Fuego<\/a>","tag_info":"Tierra del Fuego","comment_count":"0","_links":{"self":[{"href":"https:\/\/opinionpublica.com.ar\/index\/wp-json\/wp\/v2\/posts\/12458","targetHints":{"allow":["GET"]}}],"collection":[{"href":"https:\/\/opinionpublica.com.ar\/index\/wp-json\/wp\/v2\/posts"}],"about":[{"href":"https:\/\/opinionpublica.com.ar\/index\/wp-json\/wp\/v2\/types\/post"}],"author":[{"embeddable":true,"href":"https:\/\/opinionpublica.com.ar\/index\/wp-json\/wp\/v2\/users\/5"}],"replies":[{"embeddable":true,"href":"https:\/\/opinionpublica.com.ar\/index\/wp-json\/wp\/v2\/comments?post=12458"}],"version-history":[{"count":1,"href":"https:\/\/opinionpublica.com.ar\/index\/wp-json\/wp\/v2\/posts\/12458\/revisions"}],"predecessor-version":[{"id":12476,"href":"https:\/\/opinionpublica.com.ar\/index\/wp-json\/wp\/v2\/posts\/12458\/revisions\/12476"}],"wp:featuredmedia":[{"embeddable":true,"href":"https:\/\/opinionpublica.com.ar\/index\/wp-json\/wp\/v2\/media\/1031"}],"wp:attachment":[{"href":"https:\/\/opinionpublica.com.ar\/index\/wp-json\/wp\/v2\/media?parent=12458"}],"wp:term":[{"taxonomy":"category","embeddable":true,"href":"https:\/\/opinionpublica.com.ar\/index\/wp-json\/wp\/v2\/categories?post=12458"},{"taxonomy":"post_tag","embeddable":true,"href":"https:\/\/opinionpublica.com.ar\/index\/wp-json\/wp\/v2\/tags?post=12458"}],"curies":[{"name":"wp","href":"https:\/\/api.w.org\/{rel}","templated":true}]}}