{"id":1246,"date":"2024-03-29T10:11:33","date_gmt":"2024-03-29T13:11:33","guid":{"rendered":"https:\/\/opinionpublica.com.ar\/index\/?p=1246"},"modified":"2024-03-29T10:11:33","modified_gmt":"2024-03-29T13:11:33","slug":"melella-no-es-tiempo-hoy-pero-es-necesaria-la-reforma-de-la-constitucion-provincial","status":"publish","type":"post","link":"https:\/\/opinionpublica.com.ar\/index\/melella-no-es-tiempo-hoy-pero-es-necesaria-la-reforma-de-la-constitucion-provincial\/","title":{"rendered":"Melella: No es tiempo hoy pero es necesaria la reforma de la Constituci\u00f3n Provincial"},"content":{"rendered":"<p>En un a\u00f1o en el que por ley se defini\u00f3 la llamada a una Convenci\u00f3n Constituyente para reformar la Carta Magna provincial, el gobernador a\u00fan no adelant\u00f3 plazos ciertos a la convocatoria, pero habl\u00f3 de su necesidad.<\/p>\n<p><a href=\"https:\/\/opinionpublica.com.ar\/index\/wp-content\/uploads\/2024\/03\/gustavo-mellela.jpg\"><img fetchpriority=\"high\" decoding=\"async\" class=\"alignnone  wp-image-331\" src=\"https:\/\/opinionpublica.com.ar\/index\/wp-content\/uploads\/2024\/03\/gustavo-mellela.jpg\" alt=\"\" width=\"491\" height=\"275\" \/><\/a><\/p>\n<p>El gobernador Gustavo Melella expres\u00f3, \u201cseparo el tiempo coyuntural que vivimos, no es tiempo de nada hoy, se cae la econom\u00eda, la salud se cae todo, ahora \u00bfes necesaria la reforma?, si es necesaria, entonces la discusi\u00f3n voy a seguir d\u00e1ndola\u201d, expres\u00f3.<\/p>\n<p>\u201cAlgunos piensan en el 2027 y piensan que Melella quiere seguir eternamente, para la \u00faltima sesi\u00f3n saben la cantidad que operaron y hoy se hacen las carmelitas descalzas, hasta llamaron a legisladores para no votarla\u201d, dijo.<\/p>\n<p>\u201cLa reforma hay que hacerla si queremos una transformaci\u00f3n en la provincia, por que seguir con los cargos vitalicios hay que limitar los per\u00edodos de elecci\u00f3n de los legisladores, dos como el gobernador. \u00bfPor qu\u00e9 tienen que estar para siempre?. No deben existir mas los cargos vitalicios\u201d, dijo Melella en declaraciones radicales.<\/p>\n<p>A ello sum\u00f3 otros temas a modificar como \u201cla no intervenci\u00f3n de la pol\u00edtica en la elecci\u00f3n de jueces\u201d y \u201cdefinir los limites de la provincia\u201d.<\/p>\n<p>Respecto de su reelecci\u00f3n dijo \u201cno se si quiero ser\u201d.<\/p>\n","protected":false},"excerpt":{"rendered":"<p>En un a\u00f1o en el que por ley se defini\u00f3 la llamada a una Convenci\u00f3n Constituyente para reformar<\/p>\n","protected":false},"author":8,"featured_media":564,"comment_status":"open","ping_status":"open","sticky":false,"template":"","format":"standard","meta":{"footnotes":""},"categories":[27,2],"tags":[329,134,35,331,5],"class_list":["post-1246","post","type-post","status-publish","format-standard","has-post-thumbnail","hentry","category-politica","category-tierra-del-fuego","tag-constitucion-provincial","tag-gustavo-melella","tag-politica","tag-reforma","tag-tierra-del-fuego"],"featured_image_urls":{"full":["https:\/\/opinionpublica.com.ar\/index\/wp-content\/uploads\/2024\/03\/melella-gobernador.jpeg",960,640,false],"thumbnail":["https:\/\/opinionpublica.com.ar\/index\/wp-content\/uploads\/2024\/03\/melella-gobernador-150x150.jpeg",150,150,true],"medium":["https:\/\/opinionpublica.com.ar\/index\/wp-content\/uploads\/2024\/03\/melella-gobernador-300x200.jpeg",300,200,true],"medium_large":["https:\/\/opinionpublica.com.ar\/index\/wp-content\/uploads\/2024\/03\/melella-gobernador-768x512.jpeg",640,427,true],"large":["https:\/\/opinionpublica.com.ar\/index\/wp-content\/uploads\/2024\/03\/melella-gobernador.jpeg",640,427,false],"1536x1536":["https:\/\/opinionpublica.com.ar\/index\/wp-content\/uploads\/2024\/03\/melella-gobernador.jpeg",960,640,false],"2048x2048":["https:\/\/opinionpublica.com.ar\/index\/wp-content\/uploads\/2024\/03\/melella-gobernador.jpeg",960,640,false],"morenews-large":["https:\/\/opinionpublica.com.ar\/index\/wp-content\/uploads\/2024\/03\/melella-gobernador-825x575.jpeg",825,575,true],"morenews-medium":["https:\/\/opinionpublica.com.ar\/index\/wp-content\/uploads\/2024\/03\/melella-gobernador-590x410.jpeg",590,410,true]},"author_info":{"display_name":"RKing","author_link":"https:\/\/opinionpublica.com.ar\/index\/author\/rking\/"},"category_info":"<a href=\"https:\/\/opinionpublica.com.ar\/index\/category\/politica\/\" rel=\"category tag\">Politica<\/a> <a href=\"https:\/\/opinionpublica.com.ar\/index\/category\/tierra-del-fuego\/\" rel=\"category tag\">Tierra del Fuego<\/a>","tag_info":"Tierra del Fuego","comment_count":"0","_links":{"self":[{"href":"https:\/\/opinionpublica.com.ar\/index\/wp-json\/wp\/v2\/posts\/1246","targetHints":{"allow":["GET"]}}],"collection":[{"href":"https:\/\/opinionpublica.com.ar\/index\/wp-json\/wp\/v2\/posts"}],"about":[{"href":"https:\/\/opinionpublica.com.ar\/index\/wp-json\/wp\/v2\/types\/post"}],"author":[{"embeddable":true,"href":"https:\/\/opinionpublica.com.ar\/index\/wp-json\/wp\/v2\/users\/8"}],"replies":[{"embeddable":true,"href":"https:\/\/opinionpublica.com.ar\/index\/wp-json\/wp\/v2\/comments?post=1246"}],"version-history":[{"count":1,"href":"https:\/\/opinionpublica.com.ar\/index\/wp-json\/wp\/v2\/posts\/1246\/revisions"}],"predecessor-version":[{"id":1247,"href":"https:\/\/opinionpublica.com.ar\/index\/wp-json\/wp\/v2\/posts\/1246\/revisions\/1247"}],"wp:featuredmedia":[{"embeddable":true,"href":"https:\/\/opinionpublica.com.ar\/index\/wp-json\/wp\/v2\/media\/564"}],"wp:attachment":[{"href":"https:\/\/opinionpublica.com.ar\/index\/wp-json\/wp\/v2\/media?parent=1246"}],"wp:term":[{"taxonomy":"category","embeddable":true,"href":"https:\/\/opinionpublica.com.ar\/index\/wp-json\/wp\/v2\/categories?post=1246"},{"taxonomy":"post_tag","embeddable":true,"href":"https:\/\/opinionpublica.com.ar\/index\/wp-json\/wp\/v2\/tags?post=1246"}],"curies":[{"name":"wp","href":"https:\/\/api.w.org\/{rel}","templated":true}]}}