{"id":12464,"date":"2026-03-03T14:50:16","date_gmt":"2026-03-03T17:50:16","guid":{"rendered":"https:\/\/opinionpublica.com.ar\/index\/?p=12464"},"modified":"2026-03-03T14:50:16","modified_gmt":"2026-03-03T17:50:16","slug":"gobierno-confirma-cronograma-de-pagos-tras-semanas-de-incertidumbre","status":"publish","type":"post","link":"https:\/\/opinionpublica.com.ar\/index\/gobierno-confirma-cronograma-de-pagos-tras-semanas-de-incertidumbre\/","title":{"rendered":"Gobierno confirma cronograma de pagos tras semanas de incertidumbre"},"content":{"rendered":"<h3>Gobierno confirma cronograma de pagos tras semanas de incertidumbre<\/h3>\n<p><a href=\"https:\/\/opinionpublica.com.ar\/index\/wp-content\/uploads\/2025\/02\/20250218112544a16799a09dfbd5e1cbdb09b321dde015-casa-de-gobierno.jpg\"><img fetchpriority=\"high\" decoding=\"async\" class=\"alignnone size-full wp-image-8603\" src=\"https:\/\/opinionpublica.com.ar\/index\/wp-content\/uploads\/2025\/02\/20250218112544a16799a09dfbd5e1cbdb09b321dde015-casa-de-gobierno.jpg\" alt=\"\" width=\"800\" height=\"533\" srcset=\"https:\/\/opinionpublica.com.ar\/index\/wp-content\/uploads\/2025\/02\/20250218112544a16799a09dfbd5e1cbdb09b321dde015-casa-de-gobierno.jpg 800w, https:\/\/opinionpublica.com.ar\/index\/wp-content\/uploads\/2025\/02\/20250218112544a16799a09dfbd5e1cbdb09b321dde015-casa-de-gobierno-300x200.jpg 300w, https:\/\/opinionpublica.com.ar\/index\/wp-content\/uploads\/2025\/02\/20250218112544a16799a09dfbd5e1cbdb09b321dde015-casa-de-gobierno-768x512.jpg 768w\" sizes=\"(max-width: 800px) 100vw, 800px\" \/><\/a><\/p>\n<p>Luego de d\u00edas de silencio e incumplimientos, el Gobierno de Tierra del Fuego confirm\u00f3 finalmente el cronograma de pago de salarios, pensiones y planes sociales, luego de fallas repetidas en las fechas prometidas. La crisis financiera provincial qued\u00f3 expuesta ante la opini\u00f3n p\u00fablica despu\u00e9s de la acumulaci\u00f3n de reclamos de beneficiarios que vieron retrasados sus haberes, alimentando malestar social y desconfianza en la gesti\u00f3n. El comunicado oficial llega en un contexto donde el desorden administrativo y la falta de previsibilidad econ\u00f3mica ponen en riesgo la estabilidad social, especialmente para sectores vulnerables que dependen de ingresos regulares para subsistir.<\/p>\n<p>&nbsp;<\/p>\n<p>&nbsp;<\/p>\n<p>&nbsp;<\/p>\n","protected":false},"excerpt":{"rendered":"<p>Gobierno confirma cronograma de pagos tras semanas de incertidumbre Luego de d\u00edas de silencio e incumplimientos, el Gobierno<\/p>\n","protected":false},"author":5,"featured_media":8603,"comment_status":"open","ping_status":"open","sticky":false,"template":"","format":"standard","meta":{"footnotes":""},"categories":[29,2],"tags":[4135,701],"class_list":["post-12464","post","type-post","status-publish","format-standard","has-post-thumbnail","hentry","category-interes-general","category-tierra-del-fuego","tag-cronograma-de-pagos","tag-gobierno-provincial"],"featured_image_urls":{"full":["https:\/\/opinionpublica.com.ar\/index\/wp-content\/uploads\/2025\/02\/20250218112544a16799a09dfbd5e1cbdb09b321dde015-casa-de-gobierno.jpg",800,533,false],"thumbnail":["https:\/\/opinionpublica.com.ar\/index\/wp-content\/uploads\/2025\/02\/20250218112544a16799a09dfbd5e1cbdb09b321dde015-casa-de-gobierno-150x150.jpg",150,150,true],"medium":["https:\/\/opinionpublica.com.ar\/index\/wp-content\/uploads\/2025\/02\/20250218112544a16799a09dfbd5e1cbdb09b321dde015-casa-de-gobierno-300x200.jpg",300,200,true],"medium_large":["https:\/\/opinionpublica.com.ar\/index\/wp-content\/uploads\/2025\/02\/20250218112544a16799a09dfbd5e1cbdb09b321dde015-casa-de-gobierno-768x512.jpg",640,427,true],"large":["https:\/\/opinionpublica.com.ar\/index\/wp-content\/uploads\/2025\/02\/20250218112544a16799a09dfbd5e1cbdb09b321dde015-casa-de-gobierno.jpg",640,426,false],"1536x1536":["https:\/\/opinionpublica.com.ar\/index\/wp-content\/uploads\/2025\/02\/20250218112544a16799a09dfbd5e1cbdb09b321dde015-casa-de-gobierno.jpg",800,533,false],"2048x2048":["https:\/\/opinionpublica.com.ar\/index\/wp-content\/uploads\/2025\/02\/20250218112544a16799a09dfbd5e1cbdb09b321dde015-casa-de-gobierno.jpg",800,533,false],"morenews-large":["https:\/\/opinionpublica.com.ar\/index\/wp-content\/uploads\/2025\/02\/20250218112544a16799a09dfbd5e1cbdb09b321dde015-casa-de-gobierno.jpg",800,533,false],"morenews-medium":["https:\/\/opinionpublica.com.ar\/index\/wp-content\/uploads\/2025\/02\/20250218112544a16799a09dfbd5e1cbdb09b321dde015-casa-de-gobierno-590x410.jpg",590,410,true]},"author_info":{"display_name":"Hal","author_link":"https:\/\/opinionpublica.com.ar\/index\/author\/hal\/"},"category_info":"<a href=\"https:\/\/opinionpublica.com.ar\/index\/category\/interes-general\/\" rel=\"category tag\">Interes General<\/a> <a href=\"https:\/\/opinionpublica.com.ar\/index\/category\/tierra-del-fuego\/\" rel=\"category tag\">Tierra del Fuego<\/a>","tag_info":"Tierra del Fuego","comment_count":"0","_links":{"self":[{"href":"https:\/\/opinionpublica.com.ar\/index\/wp-json\/wp\/v2\/posts\/12464","targetHints":{"allow":["GET"]}}],"collection":[{"href":"https:\/\/opinionpublica.com.ar\/index\/wp-json\/wp\/v2\/posts"}],"about":[{"href":"https:\/\/opinionpublica.com.ar\/index\/wp-json\/wp\/v2\/types\/post"}],"author":[{"embeddable":true,"href":"https:\/\/opinionpublica.com.ar\/index\/wp-json\/wp\/v2\/users\/5"}],"replies":[{"embeddable":true,"href":"https:\/\/opinionpublica.com.ar\/index\/wp-json\/wp\/v2\/comments?post=12464"}],"version-history":[{"count":2,"href":"https:\/\/opinionpublica.com.ar\/index\/wp-json\/wp\/v2\/posts\/12464\/revisions"}],"predecessor-version":[{"id":12478,"href":"https:\/\/opinionpublica.com.ar\/index\/wp-json\/wp\/v2\/posts\/12464\/revisions\/12478"}],"wp:featuredmedia":[{"embeddable":true,"href":"https:\/\/opinionpublica.com.ar\/index\/wp-json\/wp\/v2\/media\/8603"}],"wp:attachment":[{"href":"https:\/\/opinionpublica.com.ar\/index\/wp-json\/wp\/v2\/media?parent=12464"}],"wp:term":[{"taxonomy":"category","embeddable":true,"href":"https:\/\/opinionpublica.com.ar\/index\/wp-json\/wp\/v2\/categories?post=12464"},{"taxonomy":"post_tag","embeddable":true,"href":"https:\/\/opinionpublica.com.ar\/index\/wp-json\/wp\/v2\/tags?post=12464"}],"curies":[{"name":"wp","href":"https:\/\/api.w.org\/{rel}","templated":true}]}}